{"id":13847,"date":"2016-05-21T15:30:52","date_gmt":"2016-05-21T13:30:52","guid":{"rendered":"http:\/\/www.kuranvesunnetyolunda.com\/?p=13847"},"modified":"2016-05-21T15:30:52","modified_gmt":"2016-05-21T13:30:52","slug":"hayir-vallahi-silemem","status":"publish","type":"post","link":"https:\/\/www.kuranvesunnetyolunda.com\/?p=13847","title":{"rendered":"Hay\u0131r, Vallahi Silemem!"},"content":{"rendered":"<p><b>Hudeybiye Mus\u00e2lahas\u0131<\/b> i\u00e7in yaz\u0131 malzemesi haz\u0131rlan\u0131nca, Ras\u00fblullah Efendimiz r anla\u015fmay\u0131 yazacak birini \u00e7a\u011f\u0131rmak istediler ve Evs bin Havl\u00ee\u2019yi \u00e7a\u011f\u0131rd\u0131lar. Kurey\u015fin temsilcisi S\u00fchey bin Amr:<\/p>\n<p>\u201c\u2013Bunu amcan\u0131n o\u011flu Ali\u2019den veya Osman bin Aff\u00e2n\u2019dan ba\u015fkas\u0131 yazmas\u0131n!\u201d dedi.<\/p>\n<p>Bunun \u00fczerine Ras\u00fblullah Efendimiz r <b><i>Hz. Ali\u2019yi \u00e7a\u011f\u0131rd\u0131lar<\/i><\/b> ve ona:<\/p>\n<p><i>\u201c\u2013Yaz!\u201d<\/i> buyurdular: \u201cBismillahirrahm\u00e2nirrah\u00eem!\u201d S\u00fcheyl hemen <b>Hz. Ali<\/b>\u2019nin elini tutup:<\/p>\n<p>\u201c\u2013Ben bunu bilmiyorum! \u00abBismillah\u00bb\u0131 anlad\u0131k ancak \u00abBismillahi\u2019r-Rahm\u00e2ni\u2019r-Rah\u00eem\u00bb nedir? Vallahi ben Rahman s\u00f6z\u00fcn\u00fcn m\u00e2hiyetini bilmiyorum\u201d dedi. Ras\u00fblullah r:<\/p>\n<p><i>\u201c\u2013\u00d6yleyse nas\u0131l yazal\u0131m?\u201d<\/i> diye sordular. S\u00fcheyl:<\/p>\n<p>\u201c\u2013Sen bizim bildi\u011fimiz \u015feyi, Sen\u2019in de yaz\u0131lar\u0131nda yazd\u0131rageldi\u011fin gibi \u00abBismikallah\u00fcmme: Allah\u2019\u0131m! Senin isminle ba\u015flar\u0131m!\u00bb diye yazd\u0131r!\u201d dedi.<\/p>\n<p>S\u00fcheyl ve arkada\u015flar\u0131n\u0131n Besmele\u2019ye b\u00f6yle itiraz etmeleri m\u00fcsl\u00fcmanlar\u0131n can\u0131n\u0131 s\u0131kt\u0131:<\/p>\n<p>\u201c\u2013Vallahi biz Besmele\u2019den ba\u015fkas\u0131n\u0131 yazmay\u0131z!\u201d dediler. S\u00fcheyl:<\/p>\n<p>\u201c\u2013\u00d6yleyse ben de kesinlikle sulh yapmam, i\u015fi oldu\u011fu yerde b\u0131rak\u0131r\u0131m!\u201d dedi. Ras\u00fblullah r:<i><\/i><\/p>\n<p><i>\u201c\u2013Bu \u00abBismikallah\u00fcmme\u00bb de g\u00fczeldir!\u201d<\/i> buyurduktan sonra Hz. Ali\u2019ye:<\/p>\n<p><i>\u201c\u2013Haydi, yaz\u201d<\/i> buyurdular: <b>\u201cBismikallah\u00fcmme!\u201d <\/b>Hz. Ali t \u00f6yle yazd\u0131. Sonra Ras\u00fblullah r:<\/p>\n<p><i>\u201c\u2013Yaz ey Ali!\u201d <\/i>buyurdular: <i>\u201cBu, Muhammed Ras\u00fblullah\u2019\u0131n S\u00fcheyl ile \u00fczerinde anla\u015fmaya var\u0131p imzalad\u0131\u011f\u0131 bar\u0131\u015f yaz\u0131s\u0131d\u0131r.\u201d<\/i><\/p>\n<p>S\u00fcheyl tekrar <b>Hz. Ali<\/b>\u2019nin elini tuttu ve Peygamber Efendimiz\u2019e:<\/p>\n<p>\u201c\u2013\u00abMuhammed Ras\u00fblullah\u00bb yazd\u0131rma! Vallahi biz Sen\u2019in Ras\u00fblullah oldu\u011funu tasdik etseydik Sen\u2019i Beytullah\u2019\u0131 ziyaretten men etmez, Sen\u2019inle \u00e7arp\u0131\u015fmaya kalkmazd\u0131k. \u00abMuhammed bin Abdullah\u00bb diye kendinin ve baban\u0131n ismini yazd\u0131r!\u201d dedi. Ras\u00fblullah Efendimiz r:<\/p>\n<p><i>\u201c\u2013\u00d6yle yaz\u0131n\u0131z! Ben vallahi hem \u00abMuhammed bin Abdullah\u00bb\u0131m, hem de \u00abRas\u00fblullah\u00bb\u0131m! Vallahi siz beni ne kadar yalanlasan\u0131z da ben hi\u00e7 \u015f\u00fcphesiz Ras\u00fblullah\u2019\u0131m. Sulh metnine kendi ismimi ve babam\u0131n ismini yazd\u0131rmak benim peygamberli\u011fime halel getirmez!\u201d<\/i> buyurdular. Sonra da:<\/p>\n<p><i>\u201c\u2013Ey Ali! \u00abRas\u00fblullah\u00bb kelimesini sil de \u00abMuhammed bin Abdullah\u00bb yaz!\u201d<\/i> buyurdular.<\/p>\n<p>M\u00fcsl\u00fcmanlar kendilerini tutamay\u0131p S\u00fcheyl\u2019e kar\u015f\u0131 seslerini y\u00fckselttiler. Baz\u0131lar\u0131 aya\u011fa kalk\u0131p:<\/p>\n<p>\u201c\u2013Biz \u00abMuhammed Ras\u00fblullah\u00bbtan ba\u015fkas\u0131n\u0131 yazd\u0131rmay\u0131z!\u201d dediler. Ras\u00fblullah r eliyle onlara i\u015faret ederek seslerini k\u0131smalar\u0131n\u0131 ve susmalar\u0131n\u0131 s\u00f6ylediler, onlar da sustular. <b>Hz. Ali<\/b> t:<\/p>\n<p>\u201c\u2013Hay\u0131r, vallahi ben \u00abRas\u00fblullah\u00bb kelimelerini silemem. Varl\u0131\u011f\u0131m kudret elinde bulunan Allah\u2019a yemin ederim ki ben \u00abRas\u00fblullah\u00bb s\u0131fat\u0131n\u0131 hi\u00e7bir zaman silemeyece\u011fim!\u201d dedi.<\/p>\n<p>Allah Ras\u00fbl\u00fc r:<\/p>\n<p><i>\u201c\u2013Bana onun yerini g\u00f6ster!\u201d <\/i>buyurdular. Hz. Ali g\u00f6sterince Ras\u00fblullah Efendimiz r onu eliyle sildiler. Yerine \u00abMuhammed bin Abdullah\u00bb yazd\u0131rd\u0131ktan sonra Hz. Ali\u2019ye bar\u0131\u015f maddelerini yazd\u0131rmaya ba\u015flad\u0131lar\u2026<a title=\"\" href=\"file:\/\/\/C:\/Users\/murat.kaya\/Desktop\/Hz_Ali.rtf#_ftn1\">[1]<\/a><\/p>\n<div><br clear=\"all\" \/><\/p>\n<hr align=\"left\" size=\"1\" width=\"33%\" \/>\n<div>\n<p><a title=\"\" href=\"file:\/\/\/C:\/Users\/murat.kaya\/Desktop\/Hz_Ali.rtf#_ftnref1\">[1]<\/a> Bkz. Buh\u00e2r\u00ee, Sulh, 6; Me\u011f\u00e2z\u00ee, 35; \u015eur\u00fbt, 15; M\u00fcslim, Cih\u00e2d, 90-97; Ahmed, I, 342; III, 268; IV, 86-87, 291, 325, 330; \u0130bn-i Hi\u015f\u00e2m, III, 366; V\u00e2k\u0131d\u00ee, II, 608-611; \u0130bn-i Sa\u2018d, II, 97; Beyhak\u00ee, <i>K\u00fcbr\u00e2<\/i>, IX, 226, 227; Bel\u00e2zur\u00ee, I, 349-350; Taber\u00ee, <i>T\u00e2rih,<\/i> III, 79-80.<\/p>\n<\/div>\n<\/div>\n","protected":false},"excerpt":{"rendered":"<p>Hudeybiye Mus\u00e2lahas\u0131 i\u00e7in yaz\u0131 malzemesi haz\u0131rlan\u0131nca, Ras\u00fblullah Efendimiz r anla\u015fmay\u0131 yazacak birini \u00e7a\u011f\u0131rmak istediler ve Evs bin Havl\u00ee\u2019yi \u00e7a\u011f\u0131rd\u0131lar. Kurey\u015fin temsilcisi S\u00fchey bin Amr: \u201c\u2013Bunu amcan\u0131n o\u011flu Ali\u2019den veya Osman&hellip; <\/p>\n","protected":false},"author":2,"featured_media":0,"comment_status":"closed","ping_status":"closed","sticky":false,"template":"","format":"standard","meta":{"jetpack_post_was_ever_published":false,"_jetpack_newsletter_access":"","_jetpack_dont_email_post_to_subs":false,"_jetpack_newsletter_tier_id":0,"_jetpack_memberships_contains_paywalled_content":false,"_jetpack_memberships_contains_paid_content":false,"footnotes":"","jetpack_publicize_message":"","jetpack_publicize_feature_enabled":true,"jetpack_social_post_already_shared":true,"jetpack_social_options":{"image_generator_settings":{"template":"highway","default_image_id":0,"enabled":false},"version":2}},"categories":[671],"tags":[],"class_list":["post-13847","post","type-post","status-publish","format-standard","hentry","category-hzaliraden111hayatolcusu"],"jetpack_publicize_connections":[],"jetpack_featured_media_url":"","jetpack_sharing_enabled":true,"jetpack_shortlink":"https:\/\/wp.me\/p3G27m-3Bl","jetpack_likes_enabled":true,"_links":{"self":[{"href":"https:\/\/www.kuranvesunnetyolunda.com\/index.php?rest_route=\/wp\/v2\/posts\/13847","targetHints":{"allow":["GET"]}}],"collection":[{"href":"https:\/\/www.kuranvesunnetyolunda.com\/index.php?rest_route=\/wp\/v2\/posts"}],"about":[{"href":"https:\/\/www.kuranvesunnetyolunda.com\/index.php?rest_route=\/wp\/v2\/types\/post"}],"author":[{"embeddable":true,"href":"https:\/\/www.kuranvesunnetyolunda.com\/index.php?rest_route=\/wp\/v2\/users\/2"}],"replies":[{"embeddable":true,"href":"https:\/\/www.kuranvesunnetyolunda.com\/index.php?rest_route=%2Fwp%2Fv2%2Fcomments&post=13847"}],"version-history":[{"count":1,"href":"https:\/\/www.kuranvesunnetyolunda.com\/index.php?rest_route=\/wp\/v2\/posts\/13847\/revisions"}],"predecessor-version":[{"id":13848,"href":"https:\/\/www.kuranvesunnetyolunda.com\/index.php?rest_route=\/wp\/v2\/posts\/13847\/revisions\/13848"}],"wp:attachment":[{"href":"https:\/\/www.kuranvesunnetyolunda.com\/index.php?rest_route=%2Fwp%2Fv2%2Fmedia&parent=13847"}],"wp:term":[{"taxonomy":"category","embeddable":true,"href":"https:\/\/www.kuranvesunnetyolunda.com\/index.php?rest_route=%2Fwp%2Fv2%2Fcategories&post=13847"},{"taxonomy":"post_tag","embeddable":true,"href":"https:\/\/www.kuranvesunnetyolunda.com\/index.php?rest_route=%2Fwp%2Fv2%2Ftags&post=13847"}],"curies":[{"name":"wp","href":"https:\/\/api.w.org\/{rel}","templated":true}]}}