{"id":14013,"date":"2016-06-11T10:18:04","date_gmt":"2016-06-11T08:18:04","guid":{"rendered":"http:\/\/www.kuranvesunnetyolunda.com\/?p=14013"},"modified":"2016-06-11T10:18:04","modified_gmt":"2016-06-11T08:18:04","slug":"fetva-sorana-el-ve-bas-isaretiyle-cevap-vermek","status":"publish","type":"post","link":"https:\/\/www.kuranvesunnetyolunda.com\/?p=14013","title":{"rendered":"Fetv\u00e2 Sorana El ve Ba\u015f \u0130\u015f\u00e2retiyle Cevap Vermek"},"content":{"rendered":"<p style=\"text-align: justify;\"><b>Eb\u00fb H\u00fcreyre<\/b> (r.a) Hazretleri\u2019nin nakline g\u00f6re Nebiyy-i Muhterem Efendimiz (s.a.v) \u015f\u00f6yle buyurmu\u015flard\u0131r:<\/p>\n<p style=\"text-align: justify;\"><i>\u201c\u0130lim kabzolunacak (y\u00e2ni kald\u0131r\u0131lacak), ceh\u00e2let ve fitneler zuh\u00fbr edecek ve herc \u00e7o\u011falacakt\u0131r.\u201d<\/i><\/p>\n<p style=\"text-align: justify;\">Ash\u00e2b-\u0131 kir\u00e2m (r.a):<\/p>\n<p style=\"text-align: justify;\">\u201c\u2012Y\u00e2 Ras\u00fbl\u00e2ll\u00e2h, herc nedir?\u201d diye sordular.<\/p>\n<p style=\"text-align: justify;\">Efendimiz (s.a.v), \u201c\u00f6ld\u00fcrme\u201dyi kastederek m\u00fcb\u00e2rek ellerini yanlamas\u0131na indirerek:<\/p>\n<p style=\"text-align: justify;\"><i>\u201c\u2012\u0130\u015fte b\u00f6yle!\u201d<\/i> buyurdular. (Buh\u00e2r\u00ee, \u0130lim, 24)<\/p>\n<p style=\"text-align: justify;\"><b>\u015eerh:<\/b><\/p>\n<p style=\"text-align: justify;\">Herc\u2019in l\u00fcgat m\u00e2n\u00e2s\u0131 ihtilat ve kar\u0131\u015f\u0131kl\u0131kt\u0131r. Katl yani insanlar\u0131n birbirlerini \u00f6ld\u00fcrmeleri m\u00e2n\u00e2s\u0131nda kullan\u0131lmas\u0131 mec\u00e2zendir.<\/p>\n<p style=\"text-align: justify;\">Allah Ras\u00fbl\u00fc (s.a.v) Efendimiz, eliyle yanlamas\u0131na kesme i\u015fareti yaparak herc kelimesini, insanlar\u0131n k\u0131l\u0131\u00e7la birbirini kesmesi m\u00e2n\u00e2s\u0131nda kulland\u0131\u011f\u0131n\u0131 if\u00e2de etmi\u015flerdir.<\/p>\n<p style=\"text-align: center;\" align=\"center\">*<\/p>\n<p style=\"text-align: justify;\"><b>Esm\u00e2<\/b> (r.a) \u015f\u00f6yle anlat\u0131r:<\/p>\n<p style=\"text-align: justify;\">\u201c(K\u00fcs\u00fbf yani G\u00fcne\u015f tutulmas\u0131 esn\u00e2s\u0131nda) <b>\u00c2i\u015fe<\/b> (r.a) namaz k\u0131larken yan\u0131na vard\u0131m:<\/p>\n<p style=\"text-align: justify;\">\u00ab\u2012Bu insanlara ne oluyor, neden korkuyorlar?\u00bb dedim.<\/p>\n<p style=\"text-align: justify;\">(G\u00fcne\u015f tutuldu\u011funu anlatmak i\u00e7in) sem\u00e2ya do\u011fru (ba\u015f\u0131yla) i\u015faret etti. Bir de bakt\u0131m ki b\u00fct\u00fcn insanlar namaza durmu\u015f. <b>\u00c2i\u015fe<\/b> (r.a): \u00abS\u00fcbh\u00e2nall\u00e2h!\u00bb dedi. Ben:<\/p>\n<p style=\"text-align: justify;\">\u00ab\u2012Bu m\u00fchim bir h\u00e2dise ve il\u00e2h\u00ee azametin al\u00e2metlerinden biri mi?\u00bb diye sordum. Ba\u015f\u0131yla \u00abEvet\u00bb diye i\u015faret etti. Bunun \u00fczerine ben de namaza durdum. Ras\u00fblullah (s.a.v) k\u0131raati pek ziy\u00e2de uzatt\u0131\u011f\u0131 i\u00e7in \u00fczerime bayg\u0131nl\u0131k geldi. (Yan\u0131mdaki k\u0131rbadan) ba\u015f\u0131ma su d\u00f6kmeye ba\u015flad\u0131m.<\/p>\n<p style=\"text-align: justify;\">Namazdan sonra Nebiyy-i Ekrem Efendimiz (s.a.v) All\u00e2h\u2019a hamd \u00fc sen\u00e2 edip \u015f\u00f6yle buyurdular:<\/p>\n<p style=\"text-align: justify;\"><i>\u00ab\u2012\u015eimdiye kadar bana g\u00f6sterilmeyen \u015feylerin tamam\u0131 \u015fu namaz k\u0131ld\u0131\u011f\u0131m esn\u00e2da bana arzedildi. Cennet ve Cehennem bile g\u00f6sterildi. Bana, sizin kabirlerinizde, Mes\u00eeh-i Decc\u00e2l (y\u00fcz\u00fcnden \u00e7ekilecek) imtihanlara benzer veya ona yak\u0131n bir imtih\u00e2n ge\u00e7irece\u011finiz vahyedildi. (Kabre giren kimseye):<\/i><\/p>\n<p style=\"text-align: justify;\"><i>\u201c\u2012Bu adam (Y\u00e2ni Ras\u00fblull\u00e2h [s.a.v]) hakk\u0131ndaki fikrin nedir?\u201d diye sorulacak. M\u00fc\u2019min, y\u00e2hud yak\u00een s\u00e2hibi olan kimse: <\/i><\/p>\n<p style=\"text-align: justify;\"><i>\u201c\u2012O Z\u00e2t-\u0131 \u015eer\u00eef, Muhammed\u2019dir, All\u00e2h\u2019\u0131n Ras\u00fbl\u00fc\u2019d\u00fcr. Bize apa\u00e7\u0131k deliller ve hid\u00e2yet getirdi. Biz de O\u2019nun d\u00e2vetine ic\u00e2bet ettik ve izinden y\u00fcr\u00fcd\u00fck. O, Muhammed (s.a.v)\u2019dir!\u201d diyecek ve bu s\u00f6z\u00fcn\u00fc \u00fc\u00e7 kere tekr\u00e2r edecek. Bunun \u00fczerine kendisine:<\/i><\/p>\n<p style=\"text-align: justify;\"><i>\u201c\u2012O h\u00e2lde yat da rah\u00e2t\u0131na bak! G\u00fczel bir \u015fekilde uyu! O (Z\u00e2t-\u0131 \u015eer\u00eef\u2019in n\u00fcb\u00fcvvetine) yak\u00eenen \u00eem\u00e2n etti\u011fini a\u00e7\u0131k\u00e7a g\u00f6rd\u00fck!\u201d denilecek.<\/i><\/p>\n<p style=\"text-align: justify;\"><i>Kabre giren kimse e\u011fer m\u00fcn\u00e2f\u0131k ise veya kalbinde \u015fek varsa (o su\u00e2le):<\/i><\/p>\n<p style=\"text-align: justify;\"><i>\u201c\u2012Ben ne bileyim? \u0130\u015fittim, \u00f6teki beriki bir \u015feyler s\u00f6yl\u00fcyordu, ben de onlar gibi s\u00f6yledim!\u201dcevab\u0131n\u0131 verecek\u00bb<\/i>.\u201d(Buh\u00e2r\u00ee, \u0130lim, 24)<\/p>\n<p style=\"text-align: justify;\"><b>\u015eerh:<\/b><\/p>\n<p style=\"text-align: justify;\">\u0130sl\u00e2m, Allah\u2019\u0131n nimetlerini ve kudretinin eserlerini hi\u00e7bir \u00e2n hat\u0131rdan \u00e7\u0131karmamak i\u00e7in, muayyen bir niz\u00e2m \u00fczere tekerr\u00fcr eden felek\u00ee (astronomik) h\u00e2diselerin her biriyle al\u00e2kal\u0131 bir namaz koymu\u015f, vakitlerin ve zamanlar\u0131n hi\u00e7birini ibadetsiz b\u0131rakmam\u0131\u015ft\u0131r:<\/p>\n<p style=\"text-align: justify;\">Herg\u00fcn ayd\u0131nl\u0131\u011f\u0131n ba\u015flamas\u0131yla <b>Sabah Namaz\u0131<\/b>,<\/p>\n<p style=\"text-align: justify;\">G\u00fcne\u015fin sar\u0131l\u0131\u011f\u0131 ge\u00e7ince <b>\u0130\u015frak namaz\u0131<\/b>,<\/p>\n<p style=\"text-align: justify;\">G\u00fcnd\u00fcz\u00fcn d\u00f6rtte biri ge\u00e7ince <b>Duh\u00e2<\/b>,<\/p>\n<p style=\"text-align: justify;\">G\u00fcn\u00fcn yar\u0131s\u0131 bitince <b>\u00d6\u011fle<\/b>,<\/p>\n<p style=\"text-align: justify;\">G\u00fcn\u00fcn d\u00f6rtte biri kald\u0131\u011f\u0131nda <b>\u0130kindi<\/b>,<\/p>\n<p style=\"text-align: justify;\">Ayd\u0131nl\u0131\u011f\u0131n bitiminde <b>Ak\u015fam<\/b>,<\/p>\n<p style=\"text-align: justify;\">Koyu karanl\u0131k bast\u0131r\u0131nca <b>Yats\u0131<\/b>,<\/p>\n<p style=\"text-align: justify;\">Gecenin ortas\u0131nda <b>Tehecc\u00fcd<\/b>,<\/p>\n<p style=\"text-align: justify;\">Ramazan\u2019da <b>Ter\u00e2v\u00eeh<\/b>,<\/p>\n<p style=\"text-align: justify;\">Bayramlarda <b>Bayram Namazlar\u0131<\/b>,<\/p>\n<p style=\"text-align: justify;\">G\u00fcne\u015f ve Ay tutuldu\u011funda <b>K\u00fcs\u00fbf<\/b> ve <b>Hus\u00fbf<\/b> namazlar\u0131 k\u0131l\u0131n\u0131r\u2026(Ahmed Na\u00eem Efendi, <i>Tecr\u00eed-i Sar\u00eeh Tercemesi,<\/i> I, 87-88)<\/p>\n<p style=\"text-align: center;\" align=\"center\">*<\/p>\n<p style=\"text-align: justify;\">Namaz k\u0131lan ki\u015fi ba\u015fkas\u0131na bir \u015fey hat\u0131rlatmak istedi\u011finde erkekler <b>\u201cS\u00fcbh\u00e2nallah\u201d<\/b> derler, kad\u0131nlar da el \u00e7\u0131rparlar. Muhtemelen <b>Hz. \u00c2i\u015fe<\/b> v\u00e2lidemiz hen\u00fcz bu h\u00fckm\u00fc bilmiyordu veya sesini duyacak olan k\u0131zkarde\u015fi oldu\u011fu i\u00e7in bunda \u015fer\u2019\u00ee bir mahz\u00fbr g\u00f6rmemi\u015fti.<\/p>\n<p style=\"text-align: center;\" align=\"center\">*<\/p>\n<p style=\"text-align: justify;\"><b>Ukbe bin \u00c2mir<\/b> (r.a) anlat\u0131yor:<\/p>\n<p style=\"text-align: justify;\">\u201cRas\u00fblull\u00e2h Efendimiz (s.a.v) ile birlikte birg\u00fcn namaz k\u0131ld\u0131k. K\u0131y\u00e2m\u0131 biraz uzatt\u0131. Asl\u0131nda bize namaz k\u0131ld\u0131rd\u0131\u011f\u0131nda hafif tutard\u0131. Namaz esn\u00e2s\u0131nda Efendimiz\u2019den; <i>\u00abRabbim, ben onlar\u0131n i\u00e7indeyim!\u00bb<\/i> niy\u00e2z\u0131ndan ba\u015fka bir \u015fey i\u015fitmiyorduk. Sonra Efendimiz\u2019in elini uzat\u0131p bir \u015fey almaya \u00e7al\u0131\u015ft\u0131\u011f\u0131n\u0131 g\u00f6rd\u00fcm. Sonra r\u00fck\u00fba vard\u0131. Namaz\u0131n kalan k\u0131sm\u0131n\u0131 ser\u00ee bir \u015fekilde tamamlad\u0131.<\/p>\n<p style=\"text-align: justify;\">Ras\u00fblull\u00e2h (s.a.v) selam verince oturdu, biz de etraf\u0131na oturduk. Ras\u00fblull\u00e2h (s.a.v):<i><\/i><\/p>\n<p style=\"text-align: justify;\"><i>\u00ab\u2212Biliyorum, namaz\u0131 ve k\u0131y\u00e2m\u0131 uzatt\u0131\u011f\u0131m i\u00e7in \u015fa\u015f\u0131rd\u0131n\u0131z\u00bb <\/i>buyurdu. Biz:<\/p>\n<p style=\"text-align: justify;\">\u00ab\u2212Evet, ey All\u00e2h\u2019\u0131n Ras\u00fbl\u00fc! Bir de sizin <i>\u201cRabbim, ben onlar\u0131n i\u00e7indeyim\u201d<\/i> dedi\u011finizi i\u015fittik\u00bb dedik. Ras\u00fblull\u00e2h (s.a.v):<\/p>\n<p style=\"text-align: justify;\"><i>\u00ab\u2212<b>Can\u0131m\u0131 yed-i kudretinde tutan Z\u00e2t\u2019a yemin ederim ki \u00e2hiretle ilgili size ne vaad edildiyse \u015fu durdu\u011fum yerde bana arzedildi.<\/b> Bana cehennem g\u00f6sterildi. Onun bir k\u0131v\u0131lc\u0131m\u0131 bu tarafa y\u00f6nelip \u015fu bulundu\u011fum yere yakla\u015ft\u0131. Sizi ku\u015fatmas\u0131ndan korktum da; \u201cRabbim, ben onlar\u0131n i\u00e7indeyim!\u201d dedim. Cen\u00e2b-\u0131 Hak onu sizden uzakla\u015ft\u0131rd\u0131. Bir yayg\u0131 gibi par\u00e7a par\u00e7a geri d\u00f6nd\u00fc. O esn\u00e2da Cehennem\u2019e bir g\u00f6z att\u0131m, \u011e\u0131f\u00e2r O\u011fullar\u0131\u2019ndan <b>Amr bin Hurs\u00e2n<\/b>\u2019\u0131 orada yay\u0131na yaslanm\u0131\u015f vaziyette g\u00f6rd\u00fcm. (Bu adam c\u00e2hiliye d\u00f6neminde hac\u0131lar\u0131n mallar\u0131n\u0131 \u00e7alard\u0131.) Orada kedisini hapsedip yemek vermeyen, gitmesine de m\u00fcsaade etmeyen <b>Himyerli kad\u0131n<\/b>\u0131 da g\u00f6rd\u00fcm\u00bb<\/i>.\u201d (\u0130bn-i Hibb\u00e2n, <i>Sah\u00eeh,<\/i> XIV, 129\/6432; Taber\u00e2n\u00ee, <i>Keb\u00eer,<\/i> XV, 345\/14286; Heysem\u00ee, II, 89)<\/p>\n<p style=\"text-align: justify;\">Peygamber Efendimiz\u2019in <i>\u201cRabbim, ben onlar\u0131n i\u00e7indeyim\u201d<\/i>niy\u00e2z\u0131n\u0131 anlayabilmek i\u00e7in Ras\u00fblullah (s.a.v) Efendimiz\u2019in \u015fu had\u00ees-i \u015fer\u00eefine bakal\u0131m:<\/p>\n<p style=\"text-align: justify;\"><i>\u201cAllah Te\u00e2l\u00e2 \u00fcmmetim i\u00e7in bana iki em\u00e2n indirdi:<\/i><\/p>\n<p style=\"text-align: justify;\"><b>\u00abSen i\u00e7lerinde oldu\u011fun m\u00fcddet\u00e7e Allah onlara <\/b>(umum\u00ee bir)<b> azap verecek de\u011fildir.<\/b><\/p>\n<p style=\"text-align: justify;\"><b>\u0130sti\u011ffar ettikleri m\u00fcddet\u00e7e de Allah onlara azap edecek de\u011fildir.\u00bb<\/b>(el-Enf\u00e2l, 33)<\/p>\n<p style=\"text-align: justify;\"><i>Ben aralar\u0131ndan ayr\u0131ld\u0131\u011f\u0131mda, (Allah\u2019\u0131n az\u00e2b\u0131n\u0131 \u00f6nleyecek ikinci em\u00e2n olan) isti\u011ff\u00e2r\u0131 k\u0131y\u00e2mete kadar aralar\u0131nda b\u0131rak\u0131yorum.\u201d<\/i>(Tirmizi, Tefsir, 8\/3082)<\/p>\n<p style=\"text-align: center;\" align=\"center\">*<\/p>\n<p style=\"text-align: justify;\"><b>Hz. Enes <\/b>(r.a) anlat\u0131yor:<\/p>\n<p style=\"text-align: justify;\">\u201cNebiyy-i Ekrem Efendimiz (s.a.v) \u015f\u00f6yle buyurdular:<\/p>\n<p style=\"text-align: justify;\"><i>\u201cKul kabrine konulup, yak\u0131nlar\u0131 da arkalar\u0131n\u0131 d\u00f6n\u00fcp gidince -ki o, onlar\u0131n ayak seslerini i\u015fitir- kendisine iki melek gelir. Onu oturtup: <\/i><\/p>\n<p style=\"text-align: justify;\"><i>\u00ab\u2013Muhammed (s.a.v) diye bilinen o z\u00e2t hakk\u0131nda ne diyordun?\u00bb diye sorarlar. M\u00fc\u2019min kimse bu soruya:<\/i><\/p>\n<p style=\"text-align: justify;\"><i>\u00ab\u2013\u015eehadet ederim ki, O, Allah\u2019\u0131n kulu ve Ras\u00fbl\u00fc\u2019d\u00fcr!\u00bb diye cevap verir. Ona:<\/i><\/p>\n<p style=\"text-align: justify;\"><i>\u00ab\u2013Cehennem\u2019deki yerine bak! Allah oray\u0131 senin i\u00e7in Cennet\u2019teki bir mek\u00e2n ile de\u011fi\u015ftirdi\u00bb denilir. (Adam bakar) her ikisini de g\u00f6r\u00fcr. <\/i><\/p>\n<p style=\"text-align: justify;\"><i>E\u011fer \u00f6len k\u00e2fir ve m\u00fcnaf\u0131k ise (meleklerin sorusuna): <\/i><\/p>\n<p style=\"text-align: justify;\"><i>\u00ab\u2013Bilmiyorum. \u0130nsanlar ne diyorsa ben de onlar gibi s\u00f6yl\u00fcyordum!\u00bb diye cevap verir. Kendisine:<\/i><\/p>\n<p style=\"text-align: justify;\"><i>\u00ab\u2013\u00d6\u011frenmedin, anlamad\u0131n, bir bilenin pe\u015finden de gitmedin!\u00bb denilir.<\/i><\/p>\n<p style=\"text-align: justify;\"><i>Sonra kulaklar\u0131n\u0131n aras\u0131na demirden bir \u00e7eki\u00e7 ile vurulur. Bu darbenin ac\u0131s\u0131yla \u00f6yle bir \u00e7\u0131\u011fl\u0131k atar ki, sesini (insan ve cinlerden ibaret olan) iki \u00e2lem h\u00e2ricinde etraf\u0131ndaki her \u015fey i\u015fitir.\u201d<\/i>(Buh\u00e2r\u00ee, Cen\u00e2iz, 68, 87; M\u00fcslim, Cennet, 70; Eb\u00fb D\u00e2v\u00fbd, Cen\u00e2iz, 78\/3231; Nes\u00e2i, Cen\u00e2iz, 110; Tirmiz\u00ee, Cen\u00e2iz, 70\/1071)<\/p>\n<p style=\"text-align: center;\" align=\"center\">*<\/p>\n<p style=\"text-align: justify;\">Ras\u00fblull\u00e2h Efendimiz (s.a.v) \u015f\u00f6yle buyurmu\u015flard\u0131r:<\/p>\n<p style=\"text-align: justify;\"><i>\u201cMeyyit mezara konulur. S\u00e2lih bir z\u00e2t ise kabrinde endi\u015fesiz ve korkusuz bir \u015fekilde oturtulur. Sonra ona:<\/i><\/p>\n<p style=\"text-align: justify;\"><i>\u00ab\u2013Sen hangi dinde idin?\u00bb diye sorulur. O:<\/i><\/p>\n<p style=\"text-align: justify;\"><i>\u00ab\u2013Ben <b>\u0130sl\u00e2m<\/b> dininde idim.\u00bb diye cevab verir. Sonra ona \u015fu z\u00e2t kimdir?\u00bb diye (Ras\u00fblull\u00e2h (s.a.v) hakk\u0131ndaki itikad\u0131 ve kanaati) sorulur. O da:<\/i><\/p>\n<p style=\"text-align: justify;\"><i>\u00ab\u2013<b>Muhammed<\/b> (s.a.v) Allah\u2019\u0131n Ras\u00fbl\u00fc\u2019d\u00fcr. O, bize Allah kat\u0131ndan apa\u00e7\u0131k deliller getirdi. Biz de onu tasdik ettik.\u00bb diye cevab verir. Daha sonra ona:<\/i><\/p>\n<p style=\"text-align: justify;\"><i>\u00ab\u2013Sen All\u00e2h Te\u00e2l\u00e2\u2019y\u0131 g\u00f6rd\u00fcn m\u00fc?\u00bb diye sorulur. O da:<\/i><\/p>\n<p style=\"text-align: justify;\"><i>\u00ab\u2013Hi\u00e7 bir kimse Allah Te\u00e2l\u00e2\u2019y\u0131 (d\u00fcnyada) g\u00f6remez.\u00bb diye ce\u00advab verir.<\/i><\/p>\n<p style=\"text-align: justify;\"><i>Daha sonra onun i\u00e7in Cehennem taraf\u0131na bir pencere a\u00e7\u0131l\u0131r. \u00d6l\u00fc ona bakarak Cehennem alevlerinin (\u015fiddetli hararet ve s\u0131k\u0131\u015f\u0131kl\u0131ktan) birbirlerini k\u0131r\u0131p ge\u00e7irdi\u011fini g\u00f6r\u00fcr. Ona:<\/i><\/p>\n<p style=\"text-align: justify;\"><i>\u00ab\u2013All\u00e2h Te\u00e2l\u00e2\u2019n\u0131n seni korudu\u011fu ate\u015fe bak!\u00bb denilir.<\/i><\/p>\n<p style=\"text-align: justify;\"><i>Sonra onun i\u00e7in Cennet ta\u00adraf\u0131na bir pencere a\u00e7\u0131l\u0131r. Cennet\u2019in s\u00fcslerine ve nimetleri\u00adne bakmaya ba\u015flar. Kendisine:<\/i><\/p>\n<p style=\"text-align: justify;\"><i>\u00ab\u2013\u0130\u015fte bu g\u00fczel yer senin makam\u0131nd\u0131r.\u00bb denildik\u00adten sonra:<\/i><\/p>\n<p style=\"text-align: justify;\"><i>\u00ab\u2013Sen (d\u00fcnyada) yak\u00een\u00ee im\u00e2n \u00fczere idin, bu sa\u011flam im\u00e2n \u00fczere \u00f6ld\u00fcn ve (k\u0131yamet g\u00fcn\u00fc) in\u015f\u00e2allah bu iman \u00fczerine diriltile\u00adceksin.\u00bb denilir.<\/i><\/p>\n<p style=\"text-align: justify;\"><i>K\u00f6t\u00fc ki\u015fi de deh\u015fet ve korku i\u00e7inde mezar\u0131nda oturtulur ve ken\u00addisine:<\/i><\/p>\n<p style=\"text-align: justify;\"><i>\u00ab\u2013Sen hangi dinde idin?\u00bb diye sorulur.<\/i><\/p>\n<p style=\"text-align: justify;\"><i>\u00ab\u2013Bilmiyorum.\u00bb diye cevap verir. Sonra ona:<\/i><\/p>\n<p style=\"text-align: justify;\"><i>\u00ab\u2013\u015eu z\u00e2t kimdir?\u00bb diye (Ras\u00fblull\u00e2h (s.a.v) hakk\u0131ndaki itikad\u0131 ve kanaati) sorulur. O da:<\/i><\/p>\n<p style=\"text-align: justify;\"><i>\u00ab\u2013\u0130nsanlar onun hakk\u0131nda bir \u015feyler s\u00f6yl\u00fcyorlard\u0131, ben de onu s\u00f6yledim (Dini konularla pek ilgilenmez, insanlar\u0131 taklit ederdim).\u00bb der.<\/i><\/p>\n<p style=\"text-align: justify;\"><i>Cennet ta\u00adraf\u0131na bir pencere a\u00e7\u0131l\u0131r. Cennet\u2019in s\u00fcslerine ve nimetleri\u00adne bakmaya ba\u015flar. Kendisine:<\/i><\/p>\n<p style=\"text-align: justify;\"><i>\u00ab\u2013(\u00cem\u00e2n etmedi\u011fin i\u00e7in) All\u00e2h\u2019\u0131n senden uzakla\u015ft\u0131rd\u0131\u011f\u0131 Cennet\u2019e bak!\u00bb denilir.<\/i><\/p>\n<p style=\"text-align: justify;\"><i>Daha sonra onun i\u00e7in ate\u015f taraf\u0131\u00adna bir pencere a\u00e7\u0131l\u0131r. Oraya bakar, alevlerin birbirini k\u0131r\u0131p ge\u00e7irdi\u011fini g\u00f6r\u00fcr. Ona:<\/i><\/p>\n<p style=\"text-align: justify;\"><i>\u00ab\u2013\u0130\u015fte bu, senin yerindir. (\u0130sl\u00e2m hakk\u0131nda) \u015f\u00fcphe \u00fczerinde ya\u015fad\u0131n, \u015f\u00fcphe \u00fczerine \u00f6ld\u00fcn ve in\u015f\u00e2allahu Te\u00e2l\u00e2 (k\u0131yamet g\u00fcn\u00fc) \u015f\u00fcphe \u00fczerine diriltileceksin!\u00bb denilir.\u201d<\/i>(\u0130bn-i M\u00e2ce, Z\u00fchd, 32. Kr\u015f. Buh\u00e2r\u00ee, Cen\u00e2iz, 68, 87; M\u00fcslim, Cennet, 70)<\/p>\n<p style=\"text-align: justify;\">Ras\u00fblull\u00e2h Efendimiz (s.a.v) \u015f\u00f6yle buyurdular:<i><\/i><\/p>\n<p style=\"text-align: justify;\"><i>\u201cBiriniz \u00f6ld\u00fc\u011f\u00fc zaman varaca\u011f\u0131 yer sabah ak\u015fam kendisine g\u00f6sterilir. \u00d6l\u00fc Cennet ehlinden ise Cennet\u2019in makamlar\u0131ndan biri g\u00f6sterilir. Cehennem ehlinden ise Cehennem\u2019deki yerlerden biri g\u00f6sterilir. (Her) \u00f6l\u00fcye:<\/i><\/p>\n<p style=\"text-align: justify;\"><i>\u00ab\u2013\u0130\u015fte bu (kabir) k\u0131y\u00e2met g\u00fcn\u00fc diriltilinceye kadar senin yerindir\u00bb denilir.\u201d<\/i>(\u0130bn-i M\u00e2ce, Z\u00fchd, 32)<\/p>\n<p style=\"text-align: justify;\">\n<p>&nbsp;<\/p>\n","protected":false},"excerpt":{"rendered":"<p>Eb\u00fb H\u00fcreyre (r.a) Hazretleri\u2019nin nakline g\u00f6re Nebiyy-i Muhterem Efendimiz (s.a.v) \u015f\u00f6yle buyurmu\u015flard\u0131r: \u201c\u0130lim kabzolunacak (y\u00e2ni kald\u0131r\u0131lacak), ceh\u00e2let ve fitneler zuh\u00fbr edecek ve herc \u00e7o\u011falacakt\u0131r.\u201d Ash\u00e2b-\u0131 kir\u00e2m (r.a): \u201c\u2012Y\u00e2 Ras\u00fbl\u00e2ll\u00e2h, herc&hellip; <\/p>\n","protected":false},"author":2,"featured_media":0,"comment_status":"closed","ping_status":"closed","sticky":false,"template":"","format":"standard","meta":{"jetpack_post_was_ever_published":false,"_jetpack_newsletter_access":"","_jetpack_dont_email_post_to_subs":false,"_jetpack_newsletter_tier_id":0,"_jetpack_memberships_contains_paywalled_content":false,"_jetpack_memberships_contains_paid_content":false,"footnotes":"","jetpack_publicize_message":"","jetpack_publicize_feature_enabled":true,"jetpack_social_post_already_shared":true,"jetpack_social_options":{"image_generator_settings":{"template":"highway","default_image_id":0,"enabled":false},"version":2}},"categories":[673],"tags":[],"class_list":["post-14013","post","type-post","status-publish","format-standard","hentry","category-buharideimanveilim"],"jetpack_publicize_connections":[],"jetpack_featured_media_url":"","jetpack_sharing_enabled":true,"jetpack_shortlink":"https:\/\/wp.me\/p3G27m-3E1","jetpack_likes_enabled":true,"_links":{"self":[{"href":"https:\/\/www.kuranvesunnetyolunda.com\/index.php?rest_route=\/wp\/v2\/posts\/14013","targetHints":{"allow":["GET"]}}],"collection":[{"href":"https:\/\/www.kuranvesunnetyolunda.com\/index.php?rest_route=\/wp\/v2\/posts"}],"about":[{"href":"https:\/\/www.kuranvesunnetyolunda.com\/index.php?rest_route=\/wp\/v2\/types\/post"}],"author":[{"embeddable":true,"href":"https:\/\/www.kuranvesunnetyolunda.com\/index.php?rest_route=\/wp\/v2\/users\/2"}],"replies":[{"embeddable":true,"href":"https:\/\/www.kuranvesunnetyolunda.com\/index.php?rest_route=%2Fwp%2Fv2%2Fcomments&post=14013"}],"version-history":[{"count":1,"href":"https:\/\/www.kuranvesunnetyolunda.com\/index.php?rest_route=\/wp\/v2\/posts\/14013\/revisions"}],"predecessor-version":[{"id":14014,"href":"https:\/\/www.kuranvesunnetyolunda.com\/index.php?rest_route=\/wp\/v2\/posts\/14013\/revisions\/14014"}],"wp:attachment":[{"href":"https:\/\/www.kuranvesunnetyolunda.com\/index.php?rest_route=%2Fwp%2Fv2%2Fmedia&parent=14013"}],"wp:term":[{"taxonomy":"category","embeddable":true,"href":"https:\/\/www.kuranvesunnetyolunda.com\/index.php?rest_route=%2Fwp%2Fv2%2Fcategories&post=14013"},{"taxonomy":"post_tag","embeddable":true,"href":"https:\/\/www.kuranvesunnetyolunda.com\/index.php?rest_route=%2Fwp%2Fv2%2Ftags&post=14013"}],"curies":[{"name":"wp","href":"https:\/\/api.w.org\/{rel}","templated":true}]}}