{"id":14092,"date":"2016-06-11T11:37:14","date_gmt":"2016-06-11T09:37:14","guid":{"rendered":"http:\/\/www.kuranvesunnetyolunda.com\/?p=14092"},"modified":"2016-06-11T13:19:20","modified_gmt":"2016-06-11T11:19:20","slug":"cihad-imandandir","status":"publish","type":"post","link":"https:\/\/www.kuranvesunnetyolunda.com\/?p=14092","title":{"rendered":"12.Cih\u00e2d \u00cem\u00e2ndand\u0131r"},"content":{"rendered":"<p style=\"text-align: justify;\"><b>Eb\u00fb H\u00fcreyre<\/b> (r.a)\u2019den riv\u00e2yet edildi\u011fine g\u00f6re Nebiyy-i Ekrem Efendimiz (s.a.v) \u015f\u00f6yle buyurmu\u015flard\u0131r:<\/p>\n<p style=\"text-align: justify;\"><i>\u201cCen\u00e2b-\u0131 Hak \u015f\u00f6yle buyurur: <b>\u00abKulum sadece bana \u00eem\u00e2n\u0131 ve peygamberlerimi tasdiki sebebiyle evinden \u00e7\u0131k\u0131p Benim yolumda cih\u00e2da giderse, ona \u015fu iki \u015feyi mutlaka vermeyi tekeff\u00fcl ederim:<\/b><\/i><\/p>\n<p style=\"text-align: justify;\"><b><i>&#8211; Onu, n\u00e2il oldu\u011fu ecir ve ganimetle (s\u00e2limen \u00e2ilesine) d\u00f6nd\u00fcrmeyi veya<\/i><\/b><\/p>\n<p style=\"text-align: justify;\"><b><i>&#8211; (Do\u011frudan) Cennet\u2019e koymay\u0131.\u00bb<\/i><\/b><\/p>\n<p style=\"text-align: justify;\"><i>\u00dcmmetime me\u015fakkat vermeyecek olsam hi\u00e7bir seriyyeden (yani cih\u00e2d m\u00fcfrezesinden) geri kalmazd\u0131m. Allah biliyor ki Allah yolunda \u015feh\u00eed edilip tekrar diriltilmeyi sonra \u015feh\u00eed edilip tekrar diriltilmeyi sonra yine \u015feh\u00eed edilmeyi isterdim!\u201d<\/i> (Buh\u00e2r\u00ee, \u00cem\u00e2n, 26)<\/p>\n<p style=\"text-align: justify;\"><b>\u015eerh:<\/b><\/p>\n<p style=\"text-align: justify;\">Ras\u00fblullah Efendimiz (s.a.v),\u00a0<i>\u201d\u00dcmmetime me\u015fakkat vermeyecek olsayd\u0131m\u2026\u201d<\/i>\u00a0buyuruyor. Yani Efendimiz (s.a.v) cih\u00e2da \u00e7\u0131kt\u0131\u011f\u0131nda b\u00fct\u00fcn ash\u00e2b-\u0131 kir\u00e2m da O\u2019nunla birlikte \u00e7\u0131kmak istiyorlard\u0131. L\u00e2kin bir k\u0131s\u0131m sah\u00e2b\u00eelerin cih\u00e2da \u00e7\u0131kmak i\u00e7in imk\u00e2nlar\u0131 yoktu. Binek, sava\u015f malzemesi ve yiyecekleri olmuyor, Efendimiz (s.a.v) de onlara verecek bir \u015fey bulam\u0131yordu. Sah\u00e2b\u00eeler zorlukta ve kolayl\u0131kta d\u00e2im\u00e2 Efendimiz\u2019i t\u00e2kip ettikleri i\u00e7in imk\u00e2ns\u0131zl\u0131klar\u0131na bakmadan b\u00fcy\u00fck s\u0131k\u0131nt\u0131lar i\u00e7inde sefere \u00e7\u0131k\u0131yorlard\u0131. Peygamber Efendimiz (s.a.v) bu sah\u00e2b\u00eelerini d\u00fc\u015f\u00fcnerek zaman zaman kendi gitmeden ash\u00e2b\u0131ndan baz\u0131lar\u0131n\u0131 sefere g\u00f6nderiyordu.<\/p>\n<p style=\"text-align: justify;\">Di\u011fer bir husus da Allah Ras\u00fbl\u00fc (s.a.v) b\u00fct\u00fcn seferlere kat\u0131lm\u0131\u015f olsayd\u0131, O\u2019nun devaml\u0131 yapt\u0131\u011f\u0131 bu amel, kuvvetli bir s\u00fcnnet olur ve b\u00fct\u00fcn m\u00fc\u2019minlerin ona devam etmesi gerekirdi. Bu da baz\u0131 zay\u0131f M\u00fcsl\u00fcmanlara me\u015fakkat verebilirdi.<\/p>\n<p style=\"text-align: justify;\">Cih\u00e2d, k\u0131yamete kadar devam edecektir. \u00cem\u00e2n oldu\u011fu m\u00fcddet\u00e7e cih\u00e2d da mutlaka var olacakt\u0131r. Bu sebeple m\u00fcsl\u00fcmanlar her zaman cihada haz\u0131r olmal\u0131d\u0131r. Cih\u00e2d haz\u0131rl\u0131\u011f\u0131n\u0131 b\u0131rakt\u0131klar\u0131 anda, k\u00f6t\u00fc niyetli insanlar\u0131n fesatlar\u0131 g\u00e2lip gelmeye ba\u015flar ve insanl\u0131\u011fa tel\u00e2f\u00eesi m\u00fcmk\u00fcn olmayan zararlar verir.<\/p>\n<p style=\"text-align: justify;\">Ancak cih\u00e2d; rastgele, plans\u0131z, d\u00fczensiz ve hedefsiz bir hareket de\u011fildir. \u0130sl\u00e2m huk\u00fbkunda cih\u00e2d\u0131n son derece hassas k\u00e2ideleri mevcuttur. M\u00fcsl\u00fcmanlar\u0131n bunlar\u0131 iyi \u00f6\u011frenmesi \u015fartt\u0131r.<\/p>\n<p style=\"text-align: justify;\">Cih\u00e2d \u00e7ok m\u00fchim oldu\u011fu i\u00e7in Cen\u00e2b-\u0131 Hak ecrini de \u00e7ok b\u00fcy\u00fck takdir etmi\u015ftir.<\/p>\n<p style=\"text-align: justify;\">Cih\u00e2d ve \u015fehidlik, Allah\u2019\u0131n d\u00eeninin muh\u00e2fazas\u0131, y\u00fcceltilmesi ve tebli\u011fi i\u00e7indir. Bu sebeple amellerin en faziletlisidir, \u0130sl\u00e2m\u2019\u0131n kubbesi ve zirvesidir. Bu s\u00e2yede daha sonra gelen insanlar \u0130sl\u00e2m\u2019\u0131 \u00f6\u011frenip ya\u015fama imk\u00e2n\u0131 bulurlar. Bu da \u015feh\u00eed ve g\u00e2z\u00eelere hes\u00e2ba s\u0131\u011fmaz bir ecir kazand\u0131r\u0131r.<\/p>\n<p style=\"text-align: justify;\">M\u00fcsl\u00fcmanlar kanlar\u0131n\u0131 ve canlar\u0131n\u0131 muhafaza i\u00e7in her \u015feylerini fed\u00e2 ederler. Ama dinlerine h\u00fccum edildi\u011finde kanlar\u0131n\u0131 ve canlar\u0131n\u0131 onun \u00f6n\u00fcne kalkan yaparlar.<\/p>\n<p style=\"text-align: justify;\">Sah\u00e2be-i kiramdan <b>C\u00fcnd\u00fcb bin Abdullah<\/b> (r.a) \u015f\u00f6yle buyurmu\u015ftur:<\/p>\n<p style=\"text-align: justify;\">\u201cHerhangi bir bel\u00e2 ile kar\u015f\u0131la\u015f\u0131rsan\u0131z mallar\u0131n\u0131z\u0131 kanlar\u0131n\u0131z\u0131n \u00f6n\u00fcne set yap\u0131n! Bel\u00e2 mallar\u0131n\u0131z\u0131 a\u015farsa o zaman kanlar\u0131n\u0131z\u0131 d\u00eeninizin \u00f6n\u00fcne set yap\u0131n! Zira as\u0131l sald\u0131r\u0131ya u\u011frayan, d\u00eenine sald\u0131r\u0131lan kimsedir ve as\u0131l soyguna u\u011frayan da d\u00eeni elinden al\u0131nan kimsedir.\u201d (K\u00e2s\u0131m bin Sell\u00e2m, <i>Fed\u00e2il\u00fc\u2019l-Kur\u2019\u00e2n,<\/i> D\u0131me\u015fk 1415, s. 78)<\/p>\n<p style=\"text-align: justify;\">Y\u00fcce Rabbimiz (c.c) \u015f\u00f6yle buyurur:<\/p>\n<p style=\"text-align: justify;\"><b>\u201cCel\u00e2lim hakk\u0131 i\u00e7in e\u011fer All\u00e2h yolunda \u00f6ld\u00fcr\u00fcl\u00fcr veya \u00f6l\u00fcrseniz, All\u00e2h\u2019tan gelecek en k\u00fc\u00e7\u00fck bir ma\u011ffiret ve rahmet bile sizin i\u00e7in, onlar\u0131n d\u00fcnyada kal\u0131p toplayacaklar\u0131 \u015feylerden daha hay\u0131rl\u0131d\u0131r.\u201d <\/b>(\u00c2l-i \u0130mr\u00e2n, 157)<\/p>\n<p style=\"text-align: justify;\"><b>\u201cO h\u00e2lde <\/b>(ge\u00e7ici)<b> d\u00fcny\u00e2 hay\u00e2t\u0131n\u0131 verip <\/b>(ebed\u00ee)<b> \u00e2hiret hay\u00e2t\u0131n\u0131 sat\u0131n almak isteyenler All\u00e2h yolunda sava\u015fs\u0131nlar! Her kim All\u00e2h yolunda sava\u015f\u0131r da \u00f6ld\u00fcr\u00fcl\u00fcr veya g\u00e2lip gelirse, her iki durumda da Biz ona yar\u0131n pek b\u00fcy\u00fck bir m\u00fck\u00e2f\u00e2t verece\u011fiz.\u201d <\/b>(en-Nis\u00e2, 74)<\/p>\n<p style=\"text-align: justify;\">Birg\u00fcn Peygamber Efendimiz (s.a.v) ash\u00e2b\u0131 aras\u0131nda aya\u011fa kalk\u0131p:<\/p>\n<p style=\"text-align: justify;\"><i>\u201cAll\u00e2h yolunda cih\u00e2d ve All\u00e2h\u2019a \u00eem\u00e2n etmek, amellerin en faz\u00eeletlisidir.\u201d<\/i> buyurdular. Bunun \u00fczerine bir sah\u00e2b\u00ee kalk\u0131p:<\/p>\n<p style=\"text-align: justify;\">\u201c\u2013Y\u00e2 Ras\u00fblall\u00e2h! \u015e\u00e2yet All\u00e2h yolunda \u00f6ld\u00fcr\u00fcl\u00fcrsem, bu benim g\u00fcnahlar\u0131ma keff\u00e2ret olur mu?\u201d diye sordu.<\/p>\n<p style=\"text-align: justify;\">Ras\u00fblull\u00e2h Efendimiz (s.a.v):<\/p>\n<p style=\"text-align: justify;\"><i>\u201c\u2013Evet, \u015f\u00e2yet sen sabrederek, ecrini s\u00e2dece All\u00e2h\u2019tan bekleyerek, cepheden ka\u00e7maks\u0131z\u0131n d\u00fc\u015fmana kar\u015f\u0131 koyup All\u00e2h yolunda \u00f6ld\u00fcr\u00fcl\u00fcrsen, g\u00fcnahlar\u0131na keff\u00e2ret olur. Ancak bor\u00e7lar\u0131n bunun d\u0131\u015f\u0131ndad\u0131r. Bunu bana Cibr\u00eel s\u00f6yledi.\u201d<\/i> buyurdular. (M\u00fcslim, \u0130m\u00e2re, 117; Tirmiz\u00ee, Cih\u00e2d, 33\/1712)<\/p>\n<p style=\"text-align: justify;\">Ras\u00fblull\u00e2h Efendimiz (s.a.v) \u015f\u00f6yle buyurmu\u015flard\u0131r:<\/p>\n<p style=\"text-align: justify;\"><i>\u201cSizden biriniz, kar\u0131nca \u0131s\u0131rmas\u0131ndan ne kadar ac\u0131 duyarsa, \u015feh\u00eed olan kimse de \u00f6l\u00fcmden ancak o kadar ac\u0131 duyar.\u201d <\/i>(Tirmiz\u00ee, Fed\u00e2il\u00fc\u2019l-cih\u00e2d, 26\/1668; Nes\u00e2\u00ee, Cih\u00e2d, 35; \u0130bn-i M\u00e2ce, Cih\u00e2d, 16)<\/p>\n<p style=\"text-align: justify;\"><i>\u201cAll\u00e2h Te\u00e2l\u00e2\u2019dan b\u00fct\u00fcn kalbiyle \u015feh\u00eedlik isteyen bir kimse, yata\u011f\u0131nda \u00f6lse bile, All\u00e2h ona \u015feh\u00eedlik mertebesini ihs\u00e2n eder.\u201d <\/i>(M\u00fcslim, \u0130m\u00e2re, 157; Nes\u00e2\u00ee, Cih\u00e2d, 36)<\/p>\n<p style=\"text-align: justify;\">Cih\u00e2d\u0131 arzulamak gerekir.<\/p>\n<p style=\"text-align: justify;\">M\u00fc\u2019min, g\u00fcc\u00fcn\u00fcn \u00fcst\u00fcndeki hay\u0131rlar\u0131 bile arzu etmeli ve onlar\u0131 yapmaya niyetli olmal\u0131d\u0131r. Yapamasa bile niyetiyle ecir kazan\u0131r.<\/p>\n<p style=\"text-align: justify;\">M\u00fcsl\u00fcmanlara me\u015fakkat veren ve onlar\u0131 \u00fczen \u015feyleri onlardan uzakla\u015ft\u0131rmaya gayret etmelidir.<b><br clear=\"all\" \/> <\/b><\/p>\n","protected":false},"excerpt":{"rendered":"<p>Eb\u00fb H\u00fcreyre (r.a)\u2019den riv\u00e2yet edildi\u011fine g\u00f6re Nebiyy-i Ekrem Efendimiz (s.a.v) \u015f\u00f6yle buyurmu\u015flard\u0131r: \u201cCen\u00e2b-\u0131 Hak \u015f\u00f6yle buyurur: \u00abKulum sadece bana \u00eem\u00e2n\u0131 ve peygamberlerimi tasdiki sebebiyle evinden \u00e7\u0131k\u0131p Benim yolumda cih\u00e2da giderse,&hellip; <\/p>\n","protected":false},"author":2,"featured_media":0,"comment_status":"closed","ping_status":"closed","sticky":false,"template":"","format":"standard","meta":{"jetpack_post_was_ever_published":false,"_jetpack_newsletter_access":"","_jetpack_dont_email_post_to_subs":false,"_jetpack_newsletter_tier_id":0,"_jetpack_memberships_contains_paywalled_content":false,"_jetpack_memberships_contains_paid_content":false,"footnotes":"","jetpack_publicize_message":"","jetpack_publicize_feature_enabled":true,"jetpack_social_post_already_shared":true,"jetpack_social_options":{"image_generator_settings":{"template":"highway","default_image_id":0,"enabled":false},"version":2}},"categories":[673],"tags":[],"class_list":["post-14092","post","type-post","status-publish","format-standard","hentry","category-buharideimanveilim"],"jetpack_publicize_connections":[],"jetpack_featured_media_url":"","jetpack_sharing_enabled":true,"jetpack_shortlink":"https:\/\/wp.me\/p3G27m-3Fi","jetpack_likes_enabled":true,"_links":{"self":[{"href":"https:\/\/www.kuranvesunnetyolunda.com\/index.php?rest_route=\/wp\/v2\/posts\/14092","targetHints":{"allow":["GET"]}}],"collection":[{"href":"https:\/\/www.kuranvesunnetyolunda.com\/index.php?rest_route=\/wp\/v2\/posts"}],"about":[{"href":"https:\/\/www.kuranvesunnetyolunda.com\/index.php?rest_route=\/wp\/v2\/types\/post"}],"author":[{"embeddable":true,"href":"https:\/\/www.kuranvesunnetyolunda.com\/index.php?rest_route=\/wp\/v2\/users\/2"}],"replies":[{"embeddable":true,"href":"https:\/\/www.kuranvesunnetyolunda.com\/index.php?rest_route=%2Fwp%2Fv2%2Fcomments&post=14092"}],"version-history":[{"count":2,"href":"https:\/\/www.kuranvesunnetyolunda.com\/index.php?rest_route=\/wp\/v2\/posts\/14092\/revisions"}],"predecessor-version":[{"id":14194,"href":"https:\/\/www.kuranvesunnetyolunda.com\/index.php?rest_route=\/wp\/v2\/posts\/14092\/revisions\/14194"}],"wp:attachment":[{"href":"https:\/\/www.kuranvesunnetyolunda.com\/index.php?rest_route=%2Fwp%2Fv2%2Fmedia&parent=14092"}],"wp:term":[{"taxonomy":"category","embeddable":true,"href":"https:\/\/www.kuranvesunnetyolunda.com\/index.php?rest_route=%2Fwp%2Fv2%2Fcategories&post=14092"},{"taxonomy":"post_tag","embeddable":true,"href":"https:\/\/www.kuranvesunnetyolunda.com\/index.php?rest_route=%2Fwp%2Fv2%2Ftags&post=14092"}],"curies":[{"name":"wp","href":"https:\/\/api.w.org\/{rel}","templated":true}]}}