{"id":14094,"date":"2016-06-11T11:37:54","date_gmt":"2016-06-11T09:37:54","guid":{"rendered":"http:\/\/www.kuranvesunnetyolunda.com\/?p=14094"},"modified":"2016-06-11T13:17:44","modified_gmt":"2016-06-11T11:17:44","slug":"kadir-gecesini-ihya-etmek-imandandir","status":"publish","type":"post","link":"https:\/\/www.kuranvesunnetyolunda.com\/?p=14094","title":{"rendered":"11.Kadir Gecesini \u0130hy\u00e2 Etmek \u00cem\u00e2ndand\u0131r"},"content":{"rendered":"<p style=\"text-align: justify;\"><b>Eb\u00fb H\u00fcreyre<\/b> (r.a)\u2019den riv\u00e2yet edildi\u011fine g\u00f6re o \u015f\u00f6yle demi\u015ftir: Ras\u00fblullah (s.a.v) Efendimiz \u015f\u00f6yle buyurdular:<\/p>\n<p style=\"text-align: justify;\"><i>\u201cKim, \u00eem\u00e2n\u0131ndan dolay\u0131 ve (yaln\u0131z Allah\u2019tan ecrini umarak) ihl\u00e2sla Kadir Gecesi\u2019ni ib\u00e2det ve t\u00e2atle ge\u00e7irirse ge\u00e7mi\u015f g\u00fcnahlar\u0131 ma\u011ffiret edilir.\u201d<\/i> (Buh\u00e2r\u00ee, \u00cem\u00e2n, 25)<\/p>\n<p style=\"text-align: justify;\"><b>\u015eerh:<\/b><\/p>\n<p style=\"text-align: justify;\"><b>\u0130m\u00e2m Buh\u00e2r\u00ee<\/b> (r.a), arada \u00eem\u00e2nla al\u00e2kal\u0131 ba\u015fka mevzulardan bahsettikten sonra bu b\u00f6l\u00fcmde tekrar \u00eem\u00e2n\u0131n \u015f\u00fbbelerine d\u00f6n\u00fcyor.<\/p>\n<p style=\"text-align: justify;\">Kadir Gecesi\u2019nde melekler kar\u015f\u0131la\u015ft\u0131klar\u0131 b\u00fct\u00fcn m\u00fc\u2019minlere sel\u00e2m verir, her taraf\u0131 sel\u00e2mla doldururlar. Bu sebeple Kadir Gecesi ayakta olup meleklerin sel\u00e2m\u0131na muhatap olmak l\u00e2z\u0131md\u0131r.<\/p>\n<p style=\"text-align: justify;\">Bir g\u00fcn Allah Ras\u00fbl\u00fc (s.a.v) ash\u00e2b\u0131na, \u0130sr\u00e2ilo\u011fullar\u0131\u2019ndan bir ki\u015fiyi anlatm\u0131\u015ft\u0131. (<b>\u015eem\u2019\u00fbn-i G\u00e2z\u00ee<\/b> isimli) bu z\u00e2t, bin ay Allah yolunda sil\u00e2h ku\u015fanarak cih\u00e2d etmi\u015f, gecelerini de ibadetle ge\u00e7irmi\u015fti. M\u00fcsl\u00fcmanlar hayretler i\u00e7inde kalarak ona g\u0131pta ettiler.<\/p>\n<p style=\"text-align: justify;\">Bunun \u00fczerine Allah Te\u00e2l\u00e2, \u00fcmmet-i Muhammed\u2019e olan l\u00fbtuf ve merhametini beyan etmek \u00fczere Kadir S\u00fbresi\u2019ni indirdi:<\/p>\n<p style=\"text-align: justify;\"><b>\u201cBiz o<\/b> (Kur\u2019\u00e2n\u2019\u0131)<b> Kadir Gecesi indirdik. Kadir Gecesi nedir, bilir misin sen? Kadir Gecesi bin aydan daha hay\u0131rl\u0131d\u0131r. Melekler ve R\u00fbh o gece Rab\u2019lerinin izniyle her i\u015f i\u00e7in iner de iner. O gece, t\u00e2 fecrin do\u011fu\u015funa kadar tam bir esenlik ve sel\u00e2mettir.\u201d <\/b>(el-Kad\u00eer, 1-5) (Bkz. V\u00e2hid\u00ee, <i>Esb\u00e2bu\u2019n-n\u00fcz\u00fbl, <\/i>s. 486)<\/p>\n<p style=\"text-align: justify;\">Bir gece, bin ay\u2019dan, yani 83 y\u0131l 4 ay gibi uzun bir \u00f6m\u00fcrden daha hay\u0131rl\u0131d\u0131r.<\/p>\n<p style=\"text-align: justify;\">Kadir Gecesi\u2019ni 12 defa yakalay\u0131p ihy\u00e2 edebilen bir m\u00fc\u2019min, 1000 sene ibadet etmi\u015f gibi sevap kazan\u0131r.<\/p>\n<p style=\"text-align: justify;\"><b>Hz. Ali<\/b> (r.a) bir g\u00fcn \u015f\u00f6yle buyurdu:<\/p>\n<p style=\"text-align: justify;\">\u201c\u2012Vallahi <b>Hz. \u00d6mer<\/b>\u2019i Ramazan ay\u0131nda Teravih namaz\u0131n\u0131 cemaatle k\u0131lmaya ben te\u015fvik ettim!\u201d<\/p>\n<p style=\"text-align: justify;\">Yan\u0131ndakiler:<\/p>\n<p style=\"text-align: justify;\">\u201c\u2012Bu nas\u0131l oldu ey M\u00fc\u2019minlerin Em\u00eeri?\u201d dediler. \u015e\u00f6yle devam etti:<\/p>\n<p style=\"text-align: justify;\">\u201c\u2012Ona yedinci kat sem\u00e2da bir haz\u00eere oldu\u011funu ve ona Haz\u00eeret\u00fc\u2019l-Kuds dendi\u011fini haber verdim. Orada, kendilerine R\u00fbh -bir rivayette R\u00fbh\u00e2niyy\u00fbn- denilen melekler vard\u0131r. <b>Kadir Gecesi<\/b> geldi\u011finde Rabbimizden d\u00fcnyaya inmek i\u00e7in izin isterler. Cen\u00e2b-\u0131 Hak da onlara izin verir. U\u011frad\u0131klar\u0131 ve i\u00e7inde namaz k\u0131l\u0131nan her mescide ve yolda rastlad\u0131klar\u0131 herkese dua ederler. Bu insanlar da meleklerden gelen berekete n\u00e2il olurlar. Ben bunlar\u0131 anlat\u0131nca Hz. \u00d6mer:<\/p>\n<p style=\"text-align: justify;\">\u00ab\u2012Ey Eb\u00fc\u2019l-Hasan! O h\u00e2lde insanlar\u0131 namaza te\u015fvik edelim de berekete n\u00e2il olsunlar!\u00bb dedi ve Ter\u00e2vih\u2019in cemaatle k\u0131l\u0131nmas\u0131n\u0131 emretti.\u201d (Beyhak\u00ee, <i>\u015euab<\/i>, V, 278-279)<\/p>\n<p style=\"text-align: justify;\">Ras\u00fblullah (s.a.v) Efendimiz Kadir Gecesi\u2019ni idr\u00e2k edebilmek i\u00e7in Ramazan\u2019\u0131n son on g\u00fcn\u00fcnde \u00eetik\u00e2fa girerlerdi.<\/p>\n<p style=\"text-align: justify;\">Burada affedilece\u011fi vaad edilen ge\u00e7mi\u015f g\u00fcnahlar, k\u00fc\u00e7\u00fck g\u00fcnahlard\u0131r. B\u00fcy\u00fck g\u00fcnahlar\u0131n, ancak tevbe veya had cez\u00e2s\u0131 ile d\u00fc\u015fece\u011fi ifade edilmi\u015ftir. Baz\u0131 \u00e2limler, \u201cB\u00fcy\u00fck g\u00fcnahlar\u0131n bir k\u0131sm\u0131n\u0131n hafifletilmesi de umulur\u201d demi\u015flerdir.<b><br clear=\"all\" \/> <\/b><\/p>\n","protected":false},"excerpt":{"rendered":"<p>Eb\u00fb H\u00fcreyre (r.a)\u2019den riv\u00e2yet edildi\u011fine g\u00f6re o \u015f\u00f6yle demi\u015ftir: Ras\u00fblullah (s.a.v) Efendimiz \u015f\u00f6yle buyurdular: \u201cKim, \u00eem\u00e2n\u0131ndan dolay\u0131 ve (yaln\u0131z Allah\u2019tan ecrini umarak) ihl\u00e2sla Kadir Gecesi\u2019ni ib\u00e2det ve t\u00e2atle ge\u00e7irirse ge\u00e7mi\u015f&hellip; <\/p>\n","protected":false},"author":2,"featured_media":0,"comment_status":"closed","ping_status":"closed","sticky":false,"template":"","format":"standard","meta":{"jetpack_post_was_ever_published":false,"_jetpack_newsletter_access":"","_jetpack_dont_email_post_to_subs":false,"_jetpack_newsletter_tier_id":0,"_jetpack_memberships_contains_paywalled_content":false,"_jetpack_memberships_contains_paid_content":false,"footnotes":"","jetpack_publicize_message":"","jetpack_publicize_feature_enabled":true,"jetpack_social_post_already_shared":true,"jetpack_social_options":{"image_generator_settings":{"template":"highway","default_image_id":0,"enabled":false},"version":2}},"categories":[673],"tags":[],"class_list":["post-14094","post","type-post","status-publish","format-standard","hentry","category-buharideimanveilim"],"jetpack_publicize_connections":[],"jetpack_featured_media_url":"","jetpack_sharing_enabled":true,"jetpack_shortlink":"https:\/\/wp.me\/p3G27m-3Fk","jetpack_likes_enabled":true,"_links":{"self":[{"href":"https:\/\/www.kuranvesunnetyolunda.com\/index.php?rest_route=\/wp\/v2\/posts\/14094","targetHints":{"allow":["GET"]}}],"collection":[{"href":"https:\/\/www.kuranvesunnetyolunda.com\/index.php?rest_route=\/wp\/v2\/posts"}],"about":[{"href":"https:\/\/www.kuranvesunnetyolunda.com\/index.php?rest_route=\/wp\/v2\/types\/post"}],"author":[{"embeddable":true,"href":"https:\/\/www.kuranvesunnetyolunda.com\/index.php?rest_route=\/wp\/v2\/users\/2"}],"replies":[{"embeddable":true,"href":"https:\/\/www.kuranvesunnetyolunda.com\/index.php?rest_route=%2Fwp%2Fv2%2Fcomments&post=14094"}],"version-history":[{"count":2,"href":"https:\/\/www.kuranvesunnetyolunda.com\/index.php?rest_route=\/wp\/v2\/posts\/14094\/revisions"}],"predecessor-version":[{"id":14193,"href":"https:\/\/www.kuranvesunnetyolunda.com\/index.php?rest_route=\/wp\/v2\/posts\/14094\/revisions\/14193"}],"wp:attachment":[{"href":"https:\/\/www.kuranvesunnetyolunda.com\/index.php?rest_route=%2Fwp%2Fv2%2Fmedia&parent=14094"}],"wp:term":[{"taxonomy":"category","embeddable":true,"href":"https:\/\/www.kuranvesunnetyolunda.com\/index.php?rest_route=%2Fwp%2Fv2%2Fcategories&post=14094"},{"taxonomy":"post_tag","embeddable":true,"href":"https:\/\/www.kuranvesunnetyolunda.com\/index.php?rest_route=%2Fwp%2Fv2%2Ftags&post=14094"}],"curies":[{"name":"wp","href":"https:\/\/api.w.org\/{rel}","templated":true}]}}