{"id":14099,"date":"2016-06-11T11:40:14","date_gmt":"2016-06-11T09:40:14","guid":{"rendered":"http:\/\/www.kuranvesunnetyolunda.com\/?p=14099"},"modified":"2016-06-11T11:40:14","modified_gmt":"2016-06-11T09:40:14","slug":"zulum-derece-derecedir","status":"publish","type":"post","link":"https:\/\/www.kuranvesunnetyolunda.com\/?p=14099","title":{"rendered":"Zul\u00fcm Derece Derecedir"},"content":{"rendered":"<p style=\"text-align: justify;\"><b>Abdullah bin Mes\u2019\u00fbd<\/b> (r.a) \u015f\u00f6yle buyurur:<\/p>\n<p style=\"text-align: justify;\">\u201c<b>\u00ab\u00cem\u00e2n edip de \u00eemanlar\u0131na zul\u00fcm kar\u0131\u015ft\u0131rmayanlar, i\u015fte korkudan emin olmak bunlar\u0131n hakk\u0131d\u0131r ve hid\u00e2yete erenler de onlard\u0131r.\u00bb<\/b><a title=\"\" href=\"file:\/\/\/F:\/iman%20ve%20ilim.docx#_ftn1\">[1]<\/a> \u00e2yet-i ker\u00eemesi n\u00e2zil oldu\u011fu zaman Ras\u00fblull\u00e2h (s.a.v) Efendimiz\u2019in ash\u00e2b\u0131:<\/p>\n<p style=\"text-align: justify;\">\u00ab\u2012Hangimiz nefsine zulmetmemi\u015ftir?\u00bb dediler. Bunun \u00fczerine;<\/p>\n<p style=\"text-align: justify;\"><b>\u00ab\u00c7\u00fcnk\u00fc \u015firk \u00e7ok b\u00fcy\u00fck bir zul\u00fcmd\u00fcr\u00bb<\/b><a title=\"\" href=\"file:\/\/\/F:\/iman%20ve%20ilim.docx#_ftn2\">[2]<\/a><b> <\/b>\u00e2yet-i ker\u00eemesi n\u00e2zil oldu.\u201d (Buh\u00e2r\u00ee, \u00cem\u00e2n, 23)<\/p>\n<p style=\"text-align: justify;\"><b>\u015eerh:<\/b><\/p>\n<p style=\"text-align: justify;\">Zul\u00fcm derece derecedir. G\u00fcn\u00e2h olan zul\u00fcm oldu\u011fu gibi k\u00fcf\u00fcr olan zul\u00fcm de vard\u0131r. \u015eirk ve k\u00fcf\u00fcr en b\u00fcy\u00fck zul\u00fcmd\u00fcr. Ama b\u00fcy\u00fck g\u00fcnahlar zul\u00fcm olmakla birlikte s\u00e2hibini k\u00fcfre d\u00fc\u015f\u00fcrmez.<\/p>\n<p style=\"text-align: justify;\">G\u00fcnahlar, insan\u0131n kendi kendine yapt\u0131\u011f\u0131 bir zul\u00fcmd\u00fcr. Zira kendini az\u00e2ba m\u00fcstahak h\u00e2le getirmektedir.<\/p>\n<p style=\"text-align: justify;\">Nas\u0131l ki amel-i s\u00e2lihler \u00eem\u00e2n\u0131 tamaml\u0131yor ve kuvvetlendiriyorsa, zul\u00fcm ve m\u00e2siyetler de \u00eem\u00e2n\u0131 zay\u0131flat\u0131r ve n\u00fbrunu azalt\u0131r.<\/p>\n<p style=\"text-align: justify;\">\u0130nsanlar zul\u00fcm ve g\u00fcnahlar\u0131n\u0131n b\u00fcy\u00fckl\u00fc\u011f\u00fc ve k\u00fc\u00e7\u00fckl\u00fc\u011f\u00fcne g\u00f6re muhtelif seviyelerdedir.<\/p>\n<p style=\"text-align: justify;\"><b><br clear=\"all\" \/> <\/b><\/p>\n<p style=\"text-align: justify;\"><b>\u00a0<\/b><\/p>\n<div><br clear=\"all\" \/><\/p>\n<hr align=\"left\" size=\"1\" width=\"33%\" \/>\n<div style=\"text-align: justify;\">\n<p><a title=\"\" href=\"file:\/\/\/F:\/iman%20ve%20ilim.docx#_ftnref1\">[1]<\/a> el-En\u02bb\u00e2m, 82.<\/p>\n<\/div>\n<div>\n<p style=\"text-align: justify;\"><a title=\"\" href=\"file:\/\/\/F:\/iman%20ve%20ilim.docx#_ftnref2\">[2]<\/a> Lokman, 13.<\/p>\n<\/div>\n<\/div>\n","protected":false},"excerpt":{"rendered":"<p>Abdullah bin Mes\u2019\u00fbd (r.a) \u015f\u00f6yle buyurur: \u201c\u00ab\u00cem\u00e2n edip de \u00eemanlar\u0131na zul\u00fcm kar\u0131\u015ft\u0131rmayanlar, i\u015fte korkudan emin olmak bunlar\u0131n hakk\u0131d\u0131r ve hid\u00e2yete erenler de onlard\u0131r.\u00bb[1] \u00e2yet-i ker\u00eemesi n\u00e2zil oldu\u011fu zaman Ras\u00fblull\u00e2h (s.a.v)&hellip; <\/p>\n","protected":false},"author":2,"featured_media":0,"comment_status":"closed","ping_status":"closed","sticky":false,"template":"","format":"standard","meta":{"jetpack_post_was_ever_published":false,"_jetpack_newsletter_access":"","_jetpack_dont_email_post_to_subs":false,"_jetpack_newsletter_tier_id":0,"_jetpack_memberships_contains_paywalled_content":false,"_jetpack_memberships_contains_paid_content":false,"footnotes":"","jetpack_publicize_message":"","jetpack_publicize_feature_enabled":true,"jetpack_social_post_already_shared":true,"jetpack_social_options":{"image_generator_settings":{"template":"highway","default_image_id":0,"enabled":false},"version":2}},"categories":[673],"tags":[],"class_list":["post-14099","post","type-post","status-publish","format-standard","hentry","category-buharideimanveilim"],"jetpack_publicize_connections":[],"jetpack_featured_media_url":"","jetpack_sharing_enabled":true,"jetpack_shortlink":"https:\/\/wp.me\/p3G27m-3Fp","jetpack_likes_enabled":true,"_links":{"self":[{"href":"https:\/\/www.kuranvesunnetyolunda.com\/index.php?rest_route=\/wp\/v2\/posts\/14099","targetHints":{"allow":["GET"]}}],"collection":[{"href":"https:\/\/www.kuranvesunnetyolunda.com\/index.php?rest_route=\/wp\/v2\/posts"}],"about":[{"href":"https:\/\/www.kuranvesunnetyolunda.com\/index.php?rest_route=\/wp\/v2\/types\/post"}],"author":[{"embeddable":true,"href":"https:\/\/www.kuranvesunnetyolunda.com\/index.php?rest_route=\/wp\/v2\/users\/2"}],"replies":[{"embeddable":true,"href":"https:\/\/www.kuranvesunnetyolunda.com\/index.php?rest_route=%2Fwp%2Fv2%2Fcomments&post=14099"}],"version-history":[{"count":1,"href":"https:\/\/www.kuranvesunnetyolunda.com\/index.php?rest_route=\/wp\/v2\/posts\/14099\/revisions"}],"predecessor-version":[{"id":14100,"href":"https:\/\/www.kuranvesunnetyolunda.com\/index.php?rest_route=\/wp\/v2\/posts\/14099\/revisions\/14100"}],"wp:attachment":[{"href":"https:\/\/www.kuranvesunnetyolunda.com\/index.php?rest_route=%2Fwp%2Fv2%2Fmedia&parent=14099"}],"wp:term":[{"taxonomy":"category","embeddable":true,"href":"https:\/\/www.kuranvesunnetyolunda.com\/index.php?rest_route=%2Fwp%2Fv2%2Fcategories&post=14099"},{"taxonomy":"post_tag","embeddable":true,"href":"https:\/\/www.kuranvesunnetyolunda.com\/index.php?rest_route=%2Fwp%2Fv2%2Ftags&post=14099"}],"curies":[{"name":"wp","href":"https:\/\/api.w.org\/{rel}","templated":true}]}}