{"id":14101,"date":"2016-06-11T11:40:47","date_gmt":"2016-06-11T09:40:47","guid":{"rendered":"http:\/\/www.kuranvesunnetyolunda.com\/?p=14101"},"modified":"2016-06-11T11:40:47","modified_gmt":"2016-06-11T09:40:47","slug":"buyuk-gunah-insani-kafir-yapmaz","status":"publish","type":"post","link":"https:\/\/www.kuranvesunnetyolunda.com\/?p=14101","title":{"rendered":"B\u00fcy\u00fck G\u00fcn\u00e2h \u0130nsan\u0131 K\u00e2fir Yapmaz"},"content":{"rendered":"<p style=\"text-align: justify;\"><b>Eb\u00fb Bekre<\/b> (r.a) \u015f\u00f6yle buyurur:<\/p>\n<p style=\"text-align: justify;\">\u201cRas\u00fblull\u00e2h (s.a.v) Efendimiz\u2019den i\u015fittim, <i>\u00ab\u0130ki m\u00fcsl\u00fcman k\u0131l\u0131\u00e7lar\u0131yla kar\u015f\u0131la\u015ft\u0131klar\u0131 zaman k\u00e2til de makt\u00fbl de Cehennem\u2019dedir.\u00bb<\/i> buyuruyorlard\u0131.<\/p>\n<p style=\"text-align: justify;\">\u00ab\u2012Y\u00e2 Ras\u00fblall\u00e2h, k\u00e2til tamam, peki \u00f6ld\u00fcr\u00fclen ni\u00e7in Cehennem\u2019e girer?\u00bb diye sordum.<\/p>\n<p style=\"text-align: justify;\"><i>\u00ab\u2012O da arkada\u015f\u0131n\u0131 \u00f6ld\u00fcrmeye h\u0131rsl\u0131yd\u0131 da ondan!\u00bb<\/i> buyurdular.\u201d (Buh\u00e2r\u00ee, \u00cem\u00e2n, 22)<\/p>\n<p style=\"text-align: justify;\"><b>\u015eerh:<\/b><\/p>\n<p style=\"text-align: justify;\"><i>\u201cCehennem\u2019dedir\u201d<\/i> ifadesi, bu cezaya m\u00fcstahak olur demektir. Yoksa aff-\u0131 il\u00e2h\u00ee yeti\u015fip kurtulmak da m\u00fcmk\u00fcnd\u00fcr. Bu if\u00e2deden, Cehennem\u2019de ebed\u00ee kalma m\u00e2n\u00e2s\u0131 ise hi\u00e7 anla\u015f\u0131lmamal\u0131d\u0131r. Had\u00ees-i \u015ferifte, her iki tarafa m\u00fcslim denilmesinde de buna i\u015faret vard\u0131r.<\/p>\n<p style=\"text-align: justify;\">Burada, sava\u015f\u0131 \u015fer\u2019\u00e2n m\u00e2zur g\u00f6sterecek bir tevil olmadan yap\u0131lan sava\u015ftan bahsediliyor. Sava\u015fa kat\u0131lan ash\u00e2b-\u0131 kiram\u0131n her iki tarafta olanlar\u0131n\u0131n Cennet ehli olmas\u0131 da buna delildir. \u00c7\u00fcnk\u00fc onlar ictihadla ve d\u00eeni \u0131slah i\u00e7in \u00e7arp\u0131\u015fm\u0131\u015flard\u0131. Nitekim Huc\u00fbr\u00e2t s\u00fbresinin 9. \u00e2yetinde de, haddi a\u015farak sald\u0131ran tarafa, hak \u00fczere olan has\u0131mlar\u0131 gibi, m\u00fc\u2019min denilmi\u015ftir:<\/p>\n<p style=\"text-align: justify;\"><b>\u201cE\u011fer M\u00fc\u2019minlerden iki t\u00e2ife \u00e7arp\u0131\u015f\u0131rlarsa hemen aralar\u0131n\u0131 bulun bar\u0131\u015ft\u0131r\u0131n, \u015fayed biri di\u011ferine kar\u015f\u0131 tec\u00e2v\u00fcz ediyorsa o vak\u0131t Allah\u2019\u0131n emrine d\u00f6n\u00fcnceye kadar o ta\u015fk\u0131nl\u0131k edenle sava\u015f\u0131n! E\u011fer d\u00f6nerse yine ad\u00e2letle aralar\u0131n\u0131 sulh edin ve hep insafl\u0131 olun, \u00e7\u00fcnk\u00fc Allah \u00e2dil davrananlar\u0131 sever.\u201d <\/b>(el-Hucur\u00e2t, 9)<\/p>\n<p style=\"text-align: justify;\">B\u00fcy\u00fck g\u00fcnah i\u015fleyen m\u00fc\u2019min, \u00eem\u00e2ndan \u00e7\u0131km\u0131\u015f olmaz.<\/p>\n<p style=\"text-align: justify;\">\n<p>&nbsp;<\/p>\n","protected":false},"excerpt":{"rendered":"<p>Eb\u00fb Bekre (r.a) \u015f\u00f6yle buyurur: \u201cRas\u00fblull\u00e2h (s.a.v) Efendimiz\u2019den i\u015fittim, \u00ab\u0130ki m\u00fcsl\u00fcman k\u0131l\u0131\u00e7lar\u0131yla kar\u015f\u0131la\u015ft\u0131klar\u0131 zaman k\u00e2til de makt\u00fbl de Cehennem\u2019dedir.\u00bb buyuruyorlard\u0131. \u00ab\u2012Y\u00e2 Ras\u00fblall\u00e2h, k\u00e2til tamam, peki \u00f6ld\u00fcr\u00fclen ni\u00e7in Cehennem\u2019e girer?\u00bb diye&hellip; <\/p>\n","protected":false},"author":2,"featured_media":0,"comment_status":"closed","ping_status":"closed","sticky":false,"template":"","format":"standard","meta":{"jetpack_post_was_ever_published":false,"_jetpack_newsletter_access":"","_jetpack_dont_email_post_to_subs":false,"_jetpack_newsletter_tier_id":0,"_jetpack_memberships_contains_paywalled_content":false,"_jetpack_memberships_contains_paid_content":false,"footnotes":"","jetpack_publicize_message":"","jetpack_publicize_feature_enabled":true,"jetpack_social_post_already_shared":true,"jetpack_social_options":{"image_generator_settings":{"template":"highway","default_image_id":0,"enabled":false},"version":2}},"categories":[673],"tags":[],"class_list":["post-14101","post","type-post","status-publish","format-standard","hentry","category-buharideimanveilim"],"jetpack_publicize_connections":[],"jetpack_featured_media_url":"","jetpack_sharing_enabled":true,"jetpack_shortlink":"https:\/\/wp.me\/p3G27m-3Fr","jetpack_likes_enabled":true,"_links":{"self":[{"href":"https:\/\/www.kuranvesunnetyolunda.com\/index.php?rest_route=\/wp\/v2\/posts\/14101","targetHints":{"allow":["GET"]}}],"collection":[{"href":"https:\/\/www.kuranvesunnetyolunda.com\/index.php?rest_route=\/wp\/v2\/posts"}],"about":[{"href":"https:\/\/www.kuranvesunnetyolunda.com\/index.php?rest_route=\/wp\/v2\/types\/post"}],"author":[{"embeddable":true,"href":"https:\/\/www.kuranvesunnetyolunda.com\/index.php?rest_route=\/wp\/v2\/users\/2"}],"replies":[{"embeddable":true,"href":"https:\/\/www.kuranvesunnetyolunda.com\/index.php?rest_route=%2Fwp%2Fv2%2Fcomments&post=14101"}],"version-history":[{"count":1,"href":"https:\/\/www.kuranvesunnetyolunda.com\/index.php?rest_route=\/wp\/v2\/posts\/14101\/revisions"}],"predecessor-version":[{"id":14102,"href":"https:\/\/www.kuranvesunnetyolunda.com\/index.php?rest_route=\/wp\/v2\/posts\/14101\/revisions\/14102"}],"wp:attachment":[{"href":"https:\/\/www.kuranvesunnetyolunda.com\/index.php?rest_route=%2Fwp%2Fv2%2Fmedia&parent=14101"}],"wp:term":[{"taxonomy":"category","embeddable":true,"href":"https:\/\/www.kuranvesunnetyolunda.com\/index.php?rest_route=%2Fwp%2Fv2%2Fcategories&post=14101"},{"taxonomy":"post_tag","embeddable":true,"href":"https:\/\/www.kuranvesunnetyolunda.com\/index.php?rest_route=%2Fwp%2Fv2%2Ftags&post=14101"}],"curies":[{"name":"wp","href":"https:\/\/api.w.org\/{rel}","templated":true}]}}