{"id":14122,"date":"2016-06-11T11:57:08","date_gmt":"2016-06-11T09:57:08","guid":{"rendered":"http:\/\/www.kuranvesunnetyolunda.com\/?p=14122"},"modified":"2016-06-11T11:57:08","modified_gmt":"2016-06-11T09:57:08","slug":"iman-ehlinin-amellerde-birbirinden-ustun-olmasi","status":"publish","type":"post","link":"https:\/\/www.kuranvesunnetyolunda.com\/?p=14122","title":{"rendered":"\u00cem\u00e2n Ehlinin Amellerde Birbirinden \u00dcst\u00fcn Olmas\u0131"},"content":{"rendered":"<p style=\"text-align: justify;\"><b>Eb\u00fb Sa\u00eed el-Hudr\u00ee<\/b> (r.a)\u2019den riv\u00e2yet edildi\u011fine g\u00f6re Nebiyy-i Ekrem Efendimiz (s.a.v) \u015f\u00f6yle buyurmu\u015flard\u0131r:<\/p>\n<p style=\"text-align: justify;\"><i>\u201cCennet ehli Cennet\u2019e, Cehennem ehli Cehennem\u2019e girdikten sonra All\u00e2h Te\u00e2l\u00e2 (azze ve celle):<\/i><\/p>\n<p style=\"text-align: justify;\"><i>\u00ab\u2012Kimin kalbinde bir hardal t\u00e2nesi a\u011f\u0131rl\u0131\u011f\u0131nca \u00eem\u00e2n varsa (ate\u015ften) \u00e7\u0131kar\u0131n\u0131z!\u00bb diye ferman buyuracakt\u0131r.<\/i><\/p>\n<p style=\"text-align: justify;\"><i>Bunun \u00fczerine onlar simsiyah kesilmi\u015f olduklar\u0131 halde \u00e7\u0131kar\u0131l\u0131p Hay\u00e2t Nehri (veya Hay\u00e2 Nehri, Hay\u00e2\u2019 Nehri) i\u00e7ine at\u0131lacaklar ve orada sel u\u011fra\u011f\u0131nda kalan yab\u00e2n\u00ee reyhan tohumlar\u0131 nas\u0131l (s\u00fcr\u2019atle) biterse \u00f6ylece biteceklerdir. G\u00f6rmez misin, bunlar (ne g\u00fczel) sapsar\u0131 olarak (ve iki taraf\u0131na) sal\u0131narak s\u00fcrer?\u201d<\/i> (Buh\u00e2r\u00ee, \u00cem\u00e2n, 15)<\/p>\n<p style=\"text-align: center;\" align=\"center\">*<\/p>\n<p style=\"text-align: justify;\"><b>Eb\u00fb Sa\u00eed el-Hudr\u00ee<\/b> (r.a)\u2019den riv\u00e2yet edildi\u011fine g\u00f6re Ras\u00fblullah Efendimiz (s.a.v) \u015f\u00f6yle buyurmu\u015flard\u0131r:<\/p>\n<p style=\"text-align: justify;\"><i>\u201cUyudu\u011fum esn\u00e2da g\u00f6rd\u00fcm ki insanlar bana arzolunuyordu. \u00dcstlerinde g\u00f6mlekler vard\u0131. Bu g\u00f6mleklerin kimi sad\u0131rlara kadar iniyor, kimi daha k\u0131sa idi. <b>\u00d6mer ibn\u00fc\u2019l-Hatt\u00e2b<\/b> (r.a) da bana arzolundu. \u00dcst\u00fcnde (eteklerini yerde) s\u00fcr\u00fcd\u00fc\u011f\u00fc bir g\u00f6mlek vard\u0131.\u201d<\/i><\/p>\n<p style=\"text-align: justify;\">Ash\u00e2b-\u0131 kir\u00e2m:<\/p>\n<p style=\"text-align: justify;\">\u201c\u2012Y\u00e2 Ras\u00fbl\u00e2ll\u00e2h, bunu ne ile te\u2019v\u00eel (t\u00e2b\u00eer) ettiniz?\u201d diye sordular.<\/p>\n<p style=\"text-align: justify;\">Efendimiz (s.a.v):<\/p>\n<p style=\"text-align: justify;\"><i>\u201c\u2012D\u00een ile t\u00e2bir ettim!\u201d<\/i> cevab\u0131n\u0131 verdiler. (Buh\u00e2r\u00ee, \u00cem\u00e2n, 15)<\/p>\n<p style=\"text-align: justify;\"><b>\u015eerh:<\/b><\/p>\n<p style=\"text-align: justify;\">M\u00fc\u2019minler amelleri sebebiyle farkl\u0131 farkl\u0131 mevkilerde yer al\u0131rlar. Amellerin fazla olmas\u0131, \u00eem\u00e2n\u0131n n\u00fbrunu art\u0131r\u0131r. Amel-i s\u00e2lihleri daha fazla olan g\u00fcnahk\u00e2rlar, Cehennem\u2019den daha erken kurtulurlar. Cennet\u2019teki mertebeler de m\u00fc\u2019minlerin amellerine g\u00f6redir.<\/p>\n<p style=\"text-align: justify;\">Hay\u0131rda yar\u0131\u015fmak, s\u00e2lih amellere ko\u015fmak gerekir.<\/p>\n<p style=\"text-align: justify;\">\u0130sl\u00e2m\u2019\u0131, hayat\u0131n tamam\u0131na yayg\u0131nla\u015ft\u0131rmak gerekir. \u0130sl\u00e2m, uzun bir elbise gibi her taraf\u0131m\u0131z\u0131 \u00f6rtmelidir. Cen\u00e2b-\u0131 Hak \u015f\u00f6yle buyurur:<\/p>\n<p style=\"text-align: justify;\"><b>\u201cEy \u00c2demo\u011fullar\u0131! Size ay\u0131p yerlerinizi \u00f6rtecek giysi, s\u00fcslenecek elbise yaratt\u0131k. Takv\u00e2 elbisesi&#8230; \u0130\u015fte o daha hay\u0131rl\u0131d\u0131r. Bunlar Allah\u2019\u0131n \u00e2yetlerindendir. Belki d\u00fc\u015f\u00fcn\u00fcp \u00f6\u011f\u00fct al\u0131rlar <\/b>(diye onlar\u0131 indirdi)<b>.\u201d<\/b> (el-A\u2019r\u00e2f, 26)<\/p>\n<p style=\"text-align: justify;\">\u00c2limlerin bu \u00e2yet-i kerime ve had\u00ees-i \u015feriften anlad\u0131klar\u0131na g\u00f6re r\u00fcy\u00e2da elbisenin noksan olmas\u0131 veya ki\u015finin kendisini elbisesiz g\u00f6rmesi, d\u00eeninde bir kus\u00fbr oldu\u011funa i\u015farettir.<\/p>\n<p style=\"text-align: justify;\"><b>Hz. \u00d6mer<\/b> (r.a)\u2019in \u00fczerindeki g\u00f6mle\u011fin uzun olup fazla k\u0131sm\u0131n\u0131n yerde s\u00fcr\u00fcnmesi, onun ver\u00e2 ve takv\u00e2s\u0131na i\u015farettir. Yani \u00fczerine farz olanlardan ba\u015fka n\u00e2file ibadetleri de \u00e7ok\u00e7a yapt\u0131\u011f\u0131n\u0131 ve harama yakla\u015fma endi\u015fesiyle bir k\u0131s\u0131m m\u00fcbahlar\u0131 da terketti\u011fini g\u00f6sterir.<\/p>\n<p style=\"text-align: justify;\">S\u00e2lih ve faz\u00eelet ehli bir z\u00e2t, kibir ve ucba kap\u0131lmayacaksa onu insanlar\u0131n huz\u00fbrunda methetmek c\u00e2izdir. Bu da o ki\u015finin faziletine dikkat \u00e7ekmek, mevk\u00eesini a\u00e7\u0131klayarak kendisine buna g\u00f6re mu\u00e2mele edilmesini sa\u011flamak ve insanlar\u0131 ona uymaya ve ahl\u00e2k\u0131yla ahl\u00e2klanmaya te\u015fvik etmek maksad\u0131yla olmal\u0131d\u0131r.<b><\/b><\/p>\n<p style=\"text-align: justify;\"><b>\u0130m\u00e2m Nevev\u00ee<\/b> (r.a) \u015f\u00f6yle buyurur:<\/p>\n<p style=\"text-align: justify;\">\u201cHad\u00ees-i \u015fer\u00eef, amellerin \u00eem\u00e2ndan oldu\u011funa del\u00e2let eder.\u201d (Ayn\u00ee, <i>Umde<\/i>, I, 172-173)<\/p>\n","protected":false},"excerpt":{"rendered":"<p>Eb\u00fb Sa\u00eed el-Hudr\u00ee (r.a)\u2019den riv\u00e2yet edildi\u011fine g\u00f6re Nebiyy-i Ekrem Efendimiz (s.a.v) \u015f\u00f6yle buyurmu\u015flard\u0131r: \u201cCennet ehli Cennet\u2019e, Cehennem ehli Cehennem\u2019e girdikten sonra All\u00e2h Te\u00e2l\u00e2 (azze ve celle): \u00ab\u2012Kimin kalbinde bir hardal&hellip; <\/p>\n","protected":false},"author":2,"featured_media":0,"comment_status":"closed","ping_status":"closed","sticky":false,"template":"","format":"standard","meta":{"jetpack_post_was_ever_published":false,"_jetpack_newsletter_access":"","_jetpack_dont_email_post_to_subs":false,"_jetpack_newsletter_tier_id":0,"_jetpack_memberships_contains_paywalled_content":false,"_jetpack_memberships_contains_paid_content":false,"footnotes":"","jetpack_publicize_message":"","jetpack_publicize_feature_enabled":true,"jetpack_social_post_already_shared":true,"jetpack_social_options":{"image_generator_settings":{"template":"highway","default_image_id":0,"enabled":false},"version":2}},"categories":[673],"tags":[],"class_list":["post-14122","post","type-post","status-publish","format-standard","hentry","category-buharideimanveilim"],"jetpack_publicize_connections":[],"jetpack_featured_media_url":"","jetpack_sharing_enabled":true,"jetpack_shortlink":"https:\/\/wp.me\/p3G27m-3FM","jetpack_likes_enabled":true,"_links":{"self":[{"href":"https:\/\/www.kuranvesunnetyolunda.com\/index.php?rest_route=\/wp\/v2\/posts\/14122","targetHints":{"allow":["GET"]}}],"collection":[{"href":"https:\/\/www.kuranvesunnetyolunda.com\/index.php?rest_route=\/wp\/v2\/posts"}],"about":[{"href":"https:\/\/www.kuranvesunnetyolunda.com\/index.php?rest_route=\/wp\/v2\/types\/post"}],"author":[{"embeddable":true,"href":"https:\/\/www.kuranvesunnetyolunda.com\/index.php?rest_route=\/wp\/v2\/users\/2"}],"replies":[{"embeddable":true,"href":"https:\/\/www.kuranvesunnetyolunda.com\/index.php?rest_route=%2Fwp%2Fv2%2Fcomments&post=14122"}],"version-history":[{"count":1,"href":"https:\/\/www.kuranvesunnetyolunda.com\/index.php?rest_route=\/wp\/v2\/posts\/14122\/revisions"}],"predecessor-version":[{"id":14123,"href":"https:\/\/www.kuranvesunnetyolunda.com\/index.php?rest_route=\/wp\/v2\/posts\/14122\/revisions\/14123"}],"wp:attachment":[{"href":"https:\/\/www.kuranvesunnetyolunda.com\/index.php?rest_route=%2Fwp%2Fv2%2Fmedia&parent=14122"}],"wp:term":[{"taxonomy":"category","embeddable":true,"href":"https:\/\/www.kuranvesunnetyolunda.com\/index.php?rest_route=%2Fwp%2Fv2%2Fcategories&post=14122"},{"taxonomy":"post_tag","embeddable":true,"href":"https:\/\/www.kuranvesunnetyolunda.com\/index.php?rest_route=%2Fwp%2Fv2%2Ftags&post=14122"}],"curies":[{"name":"wp","href":"https:\/\/api.w.org\/{rel}","templated":true}]}}