{"id":14148,"date":"2016-06-11T12:04:33","date_gmt":"2016-06-11T10:04:33","guid":{"rendered":"http:\/\/www.kuranvesunnetyolunda.com\/?p=14148"},"modified":"2016-06-11T13:06:45","modified_gmt":"2016-06-11T11:06:45","slug":"el-ve-dil-ile-muslumanlara-zarar-vermemek-ve-gunahlardan-uzak-durmak","status":"publish","type":"post","link":"https:\/\/www.kuranvesunnetyolunda.com\/?p=14148","title":{"rendered":"1-2. El ve Dil \u0130le M\u00fcsl\u00fcmanlara Zarar Vermemek ve G\u00fcnahlardan Uzak Durmak"},"content":{"rendered":"<p style=\"text-align: justify;\"><b>Abdullah bin Amr<\/b> (r.a)\u2019dan riv\u00e2yet edildi\u011fine g\u00f6re Nebiyy-i Ekrem Efendimiz (s.a.v) \u015f\u00f6yle buyurmu\u015flard\u0131r:<\/p>\n<p style=\"text-align: justify;\"><i>\u201cM\u00fcsl\u00fcman; dilinden ve elinden m\u00fcsl\u00fcmanlar\u0131n sel\u00e2mette kald\u0131\u011f\u0131 kimsedir. Muh\u00e2cir de All\u00e2h\u2019\u0131n nehyetti\u011fi \u015feyleri terkedendir.\u201d<\/i> (Buh\u00e2r\u00ee, \u00cem\u00e2n, 4)<\/p>\n<p style=\"text-align: center;\" align=\"center\">*<\/p>\n<p style=\"text-align: justify;\"><b>Eb\u00fb M\u00fbs\u00e2 el-E\u015f\u2019ar\u00ee<\/b> (r.a) \u015f\u00f6yle anlat\u0131r:<\/p>\n<p style=\"text-align: justify;\">\u201cAsh\u00e2b-\u0131 kir\u00e2m:<\/p>\n<p style=\"text-align: justify;\">\u00ab\u2012Y\u00e2 Ras\u00fbl\u00e2ll\u00e2h, m\u00fcsl\u00fcmanlar\u0131n hangisi efdaldir?\u00bb diye su\u00e2l ettiler.<\/p>\n<p style=\"text-align: justify;\">Efendimiz (s.a.v):<\/p>\n<p style=\"text-align: justify;\"><i>\u00ab\u2012Dilinden ve elinden m\u00fcsl\u00fcmanlar\u0131n sel\u00e2mette kald\u0131\u011f\u0131 kimse!\u00bb<\/i>. cevab\u0131n\u0131 verdiler.\u201d (Buh\u00e2r\u00ee, \u00cem\u00e2n, 5)<\/p>\n<p style=\"text-align: justify;\"><b>\u015eerh:<\/b><\/p>\n<p style=\"text-align: justify;\">Burada \u00eem\u00e2n\u0131n iki \u015f\u00fbbesi zikredilmi\u015ftir:<\/p>\n<p style=\"text-align: justify;\">1. M\u00fcsl\u00fcmanlara el ve dil ile zarar vermemek, eziyet etmemek. Bu i\u015fin s\u0131rr\u0131 ise, b\u00fct\u00fcn \u00e2lemle iyi ge\u00e7inmek, b\u00fct\u00fcn \u00e2leme kar\u015f\u0131 h\u00fcsn-i ahl\u00e2k ile mu\u00e2mele etmektir. <b>Hasan Basr\u00ee<\/b> (r.a) \u201cEbr\u00e2r\u201d\u0131 \u015f\u00f6yle tefsir etmi\u015ftir:<\/p>\n<p dir=\"RTL\" style=\"text-align: center;\" align=\"center\">\u0647\u064f\u0645\u064f \u0627\u0644\u0651\u064e\u0630\u0650\u064a\u0646\u064e \u0644\u064e\u0627 \u064a\u064f\u0624\u0652\u0630\u0648\u0646\u064e \u0627\u0644\u0630\u0651\u064e\u0631\u0651\u064e \u0648\u064e\u0644\u064e\u0627 \u064a\u064e\u0631\u0652\u0636\u064e\u0648\u0652\u0646\u064e \u0627\u0644\u0634\u0651\u064e\u0631\u0651\u064e<\/p>\n<p style=\"text-align: justify;\">\u201cOnlar kar\u0131ncay\u0131 bile incitmeyen ve en ufak bir \u015ferre bile r\u00e2z\u0131 olmayan kimselerdir.\u201d (Ayn\u00ee, <i>Umde<\/i>, I, 132)<\/p>\n<p style=\"text-align: justify;\">2. Allah\u2019\u0131n nehyetti\u011fi \u015feylerden ayr\u0131l\u0131p uzakla\u015farak emretti\u011fi ve r\u00e2z\u0131 oldu\u011fu \u015feylere hicret etmek.<\/p>\n<p style=\"text-align: justify;\">Haramlar\u0131 ve mekruhlar\u0131 terketmek, en b\u00fcy\u00fck hicrettir. Hak\u00eek\u00ee m\u00e2n\u00e2daki hicret de z\u00e2ten buna d\u00e2hildir.<\/p>\n","protected":false},"excerpt":{"rendered":"<p>Abdullah bin Amr (r.a)\u2019dan riv\u00e2yet edildi\u011fine g\u00f6re Nebiyy-i Ekrem Efendimiz (s.a.v) \u015f\u00f6yle buyurmu\u015flard\u0131r: \u201cM\u00fcsl\u00fcman; dilinden ve elinden m\u00fcsl\u00fcmanlar\u0131n sel\u00e2mette kald\u0131\u011f\u0131 kimsedir. Muh\u00e2cir de All\u00e2h\u2019\u0131n nehyetti\u011fi \u015feyleri terkedendir.\u201d (Buh\u00e2r\u00ee, \u00cem\u00e2n, 4)&hellip; <\/p>\n","protected":false},"author":2,"featured_media":0,"comment_status":"closed","ping_status":"closed","sticky":false,"template":"","format":"standard","meta":{"jetpack_post_was_ever_published":false,"_jetpack_newsletter_access":"","_jetpack_dont_email_post_to_subs":false,"_jetpack_newsletter_tier_id":0,"_jetpack_memberships_contains_paywalled_content":false,"_jetpack_memberships_contains_paid_content":false,"footnotes":"","jetpack_publicize_message":"","jetpack_publicize_feature_enabled":true,"jetpack_social_post_already_shared":true,"jetpack_social_options":{"image_generator_settings":{"template":"highway","default_image_id":0,"enabled":false},"version":2}},"categories":[673],"tags":[],"class_list":["post-14148","post","type-post","status-publish","format-standard","hentry","category-buharideimanveilim"],"jetpack_publicize_connections":[],"jetpack_featured_media_url":"","jetpack_sharing_enabled":true,"jetpack_shortlink":"https:\/\/wp.me\/p3G27m-3Gc","jetpack_likes_enabled":true,"_links":{"self":[{"href":"https:\/\/www.kuranvesunnetyolunda.com\/index.php?rest_route=\/wp\/v2\/posts\/14148","targetHints":{"allow":["GET"]}}],"collection":[{"href":"https:\/\/www.kuranvesunnetyolunda.com\/index.php?rest_route=\/wp\/v2\/posts"}],"about":[{"href":"https:\/\/www.kuranvesunnetyolunda.com\/index.php?rest_route=\/wp\/v2\/types\/post"}],"author":[{"embeddable":true,"href":"https:\/\/www.kuranvesunnetyolunda.com\/index.php?rest_route=\/wp\/v2\/users\/2"}],"replies":[{"embeddable":true,"href":"https:\/\/www.kuranvesunnetyolunda.com\/index.php?rest_route=%2Fwp%2Fv2%2Fcomments&post=14148"}],"version-history":[{"count":4,"href":"https:\/\/www.kuranvesunnetyolunda.com\/index.php?rest_route=\/wp\/v2\/posts\/14148\/revisions"}],"predecessor-version":[{"id":14183,"href":"https:\/\/www.kuranvesunnetyolunda.com\/index.php?rest_route=\/wp\/v2\/posts\/14148\/revisions\/14183"}],"wp:attachment":[{"href":"https:\/\/www.kuranvesunnetyolunda.com\/index.php?rest_route=%2Fwp%2Fv2%2Fmedia&parent=14148"}],"wp:term":[{"taxonomy":"category","embeddable":true,"href":"https:\/\/www.kuranvesunnetyolunda.com\/index.php?rest_route=%2Fwp%2Fv2%2Fcategories&post=14148"},{"taxonomy":"post_tag","embeddable":true,"href":"https:\/\/www.kuranvesunnetyolunda.com\/index.php?rest_route=%2Fwp%2Fv2%2Ftags&post=14148"}],"curies":[{"name":"wp","href":"https:\/\/api.w.org\/{rel}","templated":true}]}}