{"id":14161,"date":"2016-06-11T12:09:31","date_gmt":"2016-06-11T10:09:31","guid":{"rendered":"http:\/\/www.kuranvesunnetyolunda.com\/?p=14161"},"modified":"2016-06-11T12:09:31","modified_gmt":"2016-06-11T10:09:31","slug":"peygamber-efendimiz-s-a-v-vahyi-nasil-alirdi","status":"publish","type":"post","link":"https:\/\/www.kuranvesunnetyolunda.com\/?p=14161","title":{"rendered":"Peygamber Efendimiz (s.a.v) Vahyi Nas\u0131l Al\u0131rd\u0131?"},"content":{"rendered":"<p style=\"text-align: justify;\"><b>\u0130bn-i Abb\u00e2s<\/b> (r.a);<\/p>\n<p style=\"text-align: justify;\"><b>\u201cEy Hab\u00eeb-i Muhteremim, Sana n\u00e2zil olan Kur\u2019\u00e2n \u00e2yetlerini nazm\u0131 ile unutmayay\u0131m diye acele edip Cibr\u00eel til\u00e2vetini tamamlamadan hemen lis\u00e2n\u0131n\u0131 ve dudaklar\u0131n\u0131 k\u0131m\u0131ldatmaya ba\u015flama!\u201d<\/b><a title=\"\" href=\"file:\/\/\/F:\/iman%20ve%20ilim.docx#_ftn1\">[1]<\/a> \u00e2yet-i kerimesi hakk\u0131nda \u015f\u00f6yle buyurmu\u015ftur:<\/p>\n<p style=\"text-align: justify;\">\u201cRas\u00fblull\u00e2h Efendimiz (s.a.v) n\u00e2zil olan \u00e2yet-i kerimeleri derhal ezberlemek i\u00e7in kendisini me\u015fakkate sokar ve bundan dolay\u0131 \u00e7ok kereler m\u00fcb\u00e2rek dudaklar\u0131n\u0131 k\u0131m\u0131ldat\u0131rlard\u0131.\u201d<\/p>\n<p style=\"text-align: justify;\">Bunu s\u00f6ylerken \u0130bn-i Abb\u00e2s (r.a):<\/p>\n<p style=\"text-align: justify;\">\u201c\u2012\u0130\u015fte bak Ras\u00fblull\u00e2h Efendimiz (s.a.v) dudaklar\u0131n\u0131 nas\u0131l k\u0131m\u0131ldatt\u0131ysa ben de sana \u00f6ylece k\u0131m\u0131ldat\u0131yorum.\u201d buyurdu.<\/p>\n<p style=\"text-align: justify;\">\u201cBunun \u00fczerine All\u00e2h Te\u00e2l\u00e2 Hazretleri O\u2019na:<\/p>\n<p style=\"text-align: justify;\"><b>\u00abEy Hab\u00eeb-i Muhteremim, Sana n\u00e2zil olan Kur\u2019\u00e2n \u00e2yetlerini nazm\u0131 ile unutmayay\u0131m diye acele edip Cibr\u00eel daha til\u00e2vetini tamamlamadan hemen lis\u00e2n\u0131n\u0131 ve dudaklar\u0131n\u0131 k\u0131m\u0131ldatmaya ba\u015flama! Kur\u2019\u00e2n\u2019\u0131 sadr\u0131nda cem etmek <\/b>(toplamak) <b>ve Sana til\u00e2vet ettirmek Biz\u2019e \u00e2ittir. Cibr\u00eel\u2019in lisan\u0131yla Kur\u2019\u00e2n\u2019\u0131 Sana okudu\u011fumuzda Sen yaln\u0131z dinle! Ondan sonra onu anlat\u0131p belletmek yine Biz\u2019e \u00e2ittir.\u00bb<\/b><a title=\"\" href=\"file:\/\/\/F:\/iman%20ve%20ilim.docx#_ftn2\">[2]<\/a> \u00e2yet-i kerimelerini inz\u00e2l eyledi.<\/p>\n<p style=\"text-align: justify;\"><b>\u00abKur\u2019\u00e2n\u2019\u0131 sadr\u0131nda cem etmek <\/b>(toplamak) <b>ve Sana til\u00e2vet ettirmek Biz\u2019e \u00e2ittir.\u00bb <\/b>Yani Kur\u2019\u00e2n\u2019\u0131 Sen\u2019in sadr\u0131nda toplamam\u0131z, ezberletmemiz ve sonra da Sen\u2019in onu okuyabilmen Biz\u2019e \u00e2ittir.<\/p>\n<p style=\"text-align: justify;\"><b>\u00abCibr\u00eel\u2019in lisan\u0131yla Kur\u2019\u00e2n\u2019\u0131 Sana okudu\u011fumuzda Sen yaln\u0131z dinle!\u00bb<\/b> Yani Kur\u2019\u00e2n\u2019\u0131 Cibr\u00eel\u2019in diliyle Sana okudu\u011fumuzda onu dinle ve s\u00fck\u00fbt ederek ona kulak ver!<\/p>\n<p style=\"text-align: justify;\"><b>\u00abOndan sonra onu anlat\u0131p belletmek yine bize \u00e2ittir.\u00bb<\/b> Y\u00e2ni ondan sonra da onu d\u00fczg\u00fcnce okuman\u0131 Biz tekeff\u00fcl ederiz.<\/p>\n<p style=\"text-align: justify;\">\u0130\u015fte bundan sonra Ras\u00fblull\u00e2h (s.a.v) Efendimiz\u2019e ne zaman Cibr\u00eel (a.s) gelirse s\u00fck\u00fbt buyurup onu dinlerlerdi. Cibr\u00eel (a.s) gidince getirmi\u015f oldu\u011fu \u00e2yet-i kerimeleri o nas\u0131l til\u00e2vet etmi\u015fse Nebiyy-i Muhterem (s.a.v) de \u00f6ylece til\u00e2vet ederlerdi. (Buh\u00e2r\u00ee, Bed\u2019\u00fc\u2019l-Vahy, 4)<\/p>\n<p style=\"text-align: justify;\"><b>\u015eerh:<\/b><\/p>\n<p style=\"text-align: justify;\">\u0130bn-i Abb\u00e2s (r.a) Ras\u00fblullah (s.a.v) Efendimiz\u2019in m\u00fcbarek dudaklar\u0131n\u0131 nas\u0131l hareket ettirdi\u011fini hik\u00e2ye (takl\u00eed) etti\u011fi gibi kendisinden rivayet edenler de riv\u00e2yet esn\u00e2s\u0131nda m\u00fcteselsilen hep \u00f6yle hik\u00e2ye ile dudaklar\u0131n\u0131 hareket ettirmi\u015flerdir. Bu \u015fekilde riv\u00e2yet edilen had\u00ees-i \u015fer\u00eefe <b>\u201cHad\u00ees-i M\u00fcselsel\u201d<\/b> denir. <b>Mus\u00e2faha Hadisi<\/b> de bu tarzda m\u00fcteselsilen riv\u00e2yet edilmi\u015ftir.<\/p>\n<p style=\"text-align: justify;\">Allah Ras\u00fbl\u00fc (s.a.v) vazifesine verdi\u011fi ehemmiyet ve g\u00f6sterdi\u011fi hass\u00e2siyet sebebiyle tel\u00e2\u015fa kap\u0131lm\u0131\u015ft\u0131. Gelen vahyin bir harfini bile ka\u00e7\u0131rmayay\u0131m d\u00fc\u015f\u00fcncesiyle hemen onlar\u0131 ezberlemek i\u00e7in tekrarl\u0131yordu. Cen\u00e2b-\u0131 Hak ise bu hususta endi\u015felenmemesini s\u00f6yleyerek vahyi tam olarak kendisine ezberletece\u011fini m\u00fcjdelemi\u015ftir.<\/p>\n<p style=\"text-align: justify;\">Cen\u00e2b-\u0131 Hak Kur\u2019\u00e2n-\u0131 Ker\u00eem\u2019i Peygamber (s.a.v) Efendimiz\u2019e vahyedip ezberletmi\u015f ve gerekti\u011finde m\u00e2n\u00e2lar\u0131n\u0131 da bey\u00e2n etmi\u015f, yani tefsirini de \u00f6\u011fretmi\u015ftir. B\u00f6ylece Efendimiz (s.a.v)\u2019in bize em\u00e2net olarak b\u0131rakt\u0131\u011f\u0131 Kit\u00e2bull\u00e2h ve S\u00fcnnet-i Seniyye yery\u00fcz\u00fcn\u00fc \u015fereflendirmi\u015ftir.<\/p>\n<p style=\"text-align: justify;\">Riv\u00e2yetten anla\u015f\u0131ld\u0131\u011f\u0131na g\u00f6re Kur\u2019\u00e2n-\u0131 Ker\u00eem\u2019i ezberleyenler ancak Allah Te\u00e2l\u00e2\u2019n\u0131n yard\u0131m\u0131 ve l\u00fctfuyla ezberleyebilirler.<\/p>\n<p style=\"text-align: justify;\"><b><br clear=\"all\" \/> <\/b><\/p>\n<p style=\"text-align: justify;\"><b>\u00a0<\/b><\/p>\n<div><br clear=\"all\" \/><\/p>\n<hr align=\"left\" size=\"1\" width=\"33%\" \/>\n<div style=\"text-align: justify;\">\n<p><a title=\"\" href=\"file:\/\/\/F:\/iman%20ve%20ilim.docx#_ftnref1\">[1]<\/a> el-K\u0131y\u00e2me, 16.<\/p>\n<\/div>\n<div>\n<p style=\"text-align: justify;\"><a title=\"\" href=\"file:\/\/\/F:\/iman%20ve%20ilim.docx#_ftnref2\">[2]<\/a> el-K\u0131y\u00e2me, 16-19.<\/p>\n<\/div>\n<\/div>\n","protected":false},"excerpt":{"rendered":"<p>\u0130bn-i Abb\u00e2s (r.a); \u201cEy Hab\u00eeb-i Muhteremim, Sana n\u00e2zil olan Kur\u2019\u00e2n \u00e2yetlerini nazm\u0131 ile unutmayay\u0131m diye acele edip Cibr\u00eel til\u00e2vetini tamamlamadan hemen lis\u00e2n\u0131n\u0131 ve dudaklar\u0131n\u0131 k\u0131m\u0131ldatmaya ba\u015flama!\u201d[1] \u00e2yet-i kerimesi hakk\u0131nda \u015f\u00f6yle&hellip; <\/p>\n","protected":false},"author":2,"featured_media":0,"comment_status":"closed","ping_status":"closed","sticky":false,"template":"","format":"standard","meta":{"jetpack_post_was_ever_published":false,"_jetpack_newsletter_access":"","_jetpack_dont_email_post_to_subs":false,"_jetpack_newsletter_tier_id":0,"_jetpack_memberships_contains_paywalled_content":false,"_jetpack_memberships_contains_paid_content":false,"footnotes":"","jetpack_publicize_message":"","jetpack_publicize_feature_enabled":true,"jetpack_social_post_already_shared":true,"jetpack_social_options":{"image_generator_settings":{"template":"highway","default_image_id":0,"enabled":false},"version":2}},"categories":[673],"tags":[],"class_list":["post-14161","post","type-post","status-publish","format-standard","hentry","category-buharideimanveilim"],"jetpack_publicize_connections":[],"jetpack_featured_media_url":"","jetpack_sharing_enabled":true,"jetpack_shortlink":"https:\/\/wp.me\/p3G27m-3Gp","jetpack_likes_enabled":true,"_links":{"self":[{"href":"https:\/\/www.kuranvesunnetyolunda.com\/index.php?rest_route=\/wp\/v2\/posts\/14161","targetHints":{"allow":["GET"]}}],"collection":[{"href":"https:\/\/www.kuranvesunnetyolunda.com\/index.php?rest_route=\/wp\/v2\/posts"}],"about":[{"href":"https:\/\/www.kuranvesunnetyolunda.com\/index.php?rest_route=\/wp\/v2\/types\/post"}],"author":[{"embeddable":true,"href":"https:\/\/www.kuranvesunnetyolunda.com\/index.php?rest_route=\/wp\/v2\/users\/2"}],"replies":[{"embeddable":true,"href":"https:\/\/www.kuranvesunnetyolunda.com\/index.php?rest_route=%2Fwp%2Fv2%2Fcomments&post=14161"}],"version-history":[{"count":1,"href":"https:\/\/www.kuranvesunnetyolunda.com\/index.php?rest_route=\/wp\/v2\/posts\/14161\/revisions"}],"predecessor-version":[{"id":14162,"href":"https:\/\/www.kuranvesunnetyolunda.com\/index.php?rest_route=\/wp\/v2\/posts\/14161\/revisions\/14162"}],"wp:attachment":[{"href":"https:\/\/www.kuranvesunnetyolunda.com\/index.php?rest_route=%2Fwp%2Fv2%2Fmedia&parent=14161"}],"wp:term":[{"taxonomy":"category","embeddable":true,"href":"https:\/\/www.kuranvesunnetyolunda.com\/index.php?rest_route=%2Fwp%2Fv2%2Fcategories&post=14161"},{"taxonomy":"post_tag","embeddable":true,"href":"https:\/\/www.kuranvesunnetyolunda.com\/index.php?rest_route=%2Fwp%2Fv2%2Ftags&post=14161"}],"curies":[{"name":"wp","href":"https:\/\/api.w.org\/{rel}","templated":true}]}}