{"id":17275,"date":"2025-09-22T21:10:04","date_gmt":"2025-09-22T19:10:04","guid":{"rendered":"https:\/\/www.kuranvesunnetyolunda.com\/?p=17275"},"modified":"2025-09-22T21:10:06","modified_gmt":"2025-09-22T19:10:06","slug":"onsoz-10","status":"publish","type":"post","link":"https:\/\/www.kuranvesunnetyolunda.com\/?p=17275","title":{"rendered":"\u00d6NS\u00d6Z"},"content":{"rendered":"\n<p><em>\u0130nsan\u0131 iki elleriyle yarat\u0131p yery\u00fcz\u00fcne hal\u00eefe k\u0131lan ve ihs\u00e2n etti\u011fi ilimle onu \u00fcst\u00fcn k\u0131lan Allah\u2019a sonsuz hamd \u00fc sen\u00e2lar olsun!<\/em><\/p>\n\n\n\n<p><em>\u00c2demo\u011fullar\u0131n\u0131n Efendisi, peygamberlerin m\u00fchr\u00fc ve b\u00fct\u00fcn insanl\u0131\u011f\u0131n \u015fefaat\u00e7isi Ras\u00fblullah (s.a.v) Efendimiz\u2019e b\u00fct\u00fcn zerreler adedince sonsuza kadar nih\u00e2yetsiz sal\u00e2t u sel\u00e2m olsun.<\/em><\/p>\n\n\n\n<p>Ezelde Allah te\u00e2l\u00e2 vard\u0131, ba\u015fka hi\u00e7bir \u015fey yoktu. Cen\u00e2b-\u0131 Hak mur\u00e2d etti\u011fi zaman pek \u00e7ok varl\u0131klar yaratt\u0131, yerleri g\u00f6kleri var etti. Uzun zaman sonra en son insan\u0131 yaratt\u0131. \u0130nsandan hi\u00e7 bahsedilmeyen, isminin okunmad\u0131\u011f\u0131 \u00e7ok uzun as\u0131rlar ge\u00e7ti. K\u0131yamete yak\u0131n bir zamanda Allah onu \u00fcst\u00fcn vas\u0131f ve kabiliyetlerle m\u00fczeyyen k\u0131larak imtihan i\u00e7in yaratt\u0131. Kendisini kullar\u0131na tan\u0131t\u0131p do\u011fru yolu en a\u00e7\u0131k bir \u015fekilde g\u00f6sterdi. \u0130nk\u00e2r edenler i\u00e7in haz\u0131rlanan az\u00e2b\u0131, \u00eem\u00e2n eden iyi insanlar\u0131 bekleyen m\u00fck\u00e2fat\u0131 b\u00fct\u00fcn tafs\u00eel\u00e2t\u0131yla haber verdi. Kullar\u0131n\u0131n nas\u0131l olmas\u0131, hangi vas\u0131flar\u0131 kazanmalar\u0131 gerekti\u011fini bildirdi.<\/p>\n\n\n\n<p>Buna g\u00f6re insan ferd olarak iyi bir m\u00fcsl\u00fcman olmal\u0131, Rabbine \u00eem\u00e2n edip onun istedi\u011fi \u015fekilde s\u00e2lih ameller i\u015flemelidir. Hay\u0131rl\u0131 bir insan olarak g\u00fczel bir \u00e2ile kurmal\u0131 ve insanl\u0131\u011f\u0131n devam\u0131 i\u00e7in nesiller yeti\u015ftirmelidir. Allah onun f\u0131trat\u0131n\u0131 bu niz\u00e2m \u00fczere yaratm\u0131\u015ft\u0131r. F\u0131trat\u0131na ayk\u0131r\u0131 davrand\u0131\u011f\u0131 m\u00fcddet\u00e7e dengeli bir insan olmas\u0131 imk\u00e2ns\u0131zd\u0131r. Huzurla kurulan \u00e2ileler de \u00e2dil bir toplum olu\u015fturup m\u00fcsl\u00fcman bir idarecinin etraf\u0131nda toplanmal\u0131d\u0131r. \u0130nsanlar aras\u0131 huk\u016bkun sel\u00e2meti i\u00e7in bu zar\u00fbr\u00eedir.<\/p>\n\n\n\n<p>\u0130nsan yery\u00fcz\u00fcne imtihan i\u00e7in geldi\u011fine g\u00f6re onun i\u00e7in en m\u00fchim \u015fey ba\u015far\u0131l\u0131 olmak i\u00e7in ne yapmas\u0131 gerekti\u011fini g\u00f6steren d\u00eenidir. \u0130kinci m\u00fchim \u015fey ise toplum i\u00e7inde di\u011fer insanlarla birlikte huzur i\u00e7inde ya\u015fayabilmesini temin eden devletidir. Bu sebeple \u00e2limlerimiz <em>\u201cDin ile devlet ikiz karde\u015ftir, biri olmadan di\u011ferinin ayakta durmas\u0131 m\u00fcmk\u00fcn de\u011fildir. Din esas, devlet de onun koruyucusudur. Koruyucusu olmayan bir esas z\u00e2yi olur, temeli olmayan bir koruyucu da y\u0131k\u0131l\u0131p gider\u201d <\/em>demi\u015flerdir.<a href=\"#_ftn1\" id=\"_ftnref1\">[1]<\/a> Bu sebeple m\u00fcsl\u00fcmanlar dinlerine ve devletlerine s\u0131k\u0131ca sar\u0131lmal\u0131, onlara iyi sahip \u00e7\u0131kmal\u0131d\u0131r. Bu da yeti\u015fmi\u015f fertlerden m\u00fcte\u015fekkil huzurlu \u00e2ilelerin olu\u015fturdu\u011fu sa\u011flam bir toplum ile m\u00fcmk\u00fcnd\u00fcr. Bu, insanl\u0131k tarihi boyunca hep b\u00f6yle olmu\u015f bundan sonra da b\u00f6yle olmaya devam edecektir.<\/p>\n\n\n\n<p>\u0130nsan hayra da \u015ferre de meyletmeye m\u00fcs\u00e2id oldu\u011fundan devaml\u0131 telk\u00eene ve y\u00f6nlendirmeye muhta\u00e7t\u0131r. Ona her zaman iyilikleri hat\u0131rlat\u0131p \u00f6zendirmek, k\u00f6t\u00fcl\u00fcklerin zarar\u0131n\u0131 s\u00f6yleyip sak\u0131nd\u0131rmak gerekir. Bunun i\u00e7in Allah te\u00e2l\u00e2 pek \u00e7ok peygamber ve kitap g\u00f6ndermi\u015f, kitaplar\u0131nda tarif etti\u011fi \u015feylerin ya\u015fanmas\u0131na peygamberlerini \u00f6rnek k\u0131lm\u0131\u015ft\u0131r. Peygamberlerin vefat\u0131ndan sonra da onlar\u0131 takip eden g\u00fczel insanlar\u0131n \u00f6rnek al\u0131nmas\u0131 gerekir. Bu sebeple biz de en g\u00fczel \u00f6rnek olan peygamberlerden, onlar\u0131n efendisi Ras\u00fblullah (s.a.v) Efendimiz\u2019den ve onun g\u00fczide sahab\u00eelerinden baz\u0131 \u00f6rnekler takdim ederek ba\u015fta kendimize, sonra da m\u00fcsl\u00fcman karde\u015flerimize hayr\u0131 telkin etmeyi istedik. Bahsetti\u011fimiz \u015fahsiyetler \u00f6nce fert olarak sonra da \u00e2ileleri ile \u00f6n\u00fcm\u00fczdeki en g\u00fczel \u00f6rneklerdir. Nakletti\u011fimiz rivayetlerde onlar\u0131n kendilerini ve \u00e2ilelerini nas\u0131l yeti\u015ftirip d\u00fcnya imtihan\u0131n\u0131 nas\u0131l kazand\u0131klar\u0131n\u0131 g\u00f6r\u00fcyoruz. Hayat\u0131n tabi\u00ee h\u00e2li i\u00e7inde ya\u015fad\u0131klar\u0131 zorluklar\u0131, yapt\u0131klar\u0131 hatalar\u0131, bunlar\u0131 nas\u0131l d\u00fczelttiklerini ve nihayetinde dine ve insanl\u0131\u011fa b\u00fcy\u00fck hizmetler yaparak nas\u0131l y\u00fcceldiklerini seyrediyoruz.<\/p>\n\n\n\n<p>Y\u00fcce Rabbimiz \u00f6nde giden bu hid\u00e2yet \u00f6nderlerini \u00f6rnek alarak istik\u0101met \u00fczere ya\u015famay\u0131 c\u00fcmlemize nas\u00eeb ve m\u00fcyesser eylesin.<\/p>\n\n\n\n<p>\u00c2m\u00een!<\/p>\n\n\n\n<hr class=\"wp-block-separator has-alpha-channel-opacity\"\/>\n\n\n\n<p><a href=\"#_ftnref1\" id=\"_ftn1\">[1]<\/a> \u0130bn Miskeveyh, <em>Tec\u00e2rub\u00fc\u2019l-\u00fcmem ve te\u02bb\u00e2kubu\u2019l-himem,<\/em> thk. Eb\u00fc\u2019l-K\u0101s\u0131m \u0130mam\u00ee, Tahr\u00e2n: D\u00e2ru Sur\u00fb\u015f, 2000, 1\/125; R\u00e2g\u0131b el-\u0130sfah\u00e2n\u00ee, <em>ez-Zer\u00ee\u02bba,<\/em> Kahire: D\u00e2ru\u2019s-Sel\u00e2m, 1428, 111; Gazz\u00e2l\u00ee, <em>\u0130hy\u00e2, <\/em>1\/17. Kr\u015f. Kud\u00e2me b. Ca\u02bbfer, <em>el-Har\u00e2c ve s\u0131n\u00e2\u02bbat\u00fc\u2019l-kit\u00e2be,<\/em> Ba\u011fd\u00e2d, D\u00e2ru\u2019r-Re\u015f\u00eed, 1981, 436.<\/p>\n","protected":false},"excerpt":{"rendered":"<p>\u0130nsan\u0131 iki elleriyle yarat\u0131p yery\u00fcz\u00fcne hal\u00eefe k\u0131lan ve ihs\u00e2n etti\u011fi ilimle onu \u00fcst\u00fcn k\u0131lan Allah\u2019a sonsuz hamd \u00fc sen\u00e2lar olsun! \u00c2demo\u011fullar\u0131n\u0131n Efendisi, peygamberlerin m\u00fchr\u00fc ve b\u00fct\u00fcn insanl\u0131\u011f\u0131n \u015fefaat\u00e7isi Ras\u00fblullah (s.a.v)&hellip; <\/p>\n","protected":false},"author":1,"featured_media":0,"comment_status":"closed","ping_status":"closed","sticky":false,"template":"","format":"standard","meta":{"jetpack_post_was_ever_published":false,"_jetpack_newsletter_access":"","_jetpack_dont_email_post_to_subs":false,"_jetpack_newsletter_tier_id":0,"_jetpack_memberships_contains_paywalled_content":false,"_jetpack_memberships_contains_paid_content":false,"footnotes":"","jetpack_publicize_message":"","jetpack_publicize_feature_enabled":true,"jetpack_social_post_already_shared":true,"jetpack_social_options":{"image_generator_settings":{"template":"highway","default_image_id":0,"enabled":false},"version":2}},"categories":[1075],"tags":[],"class_list":["post-17275","post","type-post","status-publish","format-standard","hentry","category-islaminornekaileleri1"],"jetpack_publicize_connections":[],"jetpack_featured_media_url":"","jetpack_sharing_enabled":true,"jetpack_shortlink":"https:\/\/wp.me\/p3G27m-4uD","jetpack_likes_enabled":true,"_links":{"self":[{"href":"https:\/\/www.kuranvesunnetyolunda.com\/index.php?rest_route=\/wp\/v2\/posts\/17275","targetHints":{"allow":["GET"]}}],"collection":[{"href":"https:\/\/www.kuranvesunnetyolunda.com\/index.php?rest_route=\/wp\/v2\/posts"}],"about":[{"href":"https:\/\/www.kuranvesunnetyolunda.com\/index.php?rest_route=\/wp\/v2\/types\/post"}],"author":[{"embeddable":true,"href":"https:\/\/www.kuranvesunnetyolunda.com\/index.php?rest_route=\/wp\/v2\/users\/1"}],"replies":[{"embeddable":true,"href":"https:\/\/www.kuranvesunnetyolunda.com\/index.php?rest_route=%2Fwp%2Fv2%2Fcomments&post=17275"}],"version-history":[{"count":1,"href":"https:\/\/www.kuranvesunnetyolunda.com\/index.php?rest_route=\/wp\/v2\/posts\/17275\/revisions"}],"predecessor-version":[{"id":17276,"href":"https:\/\/www.kuranvesunnetyolunda.com\/index.php?rest_route=\/wp\/v2\/posts\/17275\/revisions\/17276"}],"wp:attachment":[{"href":"https:\/\/www.kuranvesunnetyolunda.com\/index.php?rest_route=%2Fwp%2Fv2%2Fmedia&parent=17275"}],"wp:term":[{"taxonomy":"category","embeddable":true,"href":"https:\/\/www.kuranvesunnetyolunda.com\/index.php?rest_route=%2Fwp%2Fv2%2Fcategories&post=17275"},{"taxonomy":"post_tag","embeddable":true,"href":"https:\/\/www.kuranvesunnetyolunda.com\/index.php?rest_route=%2Fwp%2Fv2%2Ftags&post=17275"}],"curies":[{"name":"wp","href":"https:\/\/api.w.org\/{rel}","templated":true}]}}