{"id":17296,"date":"2025-09-23T17:48:06","date_gmt":"2025-09-23T15:48:06","guid":{"rendered":"https:\/\/www.kuranvesunnetyolunda.com\/?p=17296"},"modified":"2025-09-23T17:48:08","modified_gmt":"2025-09-23T15:48:08","slug":"takva-uzereysem-iyiyim","status":"publish","type":"post","link":"https:\/\/www.kuranvesunnetyolunda.com\/?p=17296","title":{"rendered":"Takv\u00e2 \u00dczereysem \u0130yiyim"},"content":{"rendered":"\n<p>Abdullah b. Eb\u00ee M\u00fcleyke (r.a) \u015f\u00f6yle anlat\u0131r:<\/p>\n\n\n\n<p>Hz. \u00c2i\u015fe (r.a) \u00f6l\u00fcm d\u00f6\u015fe\u011findeydi. \u0130bn Abb\u00e2s (r.a) onun huz\u00fbruna girmek i\u00e7in izin istedi. Hz. \u00c2i\u015fe:<\/p>\n\n\n\n<p>\u201c\u2012Beni sen\u00e2 etmesinden korkuyorum\u201d buyurdu (ve izin ver\u00admek istemedi). Kendisine:<\/p>\n\n\n\n<p>\u201c\u2012\u0130zin isteyen Allah Ras\u00fbl\u00fc\u2019n\u00fcn amcas\u0131n\u0131n o\u011flu ve m\u00fcsl\u00fcmanlar\u0131n \u00f6nde gelenlerindendir\u201d denildi. Bu sefer Hz. \u00c2i\u015fe (r.a):<\/p>\n\n\n\n<p>\u201c\u2012Ona izin verin girsin\u201d buyurdu. \u0130bn Abb\u00e2s, Hz. \u00c2i\u015fe\u2019nin odas\u0131na girip:<\/p>\n\n\n\n<p>\u201c\u2012Kendini nas\u0131l hissediyorsun?\u201d diye h\u00e2lini hat\u0131r\u0131n\u0131 sordu. \u00c2i\u015fe annemiz:<\/p>\n\n\n\n<p>\u201c\u2012E\u011fer Allah\u2019a kar\u015f\u0131 takv\u00e2 sahibi olabilirsem hay\u0131r \u00fczere ve iyi olaca\u011f\u0131m\u201d diye cevap verdi. \u0130bn Abb\u00e2s:<\/p>\n\n\n\n<p>\u201c\u2012\u0130n\u015f\u00e2allah sen hay\u0131r \u00fczeresin iyisin. Zira Peygamber Efendimiz\u2019in zevcesisin, Ras\u00fblullah (s.a.v) senden ba\u015fka bir b\u00e2kire ile evlenmedi, sana iftira at\u0131ld\u0131\u011f\u0131nda temiz oldu\u011funa dair beraat\u0131n sem\u00e2dan indi\u201d dedi.<\/p>\n\n\n\n<p>\u0130bn Abb\u00e2s (r.a) ziyaretini bitirip \u00e7\u0131kt\u0131ktan sonra i\u00e7eri Abdullah b. Z\u00fcbeyr (r.a) girdi. Hz. \u00c2i\u015fe v\u00e2lidemiz ye\u011feni olan Abdullah\u2019a:<\/p>\n\n\n\n<p>\u201c\u2012Biraz \u00f6nce \u0130bn Abb\u00e2s ziyaretime geldi ve beni medheden s\u00f6zler s\u00f6yledi. O esn\u00e2da yok olmay\u0131, unutulup gitmeyi yani zikredilir bir\u015fey olma\u00admay\u0131 istedim\u201d dedi.<a href=\"#_ftn1\" id=\"_ftnref1\">[1]<\/a><\/p>\n\n\n\n<p>Di\u011fer bir rivayette de \u0130bn Abbas Hazretlerinin muhtereme v\u00e2lidemizi tesellisi anlat\u0131l\u0131r. Buna g\u00f6re \u0130bn Abb\u00e2s (r.a) ziyareti esnas\u0131nda:<\/p>\n\n\n\n<p>\u201c\u2013Ey m\u00fc\u2019minlerin annesi, sen iki s\u00e2d\u0131k \u00f6nc\u00fcn\u00fcn yan\u0131na gidiyorsun; Ras\u00fblullah (s.a.v) ve Hz. Eb\u00fb Bekr (ne mutlu sana, art\u0131k end\u00ee\u015fe etme, ferah ol)!\u201d demi\u015ftir.<a href=\"#_ftn2\" id=\"_ftnref2\">[2]<\/a><\/p>\n\n\n\n<p>\u00d6nc\u00fc (farat), kervandan \u00f6nce su ba\u015f\u0131na gidip haz\u0131rl\u0131k yapan ve kuyudan su \u00e7eken kimsedir. \u00c2hirete g\u00f6nderilen farat ise sonradan gelenlere \u015fefaat edip yard\u0131mc\u0131 olan ki\u015fidir.<\/p>\n\n\n\n<p>Bug\u00fcn b\u00f6yle bir teselli bize garip gelir ama ash\u00e2b-\u0131 kir\u00e2m vefat etmek \u00fczere olanlara g\u0131ptayla bakar, \u201cne g\u00fczel, Peygamber Efendimiz\u2019e kavu\u015facaks\u0131n\u201d derler ve ona sal\u00e2t u sel\u00e2m g\u00f6nderirlerdi. \u00d6l\u00fcm d\u00f6\u015fe\u011findeki sah\u00e2b\u00ee de bundan rahats\u0131z olmazd\u0131.<\/p>\n\n\n\n<hr class=\"wp-block-separator has-alpha-channel-opacity\"\/>\n\n\n\n<p><a href=\"#_ftnref1\" id=\"_ftn1\">[1]<\/a> Buh\u00e2r\u00ee, \u201cTefs\u00eer\u201d, 24\/8; Ahmed b. Hanbel, <em>el-M\u00fcsned<\/em>, 1\/276; H\u00e2kim, <em>el-M\u00fcstedrek<\/em>, 4\/9.<\/p>\n\n\n\n<p><a href=\"#_ftnref2\" id=\"_ftn2\">[2]<\/a> Buh\u00e2r\u00ee, \u201cAsh\u00e2bu\u2019n-Neb\u00ee\u201d, 30.<\/p>\n","protected":false},"excerpt":{"rendered":"<p>Abdullah b. Eb\u00ee M\u00fcleyke (r.a) \u015f\u00f6yle anlat\u0131r: Hz. \u00c2i\u015fe (r.a) \u00f6l\u00fcm d\u00f6\u015fe\u011findeydi. \u0130bn Abb\u00e2s (r.a) onun huz\u00fbruna girmek i\u00e7in izin istedi. Hz. \u00c2i\u015fe: \u201c\u2012Beni sen\u00e2 etmesinden korkuyorum\u201d buyurdu (ve izin&hellip; <\/p>\n","protected":false},"author":1,"featured_media":0,"comment_status":"closed","ping_status":"closed","sticky":false,"template":"","format":"standard","meta":{"jetpack_post_was_ever_published":false,"_jetpack_newsletter_access":"","_jetpack_dont_email_post_to_subs":false,"_jetpack_newsletter_tier_id":0,"_jetpack_memberships_contains_paywalled_content":false,"_jetpack_memberships_contains_paid_content":false,"footnotes":"","jetpack_publicize_message":"","jetpack_publicize_feature_enabled":true,"jetpack_social_post_already_shared":true,"jetpack_social_options":{"image_generator_settings":{"template":"highway","default_image_id":0,"enabled":false},"version":2}},"categories":[1076],"tags":[],"class_list":["post-17296","post","type-post","status-publish","format-standard","hentry","category-muminlerinannelerinden111hatira"],"jetpack_publicize_connections":[],"jetpack_featured_media_url":"","jetpack_sharing_enabled":true,"jetpack_shortlink":"https:\/\/wp.me\/p3G27m-4uY","jetpack_likes_enabled":true,"_links":{"self":[{"href":"https:\/\/www.kuranvesunnetyolunda.com\/index.php?rest_route=\/wp\/v2\/posts\/17296","targetHints":{"allow":["GET"]}}],"collection":[{"href":"https:\/\/www.kuranvesunnetyolunda.com\/index.php?rest_route=\/wp\/v2\/posts"}],"about":[{"href":"https:\/\/www.kuranvesunnetyolunda.com\/index.php?rest_route=\/wp\/v2\/types\/post"}],"author":[{"embeddable":true,"href":"https:\/\/www.kuranvesunnetyolunda.com\/index.php?rest_route=\/wp\/v2\/users\/1"}],"replies":[{"embeddable":true,"href":"https:\/\/www.kuranvesunnetyolunda.com\/index.php?rest_route=%2Fwp%2Fv2%2Fcomments&post=17296"}],"version-history":[{"count":1,"href":"https:\/\/www.kuranvesunnetyolunda.com\/index.php?rest_route=\/wp\/v2\/posts\/17296\/revisions"}],"predecessor-version":[{"id":17297,"href":"https:\/\/www.kuranvesunnetyolunda.com\/index.php?rest_route=\/wp\/v2\/posts\/17296\/revisions\/17297"}],"wp:attachment":[{"href":"https:\/\/www.kuranvesunnetyolunda.com\/index.php?rest_route=%2Fwp%2Fv2%2Fmedia&parent=17296"}],"wp:term":[{"taxonomy":"category","embeddable":true,"href":"https:\/\/www.kuranvesunnetyolunda.com\/index.php?rest_route=%2Fwp%2Fv2%2Fcategories&post=17296"},{"taxonomy":"post_tag","embeddable":true,"href":"https:\/\/www.kuranvesunnetyolunda.com\/index.php?rest_route=%2Fwp%2Fv2%2Ftags&post=17296"}],"curies":[{"name":"wp","href":"https:\/\/api.w.org\/{rel}","templated":true}]}}