{"id":17300,"date":"2025-09-23T17:49:34","date_gmt":"2025-09-23T15:49:34","guid":{"rendered":"https:\/\/www.kuranvesunnetyolunda.com\/?p=17300"},"modified":"2025-09-23T17:49:35","modified_gmt":"2025-09-23T15:49:35","slug":"tefrikaya-sebep-olma","status":"publish","type":"post","link":"https:\/\/www.kuranvesunnetyolunda.com\/?p=17300","title":{"rendered":"Tefrikaya Sebep Olma"},"content":{"rendered":"\n<p>Abdullah b. \u00d6mer (r.a) ac\u0131 g\u00fcnlerde ya\u015fad\u0131\u011f\u0131 bir h\u00e2t\u0131ras\u0131n\u0131 \u015f\u00f6yle anlat\u0131r:<\/p>\n\n\n\n<p>\u201c(S\u0131ff\u00een Harbi\u2019nden sonra) k\u0131z karde\u015fim Hafsa\u2019n\u0131n yan\u0131na gittim. Sa\u00e7 \u00f6rg\u00fclerinden su daml\u0131yordu. Ona:<\/p>\n\n\n\n<p>\u2018\u2013\u0130nsanlar\u0131n h\u00e2li \u015fu g\u00f6rd\u00fc\u011f\u00fcn vaziyete geldi. (Mekke ve Medine\u2019deki sah\u00e2b\u00eeleri, hakemlerin oldu\u011fu meclise \u00e7a\u011f\u0131r\u0131yorlar.) Fakat idarecilik hus\u00fbsunda bana bir hak verilmedi, (\u00e7\u00fcnk\u00fc babam Hz. \u00d6mer (r.a) son vasiyetinde bunu yasaklad\u0131. Bu sebeple m\u00fcz\u00e2kereye gitmeme gerek yok)\u2019 dedim.<\/p>\n\n\n\n<p>Hz. Hafsa (r.a):<\/p>\n\n\n\n<p>\u2018\u2013Toplant\u0131ya sen de kat\u0131l. Z\u00eer\u00e2 onlar seni g\u00f6zl\u00fcyor ve bekliyorlar. Senin onlardan geri kalman\u0131n tefrikaya (toplumun b\u00f6l\u00fcnmesine) sebep olmas\u0131ndan korkar\u0131m\u2019 dedi.\u201d<\/p>\n\n\n\n<p>Hz. Hafsa (r.a) karde\u015fi \u0130bn \u00d6mer\u2019i oraya g\u00f6nderinceye kadar pe\u015fini b\u0131rakmad\u0131, gitmesi i\u00e7in \u0131srar etti.<\/p>\n\n\n\n<p>(Hakem h\u00e2disesi bitip) insanlar da\u011f\u0131l\u0131nca Mu\u00e2viye bir konu\u015fma yapt\u0131 ve:<\/p>\n\n\n\n<p>\u201c\u2013Kim bu halifelik konusunda konu\u015fmak istiyorsa ba\u015f\u0131n\u0131 kald\u0131r\u0131p bize g\u00f6stersin. Muhakkak ki biz halifeli\u011fe ondan da babas\u0131ndan da daha \u00e7ok hak s\u00e2hibiyiz\u201d dedi.<\/p>\n\n\n\n<p>Bu anlat\u0131lanlar\u0131 dinleyen Hab\u00eeb b. Mesleme, \u0130bn \u00d6mer\u2019e:<\/p>\n\n\n\n<p>\u201c\u2013Sen ona cev\u00e2b vermedin mi?\u201d diye sordu.<\/p>\n\n\n\n<p>Abdullah b. \u00d6mer (r.a):<\/p>\n\n\n\n<p>\u201c\u2013Hemen elbisemin ba\u011f\u0131n\u0131 \u00e7\u00f6zd\u00fcm ve \u00abBu halifelik i\u015fine senden daha \u00e7ok hak s\u00e2hibi olan, \u0130s\u00adl\u00e2m\u2019\u0131 korumak \u00fczere sen ve babanla sava\u015fan ki\u015fidir (yani Hz. Ali\u2019dir)\u00bb demek istedim fakat m\u00fcsl\u00fcmanlar\u0131n toplulu\u011funu bozacak, kan d\u00f6k\u00fclmesine sebep olacak ve istemedi\u011fim ters bir m\u00e2n\u00e2ya \u00e7ekilecek bir s\u00f6z s\u00f6ylemekten korktum. Ve o esn\u00e2da Allah te\u00e2l\u00e2\u2019n\u0131n (sabredenler) i\u00e7in Cennetlerde haz\u0131rlad\u0131\u011f\u0131 m\u00fck\u00e2fatlar\u0131 hat\u0131rlad\u0131m\u201d dedi.<\/p>\n\n\n\n<p>Bunun \u00fczerine Hab\u00eeb (r.a):<\/p>\n\n\n\n<p>\u201c\u2013Sen Allah taraf\u0131ndan bir fitneden korunmu\u015f ve him\u00e2ye edilmi\u015fsin\u201d dedi.<a href=\"#_ftn1\" id=\"_ftnref1\">[1]<\/a><\/p>\n\n\n\n<p>Mu\u00e2viye\u2019nin Abdullah ile babas\u0131 Hz. \u00d6mer\u2019e bu derece y\u00fcklenmesinin sebebi, Zeheb\u00ee\u2019nin bey\u00e2n\u0131na g\u00f6re o g\u00fcn b\u00fct\u00fcn fikirlerin Abdullah b. \u00d6mer\u2019in hal\u00eefe se\u00e7ilmesi \u00fcze\u00adrinde toplanm\u0131\u015f olmas\u0131d\u0131r. Fakat Abdullah (r.a) bunu kabul etmemi\u015ftir.<\/p>\n\n\n\n<hr class=\"wp-block-separator has-alpha-channel-opacity\"\/>\n\n\n\n<p><a href=\"#_ftnref1\" id=\"_ftn1\">[1]<\/a> Buh\u00e2r\u00ee, \u201cMe\u011f\u00e2z\u00ee\u201d, 29.<\/p>\n","protected":false},"excerpt":{"rendered":"<p>Abdullah b. \u00d6mer (r.a) ac\u0131 g\u00fcnlerde ya\u015fad\u0131\u011f\u0131 bir h\u00e2t\u0131ras\u0131n\u0131 \u015f\u00f6yle anlat\u0131r: \u201c(S\u0131ff\u00een Harbi\u2019nden sonra) k\u0131z karde\u015fim Hafsa\u2019n\u0131n yan\u0131na gittim. Sa\u00e7 \u00f6rg\u00fclerinden su daml\u0131yordu. Ona: \u2018\u2013\u0130nsanlar\u0131n h\u00e2li \u015fu g\u00f6rd\u00fc\u011f\u00fcn vaziyete geldi.&hellip; <\/p>\n","protected":false},"author":1,"featured_media":0,"comment_status":"closed","ping_status":"closed","sticky":false,"template":"","format":"standard","meta":{"jetpack_post_was_ever_published":false,"_jetpack_newsletter_access":"","_jetpack_dont_email_post_to_subs":false,"_jetpack_newsletter_tier_id":0,"_jetpack_memberships_contains_paywalled_content":false,"_jetpack_memberships_contains_paid_content":false,"footnotes":"","jetpack_publicize_message":"","jetpack_publicize_feature_enabled":true,"jetpack_social_post_already_shared":true,"jetpack_social_options":{"image_generator_settings":{"template":"highway","default_image_id":0,"enabled":false},"version":2}},"categories":[1076],"tags":[],"class_list":["post-17300","post","type-post","status-publish","format-standard","hentry","category-muminlerinannelerinden111hatira"],"jetpack_publicize_connections":[],"jetpack_featured_media_url":"","jetpack_sharing_enabled":true,"jetpack_shortlink":"https:\/\/wp.me\/p3G27m-4v2","jetpack_likes_enabled":true,"_links":{"self":[{"href":"https:\/\/www.kuranvesunnetyolunda.com\/index.php?rest_route=\/wp\/v2\/posts\/17300","targetHints":{"allow":["GET"]}}],"collection":[{"href":"https:\/\/www.kuranvesunnetyolunda.com\/index.php?rest_route=\/wp\/v2\/posts"}],"about":[{"href":"https:\/\/www.kuranvesunnetyolunda.com\/index.php?rest_route=\/wp\/v2\/types\/post"}],"author":[{"embeddable":true,"href":"https:\/\/www.kuranvesunnetyolunda.com\/index.php?rest_route=\/wp\/v2\/users\/1"}],"replies":[{"embeddable":true,"href":"https:\/\/www.kuranvesunnetyolunda.com\/index.php?rest_route=%2Fwp%2Fv2%2Fcomments&post=17300"}],"version-history":[{"count":1,"href":"https:\/\/www.kuranvesunnetyolunda.com\/index.php?rest_route=\/wp\/v2\/posts\/17300\/revisions"}],"predecessor-version":[{"id":17301,"href":"https:\/\/www.kuranvesunnetyolunda.com\/index.php?rest_route=\/wp\/v2\/posts\/17300\/revisions\/17301"}],"wp:attachment":[{"href":"https:\/\/www.kuranvesunnetyolunda.com\/index.php?rest_route=%2Fwp%2Fv2%2Fmedia&parent=17300"}],"wp:term":[{"taxonomy":"category","embeddable":true,"href":"https:\/\/www.kuranvesunnetyolunda.com\/index.php?rest_route=%2Fwp%2Fv2%2Fcategories&post=17300"},{"taxonomy":"post_tag","embeddable":true,"href":"https:\/\/www.kuranvesunnetyolunda.com\/index.php?rest_route=%2Fwp%2Fv2%2Ftags&post=17300"}],"curies":[{"name":"wp","href":"https:\/\/api.w.org\/{rel}","templated":true}]}}