{"id":17316,"date":"2025-09-23T17:55:17","date_gmt":"2025-09-23T15:55:17","guid":{"rendered":"https:\/\/www.kuranvesunnetyolunda.com\/?p=17316"},"modified":"2025-09-23T17:55:19","modified_gmt":"2025-09-23T15:55:19","slug":"arazi-hususunda-kul-hakki","status":"publish","type":"post","link":"https:\/\/www.kuranvesunnetyolunda.com\/?p=17316","title":{"rendered":"Arazi Hususunda Kul Hakk\u0131"},"content":{"rendered":"\n<p>Eb\u00fb Seleme b. Abdurrahm\u00e2n Hazretleri\u2019nden riv\u00e2yet edildi\u011fine g\u00f6re onunla kavminden baz\u0131 insanlar aras\u0131nda bir anla\u015fmazl\u0131k olmu\u015ftu. Bu konuyu Hz. \u00c2i\u015fe\u2019ye a\u00e7\u0131nca, muhtereme v\u00e2lidemiz ye\u011fenine \u015f\u00f6yle dedi:<\/p>\n\n\n\n<p>\u201c\u2013Ey Eb\u00fb Seleme, toprak hususunda haks\u0131zl\u0131k yapmaktan sak\u0131n! \u00c7\u00fcnk\u00fc Nebiyy-i Ekrem (s.a.v) \u015f\u00f6yle buyurdu:<\/p>\n\n\n\n<p><em>\u2018Kim bir kar\u0131\u015f mikdar\u0131 bir yere zul\u00fcmle sahip olursa o yer yedi kat alt\u0131yla birlikte boynuna dolan\u0131r.\u201d<\/em><a href=\"#_ftn1\" id=\"_ftnref1\">[1]<\/a><\/p>\n\n\n\n<p>Her t\u00fcrl\u00fc haks\u0131zl\u0131k k\u00f6t\u00fcd\u00fcr ancak hakk\u0131 olmayan topra\u011f\u0131n bir kar\u0131\u015f\u0131 bile insana \u00e7ok b\u00fcy\u00fck veb\u00e2l getirir ve k\u0131yamet g\u00fcn\u00fc onu \u00e7ok zor durumda b\u0131rak\u0131r.<\/p>\n\n\n\n<hr class=\"wp-block-separator has-alpha-channel-opacity\"\/>\n\n\n\n<p><a href=\"#_ftnref1\" id=\"_ftn1\">[1]<\/a> Buh\u00e2r\u00ee, \u201cMez\u00e2lim\u201d 13, \u201cBed\u2019\u00fc\u2019l-Halk\u201d 2; M\u00fcslim, \u201cM\u00fcs\u00e2k\u00e2t\u201d, 139-142. Ayr\u0131ca bkz. Tirmiz\u00ee, \u201cDiy\u00e2t\u201d, 21.<\/p>\n","protected":false},"excerpt":{"rendered":"<p>Eb\u00fb Seleme b. Abdurrahm\u00e2n Hazretleri\u2019nden riv\u00e2yet edildi\u011fine g\u00f6re onunla kavminden baz\u0131 insanlar aras\u0131nda bir anla\u015fmazl\u0131k olmu\u015ftu. Bu konuyu Hz. \u00c2i\u015fe\u2019ye a\u00e7\u0131nca, muhtereme v\u00e2lidemiz ye\u011fenine \u015f\u00f6yle dedi: \u201c\u2013Ey Eb\u00fb Seleme, toprak&hellip; <\/p>\n","protected":false},"author":1,"featured_media":0,"comment_status":"closed","ping_status":"closed","sticky":false,"template":"","format":"standard","meta":{"jetpack_post_was_ever_published":false,"_jetpack_newsletter_access":"","_jetpack_dont_email_post_to_subs":false,"_jetpack_newsletter_tier_id":0,"_jetpack_memberships_contains_paywalled_content":false,"_jetpack_memberships_contains_paid_content":false,"footnotes":"","jetpack_publicize_message":"","jetpack_publicize_feature_enabled":true,"jetpack_social_post_already_shared":true,"jetpack_social_options":{"image_generator_settings":{"template":"highway","default_image_id":0,"enabled":false},"version":2}},"categories":[1076],"tags":[],"class_list":["post-17316","post","type-post","status-publish","format-standard","hentry","category-muminlerinannelerinden111hatira"],"jetpack_publicize_connections":[],"jetpack_featured_media_url":"","jetpack_sharing_enabled":true,"jetpack_shortlink":"https:\/\/wp.me\/p3G27m-4vi","jetpack_likes_enabled":true,"_links":{"self":[{"href":"https:\/\/www.kuranvesunnetyolunda.com\/index.php?rest_route=\/wp\/v2\/posts\/17316","targetHints":{"allow":["GET"]}}],"collection":[{"href":"https:\/\/www.kuranvesunnetyolunda.com\/index.php?rest_route=\/wp\/v2\/posts"}],"about":[{"href":"https:\/\/www.kuranvesunnetyolunda.com\/index.php?rest_route=\/wp\/v2\/types\/post"}],"author":[{"embeddable":true,"href":"https:\/\/www.kuranvesunnetyolunda.com\/index.php?rest_route=\/wp\/v2\/users\/1"}],"replies":[{"embeddable":true,"href":"https:\/\/www.kuranvesunnetyolunda.com\/index.php?rest_route=%2Fwp%2Fv2%2Fcomments&post=17316"}],"version-history":[{"count":1,"href":"https:\/\/www.kuranvesunnetyolunda.com\/index.php?rest_route=\/wp\/v2\/posts\/17316\/revisions"}],"predecessor-version":[{"id":17317,"href":"https:\/\/www.kuranvesunnetyolunda.com\/index.php?rest_route=\/wp\/v2\/posts\/17316\/revisions\/17317"}],"wp:attachment":[{"href":"https:\/\/www.kuranvesunnetyolunda.com\/index.php?rest_route=%2Fwp%2Fv2%2Fmedia&parent=17316"}],"wp:term":[{"taxonomy":"category","embeddable":true,"href":"https:\/\/www.kuranvesunnetyolunda.com\/index.php?rest_route=%2Fwp%2Fv2%2Fcategories&post=17316"},{"taxonomy":"post_tag","embeddable":true,"href":"https:\/\/www.kuranvesunnetyolunda.com\/index.php?rest_route=%2Fwp%2Fv2%2Ftags&post=17316"}],"curies":[{"name":"wp","href":"https:\/\/api.w.org\/{rel}","templated":true}]}}