{"id":17318,"date":"2025-09-23T17:55:57","date_gmt":"2025-09-23T15:55:57","guid":{"rendered":"https:\/\/www.kuranvesunnetyolunda.com\/?p=17318"},"modified":"2025-09-23T17:55:58","modified_gmt":"2025-09-23T15:55:58","slug":"yasadigin-hayati-dusun","status":"publish","type":"post","link":"https:\/\/www.kuranvesunnetyolunda.com\/?p=17318","title":{"rendered":"Ya\u015fad\u0131\u011f\u0131n Hayat\u0131 D\u00fc\u015f\u00fcn!"},"content":{"rendered":"\n<p>Hz. \u00d6mer (r.a) halife iken \u00e7ok m\u00fctevaz\u0131 bir hayat ya\u015f\u0131yor, d\u00fcnya nimetlerinden asgar\u00ee seviyede istifade ediyordu. Onun durumuna ac\u0131yan m\u00fcsl\u00fcmanlar k\u0131z\u0131 Hafsa validemize konuyu a\u00e7arak babas\u0131yla konu\u015fmas\u0131n\u0131 istediler. O da babas\u0131na giderek:<\/p>\n\n\n\n<p>\u201c\u2013Ey M\u00fc\u2019minlerin Em\u00eeri! Bu elbiselerinden daha yumu\u015fak elbiseler giysen, \u015fu yeme\u011finden daha ho\u015f yemekler yesen ne olur? Allah sana pek\u00e7ok yerleri fethetmeyi nasib etmi\u015f ve r\u0131zk\u0131 da bolla\u015ft\u0131rm\u0131\u015ft\u0131r\u201d dedi.<\/p>\n\n\n\n<p>Hz. \u00d6mer (r.a):<\/p>\n\n\n\n<p>\u201c\u2012K\u0131z\u0131m \u015fimdi sana kar\u015f\u0131 kendi ya\u015fad\u0131\u011f\u0131n halleri delil olarak getirece\u011fim. Sen Peygamber Efendimiz\u2019in hayatta nas\u0131l s\u0131k\u0131nt\u0131larla kar\u015f\u0131la\u015ft\u0131\u011f\u0131n\u0131 bilmiyor musun?\u201d diye s\u00f6ze ba\u015flay\u0131p Allah Ras\u00fbl\u00fc\u2019n\u00fcn \u00e7ekti\u011fi yokluk ve zorluklar\u0131n bir k\u0131sm\u0131n\u0131 hat\u0131rlatt\u0131. Hz. Hafsa (r.a) bunlar\u0131 duyunca a\u011flamaya ba\u015flad\u0131.<\/p>\n\n\n\n<p>Hz. \u00d6mer (r.a) s\u00f6zlerine \u015f\u00f6yle devam etti:<\/p>\n\n\n\n<p>\u201c\u2012Sana \u015funu s\u00f6yleyeyim ki benim iki arkada\u015f\u0131m bir yoldan gittiler. \u015eimdi ben onlar\u0131n gitti\u011fi yoldan ba\u015fkas\u0131na girersem beni onlar\u0131n vard\u0131\u011f\u0131 menzilden farkl\u0131 bir yere ula\u015ft\u0131r\u0131r. Vall\u00e2hi \u015fimdi ben onlar\u0131n ya\u015fad\u0131\u011f\u0131 s\u0131k\u0131nt\u0131l\u0131 hayata ortak olaca\u011f\u0131m, in\u015faallah sonunda onlar\u0131n v\u00e2s\u0131l oldu\u011fu rahat hay\u00e2ta kavu\u015fabilirim!\u201d<a href=\"#_ftn1\" id=\"_ftnref1\">[1]<\/a><\/p>\n\n\n\n<p>Asl\u0131nda M\u00fc\u2019minlerin Anneleri de Hz. \u00d6mer\u2019le ayn\u0131 hedefe ula\u015fmaya \u00e7al\u0131\u015f\u0131yorlard\u0131.<\/p>\n\n\n\n<p>Nefse, \u015feytana ve d\u00fcnyan\u0131n \u00e2l\u00e2yi\u015fine aldanmadan bu ulv\u00ee hedefe ula\u015fmay\u0131 Y\u00fcce Rabbimiz c\u00fcmlemize nas\u00eeb eylesin. \u00c2m\u00een!<\/p>\n\n\n\n<hr class=\"wp-block-separator has-alpha-channel-opacity\"\/>\n\n\n\n<p><a href=\"#_ftnref1\" id=\"_ftn1\">[1]<\/a> Eb\u00fb Bekir \u0130bn Eb\u00ee \u015eeybe, <em>el-Kit\u00e2bu\u2019l-Mu\u1e63annef f\u00ee\u2019l- e\u1e25\u00e2d\u00ees\u0331 ve\u2019l-\u00e2s\u0331\u00e2r<\/em>, thk. Kem\u00e2l Y\u00fbsuf el-\u1e24\u00fbt (Riya\u1e0d: Mektebet\u00fc\u2019r-R\u00fc\u015fd), 7\/79, no: 34334; Eb\u00fb \u02bfAbdirra\u1e25m\u00e2n A\u1e25med b. \u015eu\u02bfayb b. \u02bfAl\u00ee el-\u1e2aor\u00e2s\u00e2n\u00ee en-Nes\u00e2\u00ee, <em>es-S\u00fcnen\u00fc\u2019l-k\u00fcbr\u00e2<\/em>, thk. \u1e24asan \u02bfAbd\u00fclmeam \u015eeleb\u00ee (Beyrut: M\u00fc\u02beesseset\u00fc\u2019r-Ris\u00e2le, 2001), 10\/389, no: 11806. Kr\u015f. Ahmed, <em>Z\u00fchd<\/em>, s. 125; Suy\u00fbt\u00ee, <em>T\u00e2r\u00eehu\u2019l-Hulef\u00e2,<\/em> s. 128.<\/p>\n","protected":false},"excerpt":{"rendered":"<p>Hz. \u00d6mer (r.a) halife iken \u00e7ok m\u00fctevaz\u0131 bir hayat ya\u015f\u0131yor, d\u00fcnya nimetlerinden asgar\u00ee seviyede istifade ediyordu. Onun durumuna ac\u0131yan m\u00fcsl\u00fcmanlar k\u0131z\u0131 Hafsa validemize konuyu a\u00e7arak babas\u0131yla konu\u015fmas\u0131n\u0131 istediler. O da&hellip; <\/p>\n","protected":false},"author":1,"featured_media":0,"comment_status":"closed","ping_status":"closed","sticky":false,"template":"","format":"standard","meta":{"jetpack_post_was_ever_published":false,"_jetpack_newsletter_access":"","_jetpack_dont_email_post_to_subs":false,"_jetpack_newsletter_tier_id":0,"_jetpack_memberships_contains_paywalled_content":false,"_jetpack_memberships_contains_paid_content":false,"footnotes":"","jetpack_publicize_message":"","jetpack_publicize_feature_enabled":true,"jetpack_social_post_already_shared":true,"jetpack_social_options":{"image_generator_settings":{"template":"highway","default_image_id":0,"enabled":false},"version":2}},"categories":[1076],"tags":[],"class_list":["post-17318","post","type-post","status-publish","format-standard","hentry","category-muminlerinannelerinden111hatira"],"jetpack_publicize_connections":[],"jetpack_featured_media_url":"","jetpack_sharing_enabled":true,"jetpack_shortlink":"https:\/\/wp.me\/p3G27m-4vk","jetpack_likes_enabled":true,"_links":{"self":[{"href":"https:\/\/www.kuranvesunnetyolunda.com\/index.php?rest_route=\/wp\/v2\/posts\/17318","targetHints":{"allow":["GET"]}}],"collection":[{"href":"https:\/\/www.kuranvesunnetyolunda.com\/index.php?rest_route=\/wp\/v2\/posts"}],"about":[{"href":"https:\/\/www.kuranvesunnetyolunda.com\/index.php?rest_route=\/wp\/v2\/types\/post"}],"author":[{"embeddable":true,"href":"https:\/\/www.kuranvesunnetyolunda.com\/index.php?rest_route=\/wp\/v2\/users\/1"}],"replies":[{"embeddable":true,"href":"https:\/\/www.kuranvesunnetyolunda.com\/index.php?rest_route=%2Fwp%2Fv2%2Fcomments&post=17318"}],"version-history":[{"count":1,"href":"https:\/\/www.kuranvesunnetyolunda.com\/index.php?rest_route=\/wp\/v2\/posts\/17318\/revisions"}],"predecessor-version":[{"id":17319,"href":"https:\/\/www.kuranvesunnetyolunda.com\/index.php?rest_route=\/wp\/v2\/posts\/17318\/revisions\/17319"}],"wp:attachment":[{"href":"https:\/\/www.kuranvesunnetyolunda.com\/index.php?rest_route=%2Fwp%2Fv2%2Fmedia&parent=17318"}],"wp:term":[{"taxonomy":"category","embeddable":true,"href":"https:\/\/www.kuranvesunnetyolunda.com\/index.php?rest_route=%2Fwp%2Fv2%2Fcategories&post=17318"},{"taxonomy":"post_tag","embeddable":true,"href":"https:\/\/www.kuranvesunnetyolunda.com\/index.php?rest_route=%2Fwp%2Fv2%2Ftags&post=17318"}],"curies":[{"name":"wp","href":"https:\/\/api.w.org\/{rel}","templated":true}]}}