{"id":17331,"date":"2025-09-23T18:03:01","date_gmt":"2025-09-23T16:03:01","guid":{"rendered":"https:\/\/www.kuranvesunnetyolunda.com\/?p=17331"},"modified":"2025-09-23T18:03:02","modified_gmt":"2025-09-23T16:03:02","slug":"odalari-cok-yuksek-degildi","status":"publish","type":"post","link":"https:\/\/www.kuranvesunnetyolunda.com\/?p=17331","title":{"rendered":"Odalar\u0131 \u00c7ok Y\u00fcksek De\u011fildi"},"content":{"rendered":"\n<p>Peygamber Efendimiz\u2019in h\u00e2ne-i sa\u00e2detleri son derece s\u00e2de idi. Annesi Hayre, \u00dcmm\u00fc Seleme v\u00e2lidemizin c\u00e2riyesi oldu\u011fu i\u00e7in \u00e7ocuklu\u011funu All\u00e2h Ras\u00fbl\u00fc\u2019n\u00fcn h\u00e2ne-i sa\u00e2detlerine yak\u0131n bir \u00e7evrede ge\u00e7iren <em>Hasan Basr\u00ee Hazretleri<\/em>, \u00e7ocukken Peygamber Efendimiz\u2019in odalar\u0131n\u0131n tavan\u0131na elini dokundurabildi\u011fini if\u00e2de etmektedir.<a href=\"#_ftn1\" id=\"_ftnref1\">[1]<\/a> Bundan hareketle odalar\u0131n pek y\u00fcksek olmad\u0131\u011f\u0131 s\u00f6ylenebilir. Efendimiz\u2019in odalar\u0131n\u0131n kap\u0131lar\u0131 ise siyah k\u0131ldan yap\u0131lm\u0131\u015f ke\u00e7elerden ib\u00e2retti.<a href=\"#_ftn2\" id=\"_ftnref2\">[2]<\/a><\/p>\n\n\n\n<p>T\u00e2bi\u00eenin b\u00fcy\u00fck \u00e2limlerinden <em>Sa\u00eed b. M\u00fcseyyeb<\/em>, bu odalar\u0131n Emev\u00eeler d\u00f6neminde y\u0131k\u0131larak Mescid-i Nebev\u00ee\u2019ye ilhak edilmesinden duydu\u011fu \u00fcz\u00fcnt\u00fcy\u00fc dile getirerek \u015f\u00f6yle demi\u015ftir:<\/p>\n\n\n\n<p>\u201cVall\u00e2hi bunlar\u0131n aynen b\u0131rak\u0131lmalar\u0131n\u0131 ne kadar arzu ederdim! B\u00f6ylece yeni yeti\u015fen nesil ve buralar\u0131 ziy\u00e2rete gelen insanlar, Allah Ras\u00fbl\u00fc\u2019n\u00fcn hay\u00e2t\u0131nda ne ile yetindi\u011fini g\u00f6r\u00fcrler de mal \u00e7o\u011faltmaya ve bununla \u00f6v\u00fcnmeye ra\u011fbet etmezlerdi.\u201d<a href=\"#_ftn3\" id=\"_ftnref3\">[3]<\/a><\/p>\n\n\n\n<p>\u0130bn Kes\u00eer \u015f\u00f6yle der:<\/p>\n\n\n\n<p>\u201cHasan Basr\u00ee\u2019nin annesi Hayre, Hz. \u00dcmm\u00fc Seleme\u2019nin \u00e2z\u00e2d etti\u011fi bir han\u0131m idi ve ona hizmet ederdi. Birg\u00fcn onu bir i\u015f i\u00e7in g\u00f6ndermi\u015f, bu sebeple o da s\u00fct emmekte olan o\u011flu Hasan\u2019dan ayr\u0131 kalm\u0131\u015ft\u0131. Bu esnada \u00dcmm\u00fc Seleme v\u00e2lidemiz Hasan\u2019\u0131 memesi ile me\u015fgul ederken g\u00f6\u011fs\u00fcnden s\u00fct \u00e7\u0131kt\u0131 ve Hasan da onu emdi. \u0130\u015fte Hasan Basr\u00ee\u2019ye verilen hikmet ve ilmin, Peygamber Efendimiz\u2019e mensub olan bu memeden emmesinin bereketinden kaynakland\u0131\u011f\u0131 d\u00fc\u015f\u00fcn\u00fcl\u00fcr.<\/p>\n\n\n\n<p>Bunun yan\u0131nda annesi onu k\u00fc\u00e7\u00fckken ash\u00e2b-\u0131 kiram\u0131n yan\u0131na g\u00f6t\u00fcr\u00fcr, onlar da Hasan\u2019a dua ederlerdi. Ona dua edenlerden biri de Hz. \u00d6mer idi,<\/p>\n\n\n\n<p>\u0627\u0644\u0644\u0651\u0647\u064f\u0645\u064e\u0651 \u0641\u064e\u0642\u0650\u0651\u0647\u0652\u0647\u064f \u0641\u0650\u064a \u0627\u0644\u062f\u0650\u0651\u064a\u0646\u0650 \u0648\u064e\u062d\u064e\u0628\u0650\u0651\u0628\u0652\u0647\u064f \u0625\u0650\u0644\u064e\u0649 \u0627\u0644\u0646\u064e\u0651\u0627\u0633\u0650 \u201cAllah\u2019\u0131m onu dinde fak\u00eeh k\u0131l ve onu insanlara sevdir\u201d diye dua etmi\u015fti.<a href=\"#_ftn4\" id=\"_ftnref4\">[4]<\/a><\/p>\n\n\n\n<hr class=\"wp-block-separator has-alpha-channel-opacity\"\/>\n\n\n\n<p><a href=\"#_ftnref1\" id=\"_ftn1\">[1]<\/a> \u0130bn Sa\u02bbd, <em>et-Tabak\u0101t\u00fc\u2019l-k\u00fcbr\u00e2<\/em>, 7\/161; S\u00fcheyl\u00ee, <em>Ravdu\u2019l-\u00fcnf,<\/em> 1\/248.<\/p>\n\n\n\n<p><a href=\"#_ftnref2\" id=\"_ftn2\">[2]<\/a> \u0130bn Sa\u02bbd, <em>et-Tabak\u0101t\u00fc\u2019l-k\u00fcbr\u00e2<\/em>, 1\/499.<\/p>\n\n\n\n<p><a href=\"#_ftnref3\" id=\"_ftn3\">[3]<\/a> \u0130bn Sa\u02bbd, <em>et-Tabak\u0101t\u00fc\u2019l-k\u00fcbr\u00e2<\/em>, 1\/499-500.<\/p>\n\n\n\n<p><a href=\"#_ftnref4\" id=\"_ftn4\">[4]<\/a> Eb\u00fc\u2019l-Fid\u00e2 \u0130sm\u00e2il b. \u00d6mer \u0130bn Kes\u00eer, <em>el-Bid\u00e2ye ve\u2019n-nih\u00e2ye<\/em>, thk. Abdullah b. Abd\u00fclmuhsin et-T\u00fcrk\u00ee (Kahire: D\u00e2ru Hicr, 1418), 13\/54-55.<\/p>\n","protected":false},"excerpt":{"rendered":"<p>Peygamber Efendimiz\u2019in h\u00e2ne-i sa\u00e2detleri son derece s\u00e2de idi. Annesi Hayre, \u00dcmm\u00fc Seleme v\u00e2lidemizin c\u00e2riyesi oldu\u011fu i\u00e7in \u00e7ocuklu\u011funu All\u00e2h Ras\u00fbl\u00fc\u2019n\u00fcn h\u00e2ne-i sa\u00e2detlerine yak\u0131n bir \u00e7evrede ge\u00e7iren Hasan Basr\u00ee Hazretleri, \u00e7ocukken Peygamber&hellip; <\/p>\n","protected":false},"author":1,"featured_media":0,"comment_status":"closed","ping_status":"closed","sticky":false,"template":"","format":"standard","meta":{"jetpack_post_was_ever_published":false,"_jetpack_newsletter_access":"","_jetpack_dont_email_post_to_subs":false,"_jetpack_newsletter_tier_id":0,"_jetpack_memberships_contains_paywalled_content":false,"_jetpack_memberships_contains_paid_content":false,"footnotes":"","jetpack_publicize_message":"","jetpack_publicize_feature_enabled":true,"jetpack_social_post_already_shared":true,"jetpack_social_options":{"image_generator_settings":{"template":"highway","default_image_id":0,"enabled":false},"version":2}},"categories":[1076],"tags":[],"class_list":["post-17331","post","type-post","status-publish","format-standard","hentry","category-muminlerinannelerinden111hatira"],"jetpack_publicize_connections":[],"jetpack_featured_media_url":"","jetpack_sharing_enabled":true,"jetpack_shortlink":"https:\/\/wp.me\/p3G27m-4vx","jetpack_likes_enabled":true,"_links":{"self":[{"href":"https:\/\/www.kuranvesunnetyolunda.com\/index.php?rest_route=\/wp\/v2\/posts\/17331","targetHints":{"allow":["GET"]}}],"collection":[{"href":"https:\/\/www.kuranvesunnetyolunda.com\/index.php?rest_route=\/wp\/v2\/posts"}],"about":[{"href":"https:\/\/www.kuranvesunnetyolunda.com\/index.php?rest_route=\/wp\/v2\/types\/post"}],"author":[{"embeddable":true,"href":"https:\/\/www.kuranvesunnetyolunda.com\/index.php?rest_route=\/wp\/v2\/users\/1"}],"replies":[{"embeddable":true,"href":"https:\/\/www.kuranvesunnetyolunda.com\/index.php?rest_route=%2Fwp%2Fv2%2Fcomments&post=17331"}],"version-history":[{"count":1,"href":"https:\/\/www.kuranvesunnetyolunda.com\/index.php?rest_route=\/wp\/v2\/posts\/17331\/revisions"}],"predecessor-version":[{"id":17332,"href":"https:\/\/www.kuranvesunnetyolunda.com\/index.php?rest_route=\/wp\/v2\/posts\/17331\/revisions\/17332"}],"wp:attachment":[{"href":"https:\/\/www.kuranvesunnetyolunda.com\/index.php?rest_route=%2Fwp%2Fv2%2Fmedia&parent=17331"}],"wp:term":[{"taxonomy":"category","embeddable":true,"href":"https:\/\/www.kuranvesunnetyolunda.com\/index.php?rest_route=%2Fwp%2Fv2%2Fcategories&post=17331"},{"taxonomy":"post_tag","embeddable":true,"href":"https:\/\/www.kuranvesunnetyolunda.com\/index.php?rest_route=%2Fwp%2Fv2%2Ftags&post=17331"}],"curies":[{"name":"wp","href":"https:\/\/api.w.org\/{rel}","templated":true}]}}