{"id":17335,"date":"2025-09-23T18:04:41","date_gmt":"2025-09-23T16:04:41","guid":{"rendered":"https:\/\/www.kuranvesunnetyolunda.com\/?p=17335"},"modified":"2025-09-23T18:04:43","modified_gmt":"2025-09-23T16:04:43","slug":"simdiki-aklim-olsaydi","status":"publish","type":"post","link":"https:\/\/www.kuranvesunnetyolunda.com\/?p=17335","title":{"rendered":"\u015eimdiki Akl\u0131m Olsayd\u0131"},"content":{"rendered":"\n<p>Hz. \u00c2i\u015fe (r.a) \u015f\u00f6yle anlat\u0131r:<\/p>\n\n\n\n<p>Allah Ras\u00fbl\u00fc\u2019n\u00fcn cen\u00e2zesini y\u0131kayanlar \u201cDi\u011fer cen\u00e2zeleri y\u0131karken yapt\u0131\u011f\u0131m\u0131z gibi Peygamber Efendimiz\u2019in de elbisesini \u00e7\u0131karacak m\u0131y\u0131z yoksa onu \u00fczerindeki elbiseyle mi y\u0131kayaca\u011f\u0131z?\u201d diye konu\u015fmaya ba\u015flad\u0131lar. Onlar aralar\u0131nda ihtil\u00e2f edince Allah te\u00e2l\u00e2 onlara bir uyku verdi, orada bulunan herkesin \u00e7enesi g\u00f6\u011fs\u00fcne d\u00fc\u015ft\u00fc. Derken kim oldu\u011funu bilemedikleri biri evin bir k\u00f6\u015fesinden onlara:<\/p>\n\n\n\n<p>\u201cAllah Ras\u00fbl\u00fc\u2019n\u00fc elbisesi \u00fczerindeyken y\u0131kay\u0131n\u0131z\u201d diye seslendi. Onlar da elbisesi \u00fczerindeyken, \u00fczerinden su d\u00f6kerek ve m\u00fcb\u00e2rek v\u00fcc\u00fbdunu elbisesiyle ovarak y\u0131kad\u0131lar.<\/p>\n\n\n\n<p>Hz. \u00c2i\u015fe (r.a) s\u00f6z\u00fcn\u00fc \u015f\u00f6yle tamamlam\u0131\u015ft\u0131r:<\/p>\n\n\n\n<p>\u201c\u015eimdiki akl\u0131m olsayd\u0131 Ras\u00fblullah\u2019\u0131 han\u0131mlar\u0131ndan ba\u015fkas\u0131 y\u0131kamazd\u0131.\u201d<a href=\"#_ftn1\" id=\"_ftnref1\">[1]<\/a><\/p>\n\n\n\n<hr class=\"wp-block-separator has-alpha-channel-opacity\"\/>\n\n\n\n<p><a href=\"#_ftnref1\" id=\"_ftn1\">[1]<\/a> Bkz. Eb\u00fb D\u00e2v\u00fbd, \u201cCen\u00e2iz\u201d, 27-28; \u0130bn M\u00e2ce, \u201cCen\u00e2iz\u201d, 9-10; \u0130m\u00e2m M\u00e2lik, <em>el-Muva\u1e6d\u1e6da\u02be<\/em>, thk. Mu\u1e25ammed Mu\u1e63\u1e6daf\u00e2 el-A\u02bf\u1e93am\u00ee (Dub\u00e2i: M\u00fcesseset\u00fc Z\u00e2yid b. Sul\u1e6d\u00e2n \u00c2l-i Nehy\u00e2n, 2004), \u201cCen\u00e2iz\u201d, 27; Ahmed b. Hanbel, <em>el-M\u00fcsned<\/em>, 1992, 2\/267; M. Ya\u015far Kandemir, <em>\u015eif\u00e2-i \u015eer\u00eef \u015eerhi,<\/em> II, 260.<\/p>\n","protected":false},"excerpt":{"rendered":"<p>Hz. \u00c2i\u015fe (r.a) \u015f\u00f6yle anlat\u0131r: Allah Ras\u00fbl\u00fc\u2019n\u00fcn cen\u00e2zesini y\u0131kayanlar \u201cDi\u011fer cen\u00e2zeleri y\u0131karken yapt\u0131\u011f\u0131m\u0131z gibi Peygamber Efendimiz\u2019in de elbisesini \u00e7\u0131karacak m\u0131y\u0131z yoksa onu \u00fczerindeki elbiseyle mi y\u0131kayaca\u011f\u0131z?\u201d diye konu\u015fmaya ba\u015flad\u0131lar. Onlar&hellip; <\/p>\n","protected":false},"author":1,"featured_media":0,"comment_status":"closed","ping_status":"closed","sticky":false,"template":"","format":"standard","meta":{"jetpack_post_was_ever_published":false,"_jetpack_newsletter_access":"","_jetpack_dont_email_post_to_subs":false,"_jetpack_newsletter_tier_id":0,"_jetpack_memberships_contains_paywalled_content":false,"_jetpack_memberships_contains_paid_content":false,"footnotes":"","jetpack_publicize_message":"","jetpack_publicize_feature_enabled":true,"jetpack_social_post_already_shared":true,"jetpack_social_options":{"image_generator_settings":{"template":"highway","default_image_id":0,"enabled":false},"version":2}},"categories":[1076],"tags":[],"class_list":["post-17335","post","type-post","status-publish","format-standard","hentry","category-muminlerinannelerinden111hatira"],"jetpack_publicize_connections":[],"jetpack_featured_media_url":"","jetpack_sharing_enabled":true,"jetpack_shortlink":"https:\/\/wp.me\/p3G27m-4vB","jetpack_likes_enabled":true,"_links":{"self":[{"href":"https:\/\/www.kuranvesunnetyolunda.com\/index.php?rest_route=\/wp\/v2\/posts\/17335","targetHints":{"allow":["GET"]}}],"collection":[{"href":"https:\/\/www.kuranvesunnetyolunda.com\/index.php?rest_route=\/wp\/v2\/posts"}],"about":[{"href":"https:\/\/www.kuranvesunnetyolunda.com\/index.php?rest_route=\/wp\/v2\/types\/post"}],"author":[{"embeddable":true,"href":"https:\/\/www.kuranvesunnetyolunda.com\/index.php?rest_route=\/wp\/v2\/users\/1"}],"replies":[{"embeddable":true,"href":"https:\/\/www.kuranvesunnetyolunda.com\/index.php?rest_route=%2Fwp%2Fv2%2Fcomments&post=17335"}],"version-history":[{"count":1,"href":"https:\/\/www.kuranvesunnetyolunda.com\/index.php?rest_route=\/wp\/v2\/posts\/17335\/revisions"}],"predecessor-version":[{"id":17336,"href":"https:\/\/www.kuranvesunnetyolunda.com\/index.php?rest_route=\/wp\/v2\/posts\/17335\/revisions\/17336"}],"wp:attachment":[{"href":"https:\/\/www.kuranvesunnetyolunda.com\/index.php?rest_route=%2Fwp%2Fv2%2Fmedia&parent=17335"}],"wp:term":[{"taxonomy":"category","embeddable":true,"href":"https:\/\/www.kuranvesunnetyolunda.com\/index.php?rest_route=%2Fwp%2Fv2%2Fcategories&post=17335"},{"taxonomy":"post_tag","embeddable":true,"href":"https:\/\/www.kuranvesunnetyolunda.com\/index.php?rest_route=%2Fwp%2Fv2%2Ftags&post=17335"}],"curies":[{"name":"wp","href":"https:\/\/api.w.org\/{rel}","templated":true}]}}