{"id":17347,"date":"2025-09-23T18:08:29","date_gmt":"2025-09-23T16:08:29","guid":{"rendered":"https:\/\/www.kuranvesunnetyolunda.com\/?p=17347"},"modified":"2025-09-23T18:08:32","modified_gmt":"2025-09-23T16:08:32","slug":"refik-i-a%ca%bbla","status":"publish","type":"post","link":"https:\/\/www.kuranvesunnetyolunda.com\/?p=17347","title":{"rendered":"Ref\u00eek-i A\u02bbl\u00e2"},"content":{"rendered":"\n<p>Hayat\u0131n\u0131 Allah te\u00e2l\u00e2\u2019n\u0131n muhabbet ve i\u015ftiy\u00e2k\u0131 ile ge\u00e7iren Ras\u00fblullah (s.a.v) \u00f6l\u00fcm\u00fc \u00e2deta b\u00fcy\u00fck bir hasret ve heyec\u00e2nla istemi\u015fti. Hz. \u00c2i\u015fe (r.a) o \u00e2n\u0131 \u015f\u00f6yle anlat\u0131r:<\/p>\n\n\n\n<p>\u201cRas\u00fblullah (s.a.v) sa\u011fl\u0131kl\u0131 g\u00fcnlerinde bir\u00e7ok def\u00e2:<\/p>\n\n\n\n<p><em>\u2018Hi\u00e7bir peygamber, cennetteki mak\u00e2m\u0131n\u0131 g\u00f6rmedik\u00e7e r\u00fbhu kabzolunmaz. Sonra d\u00fcny\u00e2da kalmak ile mak\u00e2m\u0131na gitmek aras\u0131nda muhayyer b\u0131rak\u0131l\u0131r\u2019<\/em> buyurmu\u015ftu.<\/p>\n\n\n\n<p>Kendisi hastalan\u0131p vef\u00e2t\u0131 yakla\u015f\u0131nca ba\u015f\u0131 benim dizimdeyken \u00fczerine bir bayg\u0131nl\u0131k geldi. Ay\u0131l\u0131nca g\u00f6z\u00fcn\u00fc evin tavan\u0131na \u00e7evirdi ve:<\/p>\n\n\n\n<p><em>\u2018Rabbim, Ref\u00eek-\u0131 A\u02bbl\u00e2!\u2019<\/em> dedi. Ben o zaman:<\/p>\n\n\n\n<p>\u2018Ras\u00fblullah (s.a.v) bizi tercih etmiyor!\u2019 dedim. Anlad\u0131m ki Efendimiz\u2019in bu temenn\u00eesi, s\u0131hhatli zamanlar\u0131nda bize verdi\u011fi o haberin kendisinde tahakkuk etti\u011finin bir i\u015f\u00e2retidir.\u201d<a href=\"#_ftn1\" id=\"_ftnref1\">[1]<\/a><\/p>\n\n\n\n<p>Yine Hz. \u00c2i\u015fe v\u00e2lidemiz \u015f\u00f6yle anlat\u0131r:<\/p>\n\n\n\n<p>\u201cAllah Ras\u00fbl\u00fc (s.a.v) son anlar\u0131n\u0131 ya\u015farken, m\u00fcb\u00e2rek ba\u015f\u0131 benim g\u00f6\u011fs\u00fcme yasl\u0131 bulunuyordu. Ben \u2018Ey insanlar\u0131n Rabbi, hastal\u0131\u011f\u0131 gider, ger\u00e7ek hekim, hak\u00eeki \u015fif\u00e2 verici ancak Sen\u2019sin!\u2019 diyerek \u015fif\u00e2 diliyordum. Ras\u00fblullah (s.a.v) ise:<\/p>\n\n\n\n<p><em>\u2018\u2013Hay\u0131r ey Rabbim beni Ref\u00eek-\u0131 A\u02bbl\u00e2\u2019ya kavu\u015ftur. Rabbim, bana ma\u011ffiret et, bana rahmetini ihs\u00e2n eyle, beni Ref\u00eek-\u0131 A\u02bbl\u00e2\u2019ya kavu\u015ftur\u2019 <\/em>diye du\u00e2ya dev\u00e2m ediyordu.\u201d<a href=\"#_ftn2\" id=\"_ftnref2\">[2]<\/a><\/p>\n\n\n\n<p>Hz. \u00c2i\u015fe (r.a) di\u011fer rivayette bu h\u00e2diseyi \u015f\u00f6yle anlatm\u0131\u015ft\u0131r:<\/p>\n\n\n\n<p>Ras\u00fblullah (s.a.v) bizden biri rahats\u0131zland\u0131\u011f\u0131nda onu sa\u011f eliyle mesheder ve \u015f\u00f6yle derdi:<\/p>\n\n\n\n<p>\u0623\u064e\u0630\u0652\u0647\u0650\u0628\u0650 \u0627\u0644\u0652\u0628\u064e\u0627\u0633\u064e \u0631\u064e\u0628\u064e\u0651 \u0627\u0644\u0646\u064e\u0651\u0627\u0633\u0650 \u0648\u064e\u0627\u0634\u0652\u0641\u0650 \u0623\u064e\u0646\u0652\u062a\u064e \u0627\u0644\u0634\u064e\u0651\u0627\u0641\u0650\u064a \u0644\u064e\u0627 \u0634\u0650\u0641\u064e\u0627\u0621\u064e \u0625\u0650\u0644\u064e\u0651\u0627 \u0634\u0650\u0641\u064e\u0627\u0624\u064f\u0643\u064e \u0634\u0650\u0641\u064e\u0627\u0621\u064b \u0644\u064e\u0627 \u064a\u064f\u063a\u064e\u0627\u062f\u0650\u0631\u064f \u0633\u064e\u0642\u064e\u0645\u064b\u0627<\/p>\n\n\n\n<p><em>\u201cEy insanlar\u0131n Rabbi, hastal\u0131\u011f\u0131 gider, \u015fif\u00e2 ver, sen \u015fif\u00e2 verensin, senden ba\u015fka kimse \u015fif\u00e2 veremez, hi\u00e7bir hastal\u0131k b\u0131rakmayacak \u015fekilde \u015fif\u00e2 ver!\u201d<\/em><\/p>\n\n\n\n<p>Ras\u00fblullah (s.a.v) hastalan\u0131p a\u011f\u0131rla\u015ft\u0131\u011f\u0131 zaman ben de sa\u011f elini tutarak onun yapt\u0131\u011f\u0131n\u0131 yapmak istedim. Elini elimden \u00e7ekti ve<\/p>\n\n\n\n<p>&nbsp;\u0627\u064e\u0644\u0644\u0651\u0670\u0647\u064f\u0645\u064e\u0651 \u200c\u0627\u063a\u0652\u0641\u0650\u0631\u0652 \u200c\u0644\u0650\u064a \u200c\u0648\u064e\u0627\u062c\u0652\u0639\u064e\u0644\u0652\u0646\u0650\u064a \u0645\u064e\u0639\u064e \u0627\u0644\u0631\u064e\u0651\u0641\u0650\u064a\u0642\u0650 \u0627\u0644\u0652\u0623\u064e\u0639\u0652\u0644\u064e\u0649<\/p>\n\n\n\n<p><em>\u201cRabbim beni ma\u011ffiret et ve Ref\u00eek-\u0131 A\u02bbl\u00e2 ile beraber eyle\u201d<\/em> dedi, ben bakakald\u0131m, bir de ne g\u00f6reyim emir tamam olmu\u015ftu.<a href=\"#_ftn3\" id=\"_ftnref3\">[3]<\/a><\/p>\n\n\n\n<p>Ref\u00eek-\u0131 A\u02bbl\u00e2, en y\u00fcce dost demektir. Ras\u00fblullah (s.a.v) bu ifadeyle Allah te\u00e2l\u00e2\u2019y\u0131 kastetmi\u015f olabilece\u011fi gibi peygamberler, melekler, \u015fehidler ve s\u00e2lihlerin ruhlar\u0131n\u0131n bulundu\u011fu kurb-i il\u00e2h\u00eedeki y\u00fcce bir meclisi kastetmi\u015f de olabilir.<\/p>\n\n\n\n<hr class=\"wp-block-separator has-alpha-channel-opacity\"\/>\n\n\n\n<p><a href=\"#_ftnref1\" id=\"_ftn1\">[1]<\/a> Buh\u00e2r\u00ee, Meg\u00e2z\u00ee, 84; Ahmed b. Hanbel, <em>el-M\u00fcsned<\/em>, 6\/89.<\/p>\n\n\n\n<p><a href=\"#_ftnref2\" id=\"_ftn2\">[2]<\/a> Ahmed b. Hanbel, <em>el-M\u00fcsned<\/em>, 6\/108, 231.<\/p>\n\n\n\n<p><a href=\"#_ftnref3\" id=\"_ftn3\">[3]<\/a> M\u00fcslim, \u201cSel\u00e2m\u201d, 46.<\/p>\n","protected":false},"excerpt":{"rendered":"<p>Hayat\u0131n\u0131 Allah te\u00e2l\u00e2\u2019n\u0131n muhabbet ve i\u015ftiy\u00e2k\u0131 ile ge\u00e7iren Ras\u00fblullah (s.a.v) \u00f6l\u00fcm\u00fc \u00e2deta b\u00fcy\u00fck bir hasret ve heyec\u00e2nla istemi\u015fti. Hz. \u00c2i\u015fe (r.a) o \u00e2n\u0131 \u015f\u00f6yle anlat\u0131r: \u201cRas\u00fblullah (s.a.v) sa\u011fl\u0131kl\u0131 g\u00fcnlerinde bir\u00e7ok&hellip; <\/p>\n","protected":false},"author":1,"featured_media":0,"comment_status":"closed","ping_status":"closed","sticky":false,"template":"","format":"standard","meta":{"jetpack_post_was_ever_published":false,"_jetpack_newsletter_access":"","_jetpack_dont_email_post_to_subs":false,"_jetpack_newsletter_tier_id":0,"_jetpack_memberships_contains_paywalled_content":false,"_jetpack_memberships_contains_paid_content":false,"footnotes":"","jetpack_publicize_message":"","jetpack_publicize_feature_enabled":true,"jetpack_social_post_already_shared":true,"jetpack_social_options":{"image_generator_settings":{"template":"highway","default_image_id":0,"enabled":false},"version":2}},"categories":[1076],"tags":[],"class_list":["post-17347","post","type-post","status-publish","format-standard","hentry","category-muminlerinannelerinden111hatira"],"jetpack_publicize_connections":[],"jetpack_featured_media_url":"","jetpack_sharing_enabled":true,"jetpack_shortlink":"https:\/\/wp.me\/p3G27m-4vN","jetpack_likes_enabled":true,"_links":{"self":[{"href":"https:\/\/www.kuranvesunnetyolunda.com\/index.php?rest_route=\/wp\/v2\/posts\/17347","targetHints":{"allow":["GET"]}}],"collection":[{"href":"https:\/\/www.kuranvesunnetyolunda.com\/index.php?rest_route=\/wp\/v2\/posts"}],"about":[{"href":"https:\/\/www.kuranvesunnetyolunda.com\/index.php?rest_route=\/wp\/v2\/types\/post"}],"author":[{"embeddable":true,"href":"https:\/\/www.kuranvesunnetyolunda.com\/index.php?rest_route=\/wp\/v2\/users\/1"}],"replies":[{"embeddable":true,"href":"https:\/\/www.kuranvesunnetyolunda.com\/index.php?rest_route=%2Fwp%2Fv2%2Fcomments&post=17347"}],"version-history":[{"count":1,"href":"https:\/\/www.kuranvesunnetyolunda.com\/index.php?rest_route=\/wp\/v2\/posts\/17347\/revisions"}],"predecessor-version":[{"id":17348,"href":"https:\/\/www.kuranvesunnetyolunda.com\/index.php?rest_route=\/wp\/v2\/posts\/17347\/revisions\/17348"}],"wp:attachment":[{"href":"https:\/\/www.kuranvesunnetyolunda.com\/index.php?rest_route=%2Fwp%2Fv2%2Fmedia&parent=17347"}],"wp:term":[{"taxonomy":"category","embeddable":true,"href":"https:\/\/www.kuranvesunnetyolunda.com\/index.php?rest_route=%2Fwp%2Fv2%2Fcategories&post=17347"},{"taxonomy":"post_tag","embeddable":true,"href":"https:\/\/www.kuranvesunnetyolunda.com\/index.php?rest_route=%2Fwp%2Fv2%2Ftags&post=17347"}],"curies":[{"name":"wp","href":"https:\/\/api.w.org\/{rel}","templated":true}]}}