{"id":17365,"date":"2025-09-23T18:13:19","date_gmt":"2025-09-23T16:13:19","guid":{"rendered":"https:\/\/www.kuranvesunnetyolunda.com\/?p=17365"},"modified":"2025-09-23T18:13:22","modified_gmt":"2025-09-23T16:13:22","slug":"gomlegimi-ona-kefen-yapin","status":"publish","type":"post","link":"https:\/\/www.kuranvesunnetyolunda.com\/?p=17365","title":{"rendered":"G\u00f6mle\u011fimi Ona Kefen Yap\u0131n"},"content":{"rendered":"\n<p>Peygamber Efendimiz\u2019in k\u0131z\u0131 Zeyneb (r.a) hicr\u00ee 8. senede vef\u00e2t etti\u011finde onu \u00dcmm\u00fc Eymen, Ens\u00e2r han\u0131mlar\u0131ndan \u00dcmm\u00fc Atiyye ve v\u00e2lidelerimizden Hz. Sevde ile \u00dcmm\u00fc Seleme (r.a) y\u0131kam\u0131\u015flard\u0131. Y\u0131kama esn\u00e2s\u0131nda Ras\u00fblullah (s.a.v) yanlar\u0131na var\u0131p:<\/p>\n\n\n\n<p><em>\u201c\u2013Onu y\u0131kamaya sa\u011f taraf\u0131ndan ve abdest \u00e2z\u00e2lar\u0131ndan ba\u015flay\u0131n. Su ve sidr<\/em><a href=\"#_ftn1\" id=\"_ftnref1\">[1]<\/a><em> ile tek say\u0131da yani \u00fc\u00e7, be\u015f veya yedi kere, gerekli g\u00f6r\u00fcrseniz daha fazla y\u0131kay\u0131n. Sonuncusunda suya k\u00e2fur koyun. Y\u0131kama i\u015fini bitirince bana haber verin\u201d<\/em> buyurdu.<\/p>\n\n\n\n<p>Hz. Zeyneb\u2019in sa\u00e7lar\u0131n\u0131 tarad\u0131lar, \u00fc\u00e7e ay\u0131r\u0131p her birini bir bukle yapt\u0131lar. Buklelerden ikisi Hz. Zeyneb\u2019in yan taraflar\u0131ndaki, biri de \u00f6n taraf\u0131ndaki sa\u00e7lar\u0131ndand\u0131. Y\u0131kamay\u0131 bitirdiklerinde Allah Ras\u00fbl\u00fc (s.a.v) elbisesini onlara verip:<\/p>\n\n\n\n<p><em>\u201c\u2013Bunu Zeyneb\u2019e i\u00e7 g\u00f6mle\u011fi yap\u0131n\u201d<\/em> buyurdu.<a href=\"#_ftn2\" id=\"_ftnref2\">[2]<\/a><\/p>\n\n\n\n<p>Ras\u00fblullah (s.a.v) cen\u00e2ze namaz\u0131n\u0131 k\u0131ld\u0131ktan sonra mahzun ve m\u00fckedder bir \u015fekilde kabre indi. Biraz durduktan sonra bu gam ve h\u00fcz\u00fcn h\u00e2li kendisinden gitmi\u015f vaziyette tebess\u00fcm ederek d\u0131\u015far\u0131 \u00e7\u0131kt\u0131 ve \u015f\u00f6yle buyurdu:<em>\u201c\u2013Zeyneb\u2019i ve zay\u0131fl\u0131\u011f\u0131n\u0131 d\u00fc\u015f\u00fcnerek ona kabrin darl\u0131\u011f\u0131n\u0131 ve kederini hafifletmesi i\u00e7in Allah\u2019a du\u00e2 ettim. Allah te\u00e2l\u00e2 da du\u00e2m\u0131 kabul buyurup kabir s\u0131k\u0131nt\u0131s\u0131n\u0131 ona hafifletti.\u201d<\/em><a href=\"#_ftn3\" id=\"_ftnref3\">[3]<\/a><\/p>\n\n\n\n<hr class=\"wp-block-separator has-alpha-channel-opacity\"\/>\n\n\n\n<p><a href=\"#_ftnref1\" id=\"_ftn1\">[1]<\/a> <strong>Sidr: <\/strong>Arabistanda yeti\u015fen, g\u00f6lgesi koyu, lat\u00eef ve hafif olan bir \u00e7e\u015fit kiraz a\u011fac\u0131d\u0131r. Halk\u0131m\u0131z\u0131n Trabzon Hurmas\u0131 dedi\u011fi a\u011fa\u00e7 da bu cinstendir. Sidr a\u011fac\u0131n\u0131n yapraklar\u0131 suya kar\u0131\u015ft\u0131r\u0131larak cen\u00e2ze y\u0131kan\u0131r. (\u00c2s\u0131m Efendi, <em>K\u00e2mus<\/em>, 2\/385)<\/p>\n\n\n\n<p><a href=\"#_ftnref2\" id=\"_ftn2\">[2]<\/a> Buh\u00e2r\u00ee, \u201cCen\u00e2iz\u201d, 8-17; M\u00fcslim, \u201cCen\u00e2iz\u201d, 36; \u0130bn Sa\u02bbd, <em>et-Tabak\u0101t\u00fc\u2019l-k\u00fcbr\u00e2<\/em>, 8\/34-36.<\/p>\n\n\n\n<p><a href=\"#_ftnref3\" id=\"_ftn3\">[3]<\/a> \u0130bn\u00fc\u2019l-Es\u00eer, <em>\u00dcsd\u00fc\u2019l-g\u0101be<\/em>, 7\/131.<\/p>\n","protected":false},"excerpt":{"rendered":"<p>Peygamber Efendimiz\u2019in k\u0131z\u0131 Zeyneb (r.a) hicr\u00ee 8. senede vef\u00e2t etti\u011finde onu \u00dcmm\u00fc Eymen, Ens\u00e2r han\u0131mlar\u0131ndan \u00dcmm\u00fc Atiyye ve v\u00e2lidelerimizden Hz. Sevde ile \u00dcmm\u00fc Seleme (r.a) y\u0131kam\u0131\u015flard\u0131. Y\u0131kama esn\u00e2s\u0131nda Ras\u00fblullah (s.a.v)&hellip; <\/p>\n","protected":false},"author":1,"featured_media":0,"comment_status":"closed","ping_status":"closed","sticky":false,"template":"","format":"standard","meta":{"jetpack_post_was_ever_published":false,"_jetpack_newsletter_access":"","_jetpack_dont_email_post_to_subs":false,"_jetpack_newsletter_tier_id":0,"_jetpack_memberships_contains_paywalled_content":false,"_jetpack_memberships_contains_paid_content":false,"footnotes":"","jetpack_publicize_message":"","jetpack_publicize_feature_enabled":true,"jetpack_social_post_already_shared":true,"jetpack_social_options":{"image_generator_settings":{"template":"highway","default_image_id":0,"enabled":false},"version":2}},"categories":[1076],"tags":[],"class_list":["post-17365","post","type-post","status-publish","format-standard","hentry","category-muminlerinannelerinden111hatira"],"jetpack_publicize_connections":[],"jetpack_featured_media_url":"","jetpack_sharing_enabled":true,"jetpack_shortlink":"https:\/\/wp.me\/p3G27m-4w5","jetpack_likes_enabled":true,"_links":{"self":[{"href":"https:\/\/www.kuranvesunnetyolunda.com\/index.php?rest_route=\/wp\/v2\/posts\/17365","targetHints":{"allow":["GET"]}}],"collection":[{"href":"https:\/\/www.kuranvesunnetyolunda.com\/index.php?rest_route=\/wp\/v2\/posts"}],"about":[{"href":"https:\/\/www.kuranvesunnetyolunda.com\/index.php?rest_route=\/wp\/v2\/types\/post"}],"author":[{"embeddable":true,"href":"https:\/\/www.kuranvesunnetyolunda.com\/index.php?rest_route=\/wp\/v2\/users\/1"}],"replies":[{"embeddable":true,"href":"https:\/\/www.kuranvesunnetyolunda.com\/index.php?rest_route=%2Fwp%2Fv2%2Fcomments&post=17365"}],"version-history":[{"count":1,"href":"https:\/\/www.kuranvesunnetyolunda.com\/index.php?rest_route=\/wp\/v2\/posts\/17365\/revisions"}],"predecessor-version":[{"id":17366,"href":"https:\/\/www.kuranvesunnetyolunda.com\/index.php?rest_route=\/wp\/v2\/posts\/17365\/revisions\/17366"}],"wp:attachment":[{"href":"https:\/\/www.kuranvesunnetyolunda.com\/index.php?rest_route=%2Fwp%2Fv2%2Fmedia&parent=17365"}],"wp:term":[{"taxonomy":"category","embeddable":true,"href":"https:\/\/www.kuranvesunnetyolunda.com\/index.php?rest_route=%2Fwp%2Fv2%2Fcategories&post=17365"},{"taxonomy":"post_tag","embeddable":true,"href":"https:\/\/www.kuranvesunnetyolunda.com\/index.php?rest_route=%2Fwp%2Fv2%2Ftags&post=17365"}],"curies":[{"name":"wp","href":"https:\/\/api.w.org\/{rel}","templated":true}]}}