{"id":17409,"date":"2025-09-23T18:28:00","date_gmt":"2025-09-23T16:28:00","guid":{"rendered":"https:\/\/www.kuranvesunnetyolunda.com\/?p=17409"},"modified":"2025-09-23T18:28:02","modified_gmt":"2025-09-23T16:28:02","slug":"dihye-degil-cibril-i-emin-imis","status":"publish","type":"post","link":"https:\/\/www.kuranvesunnetyolunda.com\/?p=17409","title":{"rendered":"D\u0131hye De\u011fil Cibr\u00eel-i Em\u00een imi\u015f!"},"content":{"rendered":"\n<p>Bir g\u00fcn Cibr\u00eel (a.s) Peygamber Efendimiz\u2019in yan\u0131na gelmi\u015fti. O esn\u00e2da Efendimiz\u2019in yan\u0131nda han\u0131m\u0131 \u00dcmm\u00fc Seleme (r.a) bulunuyordu. Cebr\u00e2\u00eel (a.s) Allah Ras\u00fbl\u00fc (s.a.v) ile biraz konu\u015ftuktan sonra kalk\u0131p gitti. Ras\u00fblullah (s.a.v) \u00dcmm\u00fc Seleme v\u00e2lidemize:<\/p>\n\n\n\n<p><em>\u201c\u2212Bu kimdir?\u201d<\/em> diye sordu.<\/p>\n\n\n\n<p>\u00dcmm\u00fc Seleme (r.a):<\/p>\n\n\n\n<p>\u201c\u2212Bu D\u0131hye\u2019dir\u201d dedi.<\/p>\n\n\n\n<p>Daha sonra \u00dcmm\u00fc Seleme (r.a):<\/p>\n\n\n\n<p>\u201cAllah\u2019a yemin ederim ki Peygamber Efendimiz\u2019in hutbede Cibr\u00eel (a.s) ile aralar\u0131ndaki konu\u015fmadan bahsetti\u011fini i\u015fitinceye kadar h\u00e2l\u00e2 o gelen ki\u015finin D\u0131hye oldu\u011funu zannediyordum\u201d demi\u015ftir.<a href=\"#_ftn1\" id=\"_ftnref1\">[1]<\/a><\/p>\n\n\n\n<p>Allah Ras\u00fbl\u00fc\u2019ne yak\u0131n olman\u0131n bereketiyle Annelerimizin kimisi Cebr\u00e2il (a.s)\u2019dan m\u00fcjde alm\u0131\u015f, kimisi sel\u00e2m alm\u0131\u015f, kimisi de onu insan s\u00fbretinde g\u00f6rme \u015ferefine n\u00e2il olmu\u015ftur.<\/p>\n\n\n\n<hr class=\"wp-block-separator has-alpha-channel-opacity\"\/>\n\n\n\n<p><a href=\"#_ftnref1\" id=\"_ftn1\">[1]<\/a> Buh\u00e2r\u00ee, \u201cMen\u00e2k\u0131b\u201d, 25, 4\/185.<\/p>\n","protected":false},"excerpt":{"rendered":"<p>Bir g\u00fcn Cibr\u00eel (a.s) Peygamber Efendimiz\u2019in yan\u0131na gelmi\u015fti. O esn\u00e2da Efendimiz\u2019in yan\u0131nda han\u0131m\u0131 \u00dcmm\u00fc Seleme (r.a) bulunuyordu. Cebr\u00e2\u00eel (a.s) Allah Ras\u00fbl\u00fc (s.a.v) ile biraz konu\u015ftuktan sonra kalk\u0131p gitti. Ras\u00fblullah (s.a.v)&hellip; <\/p>\n","protected":false},"author":1,"featured_media":0,"comment_status":"closed","ping_status":"closed","sticky":false,"template":"","format":"standard","meta":{"jetpack_post_was_ever_published":false,"_jetpack_newsletter_access":"","_jetpack_dont_email_post_to_subs":false,"_jetpack_newsletter_tier_id":0,"_jetpack_memberships_contains_paywalled_content":false,"_jetpack_memberships_contains_paid_content":false,"footnotes":"","jetpack_publicize_message":"","jetpack_publicize_feature_enabled":true,"jetpack_social_post_already_shared":true,"jetpack_social_options":{"image_generator_settings":{"template":"highway","default_image_id":0,"enabled":false},"version":2}},"categories":[1076],"tags":[],"class_list":["post-17409","post","type-post","status-publish","format-standard","hentry","category-muminlerinannelerinden111hatira"],"jetpack_publicize_connections":[],"jetpack_featured_media_url":"","jetpack_sharing_enabled":true,"jetpack_shortlink":"https:\/\/wp.me\/p3G27m-4wN","jetpack_likes_enabled":true,"_links":{"self":[{"href":"https:\/\/www.kuranvesunnetyolunda.com\/index.php?rest_route=\/wp\/v2\/posts\/17409","targetHints":{"allow":["GET"]}}],"collection":[{"href":"https:\/\/www.kuranvesunnetyolunda.com\/index.php?rest_route=\/wp\/v2\/posts"}],"about":[{"href":"https:\/\/www.kuranvesunnetyolunda.com\/index.php?rest_route=\/wp\/v2\/types\/post"}],"author":[{"embeddable":true,"href":"https:\/\/www.kuranvesunnetyolunda.com\/index.php?rest_route=\/wp\/v2\/users\/1"}],"replies":[{"embeddable":true,"href":"https:\/\/www.kuranvesunnetyolunda.com\/index.php?rest_route=%2Fwp%2Fv2%2Fcomments&post=17409"}],"version-history":[{"count":1,"href":"https:\/\/www.kuranvesunnetyolunda.com\/index.php?rest_route=\/wp\/v2\/posts\/17409\/revisions"}],"predecessor-version":[{"id":17410,"href":"https:\/\/www.kuranvesunnetyolunda.com\/index.php?rest_route=\/wp\/v2\/posts\/17409\/revisions\/17410"}],"wp:attachment":[{"href":"https:\/\/www.kuranvesunnetyolunda.com\/index.php?rest_route=%2Fwp%2Fv2%2Fmedia&parent=17409"}],"wp:term":[{"taxonomy":"category","embeddable":true,"href":"https:\/\/www.kuranvesunnetyolunda.com\/index.php?rest_route=%2Fwp%2Fv2%2Fcategories&post=17409"},{"taxonomy":"post_tag","embeddable":true,"href":"https:\/\/www.kuranvesunnetyolunda.com\/index.php?rest_route=%2Fwp%2Fv2%2Ftags&post=17409"}],"curies":[{"name":"wp","href":"https:\/\/api.w.org\/{rel}","templated":true}]}}