{"id":17413,"date":"2025-09-23T18:29:17","date_gmt":"2025-09-23T16:29:17","guid":{"rendered":"https:\/\/www.kuranvesunnetyolunda.com\/?p=17413"},"modified":"2025-09-23T18:29:20","modified_gmt":"2025-09-23T16:29:20","slug":"kabeyi-tavaf","status":"publish","type":"post","link":"https:\/\/www.kuranvesunnetyolunda.com\/?p=17413","title":{"rendered":"K\u00e2be\u2019yi Tav\u00e2f"},"content":{"rendered":"\n<p>\u00dcmmeh\u00e2t-\u0131 M\u00fc\u2019min\u00een K\u00e2be\u2019yi tav\u00e2f ederken erkeklerin i\u00e7ine kar\u0131\u015fmazlard\u0131. Hz. \u00c2i\u015fe (r.a) erkeklerden ayr\u0131 bir \u015fekilde kenardan tav\u00e2f ederdi, (araya bir perde konuldu\u011fu da s\u00f6ylenir).<\/p>\n\n\n\n<p>Bir defas\u0131nda onunla birlikte tav\u00e2f eden bir kad\u0131n:<\/p>\n\n\n\n<p>\u201c\u2013Ey M\u00fc\u2019minlerin Annesi! Haydi gidip Hacer-i Esved\u2019e el s\u00fcrerek istil\u00e2m ede\u00adlim\u201d dedi. \u00c2i\u015fe v\u00e2lidemiz:<\/p>\n\n\n\n<p>\u201c\u2013Sen gidebilirsin\u201d diyerek bunu kabul etmedi.<\/p>\n\n\n\n<p>Hatt\u00e2 \u00c2i\u015fe (r.a) ve arkada\u015flar\u0131 geceleyin iyice \u00f6rt\u00fcn\u00fcp tan\u0131nmaz bir vaziyette \u00e7\u0131kar \u00f6yle tav\u00e2f eder\u00adlerdi. Beyt\u2019e geldiklerinde durur, erkekler \u00e7\u0131kt\u0131ktan sonra i\u00e7eri girerlerdi.<a href=\"#_ftn1\" id=\"_ftnref1\">[1]<\/a><\/p>\n\n\n\n<p>Bir defas\u0131nda Ras\u00fblullah (s.a.v) Mekke\u2019den ayr\u0131lacakt\u0131. Ancak zevcesi \u00dcmm\u00fc Seleme (r.a) rahats\u0131zl\u0131\u011f\u0131 sebebiyle hen\u00fcz tav\u00e2f edememi\u015fti. Allah Ras\u00fbl\u00fc (s.a.v) ona:<\/p>\n\n\n\n<p><em>\u201c\u2013Sabah namaz\u0131 i\u00e7in k\u0101met getirildi\u011finde insanlar namaz k\u0131larken sen de devenin \u00fczerinde (arka taraftan) tav\u00e2f et\u201d<\/em> buyurdu.<a href=\"#_ftn2\" id=\"_ftnref2\">[2]<\/a><\/p>\n\n\n\n<p>\u00dcmm\u00fc Seleme (r.a) bu tatl\u0131 h\u00e2t\u0131ras\u0131n\u0131 \u015f\u00f6yle anlat\u0131r:<\/p>\n\n\n\n<p>\u201cBen (hac esnas\u0131nda) Ras\u00fblull\u00e2h\u2019a rahats\u0131z oldu\u011fumu s\u00f6yle\u00addim. Bana:<\/p>\n\n\n\n<p><em>\u2018\u2013Deveye binerek insanlar\u0131n arka taraf\u0131ndan tav\u00e2f et\u2019<\/em> buyurdu. Ben de \u00f6ylece tav\u00e2f ettim. O esn\u00e2da Ras\u00fblullah (s.a.v) Beyt\u2019in yan\u0131nda sabah namaz\u0131 k\u0131ld\u0131r\u0131yor ve \u0648\u064e\u0627\u0644\u0637\u064f\u0651\u0648\u0631\u0650. \u0648\u064e\u0643\u0650\u062a\u064e\u0627\u0628\u064d \u0645\u064e\u0633\u0652\u0637\u064f\u0648\u0631\u064d diye ba\u015flayan s\u00fbreyi okuyordu.\u201d<a href=\"#_ftn3\" id=\"_ftnref3\">[3]<\/a><\/p>\n\n\n\n<p>Nakledilen bu riv\u00e2yetlerden kad\u0131nlar\u0131n erkeklerle beraber tav\u00e2f edebilece\u011fi, ancak m\u00fcmk\u00fcn oldu\u011funca erkeklerin arka taraf\u0131ndan tav\u00e2f etmelerinin daha iyi oldu\u011fu anla\u015f\u0131lmaktad\u0131r. Zira tavaf da namaz gibi bir ibadettir. Namazda nas\u0131l kad\u0131nlar erkek\u00adlerin arkas\u0131nda dururlarsa tavafta da m\u00fcmk\u00fcn oldu\u011funca buna dikkat etmeleri iyi olur.<\/p>\n\n\n\n<hr class=\"wp-block-separator has-alpha-channel-opacity\"\/>\n\n\n\n<p><a href=\"#_ftnref1\" id=\"_ftn1\">[1]<\/a> Buh\u00e2r\u00ee, \u201cHac\u201d, 64.<\/p>\n\n\n\n<p><a href=\"#_ftnref2\" id=\"_ftn2\">[2]<\/a> Buh\u00e2r\u00ee, \u201cHac\u201d, 71.<\/p>\n\n\n\n<p><a href=\"#_ftnref3\" id=\"_ftn3\">[3]<\/a> Buh\u00e2r\u00ee, \u201cHac\u201d, 64.<\/p>\n","protected":false},"excerpt":{"rendered":"<p>\u00dcmmeh\u00e2t-\u0131 M\u00fc\u2019min\u00een K\u00e2be\u2019yi tav\u00e2f ederken erkeklerin i\u00e7ine kar\u0131\u015fmazlard\u0131. Hz. \u00c2i\u015fe (r.a) erkeklerden ayr\u0131 bir \u015fekilde kenardan tav\u00e2f ederdi, (araya bir perde konuldu\u011fu da s\u00f6ylenir). Bir defas\u0131nda onunla birlikte tav\u00e2f eden&hellip; <\/p>\n","protected":false},"author":1,"featured_media":0,"comment_status":"closed","ping_status":"closed","sticky":false,"template":"","format":"standard","meta":{"jetpack_post_was_ever_published":false,"_jetpack_newsletter_access":"","_jetpack_dont_email_post_to_subs":false,"_jetpack_newsletter_tier_id":0,"_jetpack_memberships_contains_paywalled_content":false,"_jetpack_memberships_contains_paid_content":false,"footnotes":"","jetpack_publicize_message":"","jetpack_publicize_feature_enabled":true,"jetpack_social_post_already_shared":true,"jetpack_social_options":{"image_generator_settings":{"template":"highway","default_image_id":0,"enabled":false},"version":2}},"categories":[1076],"tags":[],"class_list":["post-17413","post","type-post","status-publish","format-standard","hentry","category-muminlerinannelerinden111hatira"],"jetpack_publicize_connections":[],"jetpack_featured_media_url":"","jetpack_sharing_enabled":true,"jetpack_shortlink":"https:\/\/wp.me\/p3G27m-4wR","jetpack_likes_enabled":true,"_links":{"self":[{"href":"https:\/\/www.kuranvesunnetyolunda.com\/index.php?rest_route=\/wp\/v2\/posts\/17413","targetHints":{"allow":["GET"]}}],"collection":[{"href":"https:\/\/www.kuranvesunnetyolunda.com\/index.php?rest_route=\/wp\/v2\/posts"}],"about":[{"href":"https:\/\/www.kuranvesunnetyolunda.com\/index.php?rest_route=\/wp\/v2\/types\/post"}],"author":[{"embeddable":true,"href":"https:\/\/www.kuranvesunnetyolunda.com\/index.php?rest_route=\/wp\/v2\/users\/1"}],"replies":[{"embeddable":true,"href":"https:\/\/www.kuranvesunnetyolunda.com\/index.php?rest_route=%2Fwp%2Fv2%2Fcomments&post=17413"}],"version-history":[{"count":1,"href":"https:\/\/www.kuranvesunnetyolunda.com\/index.php?rest_route=\/wp\/v2\/posts\/17413\/revisions"}],"predecessor-version":[{"id":17414,"href":"https:\/\/www.kuranvesunnetyolunda.com\/index.php?rest_route=\/wp\/v2\/posts\/17413\/revisions\/17414"}],"wp:attachment":[{"href":"https:\/\/www.kuranvesunnetyolunda.com\/index.php?rest_route=%2Fwp%2Fv2%2Fmedia&parent=17413"}],"wp:term":[{"taxonomy":"category","embeddable":true,"href":"https:\/\/www.kuranvesunnetyolunda.com\/index.php?rest_route=%2Fwp%2Fv2%2Fcategories&post=17413"},{"taxonomy":"post_tag","embeddable":true,"href":"https:\/\/www.kuranvesunnetyolunda.com\/index.php?rest_route=%2Fwp%2Fv2%2Ftags&post=17413"}],"curies":[{"name":"wp","href":"https:\/\/api.w.org\/{rel}","templated":true}]}}