{"id":17423,"date":"2025-09-23T18:31:38","date_gmt":"2025-09-23T16:31:38","guid":{"rendered":"https:\/\/www.kuranvesunnetyolunda.com\/?p=17423"},"modified":"2025-09-23T18:31:39","modified_gmt":"2025-09-23T16:31:39","slug":"faziletli-bir-tesbih","status":"publish","type":"post","link":"https:\/\/www.kuranvesunnetyolunda.com\/?p=17423","title":{"rendered":"Faziletli Bir Tesbih"},"content":{"rendered":"\n<p>Ras\u00fblull\u00e2h (s.a.v) lafzen k\u0131sa ancak m\u00e2n\u00e2s\u0131 geni\u015f olan zikir ve du\u00e2lar\u0131 daha \u00e7ok severdi. Bir g\u00fcn sabah namaz\u0131ndan sonra C\u00fcveyriye (r.a) namaz k\u0131ld\u0131\u011f\u0131 yerde otururken Efendimiz (s.a.v) erkenden evinden \u00e7\u0131km\u0131\u015ft\u0131. Ku\u015fluk vakti eve d\u00f6nd\u00fc\u011f\u00fcnde Hz. C\u00fcveyriye\u2019nin h\u00e2l\u00e2 yerinde oturmakta oldu\u011funu g\u00f6rd\u00fc. Ona:<\/p>\n\n\n\n<p><em>\u201c\u2013Yan\u0131ndan ayr\u0131ld\u0131\u011f\u0131mdan beri hep burada oturup zikirle mi me\u015fgul oldun?\u201d<\/em> diye sordu.<\/p>\n\n\n\n<p>Muhtereme v\u00e2lidemiz, \u201cEvet\u201d cev\u00e2b\u0131n\u0131 verince Ras\u00fblullah (s.a.v) ona \u015f\u00f6yle buyurdu:<\/p>\n\n\n\n<p><em>\u201c\u2013Yan\u0131ndan ayr\u0131ld\u0131ktan sonra \u00fc\u00e7 defa s\u00f6yledi\u011fim \u015fu d\u00f6rt c\u00fcmle, senin sabahtan beri s\u00f6yledi\u011fin zikirlerle tart\u0131lacak olsa sevap bak\u0131m\u0131ndan onlara e\u015fit olur:<\/em><\/p>\n\n\n\n<p>\u0633\u064f\u0628\u0652\u062d\u064e\u0627\u0646\u064e \u0627\u0644\u0644\u0647\u0650 \u0648\u064e\u0628\u0650\u062d\u064e\u0645\u0652\u062f\u0650\u0647\u0650 \u0639\u064e\u062f\u064e\u062f\u064e \u062e\u064e\u0644\u0652\u0642\u0650\u0647\u0650 \u0648\u064e\u0631\u0650\u0636\u064e\u0627 \u0646\u064e\u0641\u0652\u0633\u0650\u0647\u0650 \u0648\u064e\u0632\u0650\u0646\u064e\u0629\u064e \u0639\u064e\u0631\u0652\u0634\u0650\u0647\u0650 \u0648\u064e\u0645\u0650\u062f\u064e\u0627\u062f\u064e \u0643\u064e\u0644\u0650\u0645\u064e\u0627\u062a\u0650\u0647\u0650<\/p>\n\n\n\n<p><em>\u2018All\u00e2h\u2019\u0131 mahl\u00fbk\u00e2t\u0131 say\u0131s\u0131nca, kendisinin r\u00e2z\u0131 olaca\u011f\u0131 kadar, Ar\u015f\u2019\u0131n\u0131n a\u011f\u0131rl\u0131\u011f\u0131nca ve bitip t\u00fckenmeyen kelimeleri adedince hamdiyle tesbih ederim (yani O\u2019nu ul\u00fbhiyet mak\u00e2m\u0131na yak\u0131\u015fmayan b\u00fct\u00fcn noksan s\u0131fatlardan tenz\u00eeh eder ve O\u2019na hamd ederim)\u2019.\u201d<\/em><a href=\"#_ftn1\" id=\"_ftnref1\">[1]<\/a><\/p>\n\n\n\n<p>Allah Ras\u00fbl\u00fc (s.a.v) m\u00e2n\u00e2s\u0131 derin ve kapsaml\u0131 zikirleri tercih etti\u011fi gibi zikri hi\u00e7 kesintiye u\u011fratmaz, d\u00e2im\u00e2 Allah ile beraber olurdu. Hz. \u00c2i\u015fe v\u00e2lidemiz \u015f\u00f6yle demi\u015ftir:<\/p>\n\n\n\n<p>\u201cRas\u00fblullah (s.a.v) her \u00e2n\u0131nda Allah te\u00e2l\u00e2\u2019y\u0131 zikir h\u00e2lindeydi.\u201d<a href=\"#_ftn2\" id=\"_ftnref2\">[2]<\/a><\/p>\n\n\n\n<p>Bu h\u00e2t\u0131rada oldu\u011fu gibi Ras\u00fblullah (s.a.v) her f\u0131rsatta zevcelerine m\u00fchim bilgiler vererek o hakikatlerin bizlere ula\u015fmas\u0131n\u0131 sa\u011flam\u0131\u015ft\u0131r.<\/p>\n\n\n\n<hr class=\"wp-block-separator has-alpha-channel-opacity\"\/>\n\n\n\n<p><a href=\"#_ftnref1\" id=\"_ftn1\">[1]<\/a> M\u00fcslim, \u201cZikir\u201d, 79.<\/p>\n\n\n\n<p><a href=\"#_ftnref2\" id=\"_ftn2\">[2]<\/a> M\u00fcslim, \u201cHayz\u201d, 117.<\/p>\n","protected":false},"excerpt":{"rendered":"<p>Ras\u00fblull\u00e2h (s.a.v) lafzen k\u0131sa ancak m\u00e2n\u00e2s\u0131 geni\u015f olan zikir ve du\u00e2lar\u0131 daha \u00e7ok severdi. Bir g\u00fcn sabah namaz\u0131ndan sonra C\u00fcveyriye (r.a) namaz k\u0131ld\u0131\u011f\u0131 yerde otururken Efendimiz (s.a.v) erkenden evinden \u00e7\u0131km\u0131\u015ft\u0131.&hellip; <\/p>\n","protected":false},"author":1,"featured_media":0,"comment_status":"closed","ping_status":"closed","sticky":false,"template":"","format":"standard","meta":{"jetpack_post_was_ever_published":false,"_jetpack_newsletter_access":"","_jetpack_dont_email_post_to_subs":false,"_jetpack_newsletter_tier_id":0,"_jetpack_memberships_contains_paywalled_content":false,"_jetpack_memberships_contains_paid_content":false,"footnotes":"","jetpack_publicize_message":"","jetpack_publicize_feature_enabled":true,"jetpack_social_post_already_shared":true,"jetpack_social_options":{"image_generator_settings":{"template":"highway","default_image_id":0,"enabled":false},"version":2}},"categories":[1076],"tags":[],"class_list":["post-17423","post","type-post","status-publish","format-standard","hentry","category-muminlerinannelerinden111hatira"],"jetpack_publicize_connections":[],"jetpack_featured_media_url":"","jetpack_sharing_enabled":true,"jetpack_shortlink":"https:\/\/wp.me\/p3G27m-4x1","jetpack_likes_enabled":true,"_links":{"self":[{"href":"https:\/\/www.kuranvesunnetyolunda.com\/index.php?rest_route=\/wp\/v2\/posts\/17423","targetHints":{"allow":["GET"]}}],"collection":[{"href":"https:\/\/www.kuranvesunnetyolunda.com\/index.php?rest_route=\/wp\/v2\/posts"}],"about":[{"href":"https:\/\/www.kuranvesunnetyolunda.com\/index.php?rest_route=\/wp\/v2\/types\/post"}],"author":[{"embeddable":true,"href":"https:\/\/www.kuranvesunnetyolunda.com\/index.php?rest_route=\/wp\/v2\/users\/1"}],"replies":[{"embeddable":true,"href":"https:\/\/www.kuranvesunnetyolunda.com\/index.php?rest_route=%2Fwp%2Fv2%2Fcomments&post=17423"}],"version-history":[{"count":1,"href":"https:\/\/www.kuranvesunnetyolunda.com\/index.php?rest_route=\/wp\/v2\/posts\/17423\/revisions"}],"predecessor-version":[{"id":17424,"href":"https:\/\/www.kuranvesunnetyolunda.com\/index.php?rest_route=\/wp\/v2\/posts\/17423\/revisions\/17424"}],"wp:attachment":[{"href":"https:\/\/www.kuranvesunnetyolunda.com\/index.php?rest_route=%2Fwp%2Fv2%2Fmedia&parent=17423"}],"wp:term":[{"taxonomy":"category","embeddable":true,"href":"https:\/\/www.kuranvesunnetyolunda.com\/index.php?rest_route=%2Fwp%2Fv2%2Fcategories&post=17423"},{"taxonomy":"post_tag","embeddable":true,"href":"https:\/\/www.kuranvesunnetyolunda.com\/index.php?rest_route=%2Fwp%2Fv2%2Ftags&post=17423"}],"curies":[{"name":"wp","href":"https:\/\/api.w.org\/{rel}","templated":true}]}}