{"id":17425,"date":"2025-09-23T18:32:09","date_gmt":"2025-09-23T16:32:09","guid":{"rendered":"https:\/\/www.kuranvesunnetyolunda.com\/?p=17425"},"modified":"2025-09-23T18:32:12","modified_gmt":"2025-09-23T16:32:12","slug":"dunyanin-susu","status":"publish","type":"post","link":"https:\/\/www.kuranvesunnetyolunda.com\/?p=17425","title":{"rendered":"D\u00fcnyan\u0131n S\u00fcs\u00fc"},"content":{"rendered":"\n<p>Enes (r.a) \u015f\u00f6yle anlat\u0131r:<\/p>\n\n\n\n<p>\u201cHz. \u00c2i\u015fe\u2019nin, \u00fczerinde resim ve nak\u0131\u015flar bulunan renkli bir \u00f6rt\u00fcs\u00fc vard\u0131. Onu odas\u0131n\u0131n bir duvar\u0131na asm\u0131\u015ft\u0131. Ras\u00fblullah (s.a.v) ona:<\/p>\n\n\n\n<p><em>\u2018\u2012\u015eu nak\u0131\u015fl\u0131 perdeni kar\u015f\u0131mdan al! \u00dczerindeki resimler namazda g\u00f6z\u00fcme tak\u0131l\u0131p duruyor\u2019<\/em> buyurdu.\u201d<a href=\"#_ftn1\" id=\"_ftnref1\">[1]<\/a><\/p>\n\n\n\n<p>Hz. \u00c2i\u015fe validemizin perdesinin \u00fczerinde ku\u015f ve kanatl\u0131 at tasvirleri vard\u0131. Efendimiz (s.a.v) onu g\u00f6r\u00fcnce rengi de\u011fi\u015fmi\u015f ve:<\/p>\n\n\n\n<p><em>\u201c\u2012Ey \u00c2i\u015fe, kald\u0131r onu, z\u00eer\u00e2 her eve girip onu g\u00f6rd\u00fc\u011f\u00fcmde d\u00fcnya hat\u0131r\u0131ma geliyor\u201d<\/em> buyurmu\u015ftur.<a href=\"#_ftn2\" id=\"_ftnref2\">[2]<\/a><\/p>\n\n\n\n<p>Bir riv\u00e2yete g\u00f6re Ras\u00fblullah (s.a.v) o perdeyi kendi m\u00fcb\u00e2rek elleriyle \u00e7ekip indirdi ve:<\/p>\n\n\n\n<p><em>\u201c\u2012Allah te\u00e2l\u00e2 bize ta\u015f\u0131 topra\u011f\u0131 giydirmemizi emretmedi\u201d<\/em> buyurdu. Sonra da \u015fu m\u00fchim haberi verdi:<\/p>\n\n\n\n<p><em>\u201c\u2012K\u0131y\u00e2met g\u00fcn\u00fc insanlar\u0131n en \u015fiddetli azap g\u00f6renleri Allah te\u00e2l\u00e2\u2019n\u0131n yaratt\u0131\u011f\u0131 canl\u0131 varl\u0131klara benzeterek resim ve heykel yapanlard\u0131r.\u201d<\/em><\/p>\n\n\n\n<p>Hz. \u00c2i\u015fe v\u00e2lidemiz duvardan indirdikleri bu \u00f6rt\u00fcden iki yast\u0131k yapt\u0131, Allah Ras\u00fbl\u00fc (s.a.v) onlara yaslan\u0131rd\u0131.<a href=\"#_ftn3\" id=\"_ftnref3\">[3]<\/a><\/p>\n\n\n\n<p>Yine Efendimiz (s.a.v):<\/p>\n\n\n\n<p><em>\u201c\u0130\u00e7inde s\u00fbret (canl\u0131 resmi ve heykeli) bulunan eve melekler girmez\u201d<\/em> buyurmu\u015ftur.<a href=\"#_ftn4\" id=\"_ftnref4\">[4]<\/a><\/p>\n\n\n\n<p>Resimli elbise ile veya resim olan yerde k\u0131l\u0131nan namaz fasit olmaz ancak b\u00f6yle yapmak mekruhtur. Z\u00eer\u00e2 resimler namaz k\u0131lan ki\u015finin zihnini toplamas\u0131na ve b\u00fct\u00fcn benli\u011fiyle Allah\u2019a y\u00f6nelmesine m\u00e2ni olarak hu\u015f\u00fbunu kaybettirir.<\/p>\n\n\n\n<p>Resimli kuma\u015f\u0131n duvara as\u0131lmas\u0131 yasakland\u0131ysa onu giymek \u00f6ncelikle yasaklanm\u0131\u015f demektir. Hanef\u00eeler yere serilen, \u00fczerine bas\u0131lan yayg\u0131, minder ve yast\u0131k gibi kuma\u015flardaki resimleri mekruh g\u00f6rmemi\u015flerdir. Yani resme h\u00fcrmet edilip edilmedi\u011fine bakm\u0131\u015flard\u0131r. Ancak duvara as\u0131lan, yukar\u0131lara konulan resim ve heykelleri ittifakla mekruh g\u00f6rm\u00fc\u015flerdir.<\/p>\n\n\n\n<p>Ha\u00e7 \u015feklindeki nak\u0131\u015flar da resim gibi mahzurludur, onlar\u0131 da ortadan kald\u0131rmak gerekir. Nitekim Ras\u00fblullah (s.a.v) evde \u00fczerinde ha\u00e7 resmi bulunan bir \u015fey g\u00f6rd\u00fc\u011f\u00fcnde onu mutlaka de\u011fi\u015ftirir ve ha\u00e7\u0131 bozard\u0131.<a href=\"#_ftn5\" id=\"_ftnref5\">[5]<\/a><\/p>\n\n\n\n<hr class=\"wp-block-separator has-alpha-channel-opacity\"\/>\n\n\n\n<p><a href=\"#_ftnref1\" id=\"_ftn1\">[1]<\/a> Buh\u00e2r\u00ee, \u201cSal\u00e2t\u201d, 15.<\/p>\n\n\n\n<p><a href=\"#_ftnref2\" id=\"_ftn2\">[2]<\/a> M\u00fcslim, \u201cLib\u00e2s\u201d, 88-91; Nes\u00e2\u00ee, \u201cZ\u00eenet\u201d, 111; Ahmed b. Hanbel, <em>el-M\u00fcsned<\/em>, 6\/49.<\/p>\n\n\n\n<p><a href=\"#_ftnref3\" id=\"_ftn3\">[3]<\/a> M\u00fcslim, \u201cLib\u00e2s\u201d, 87-91; Nes\u00e2\u00ee, \u201cZ\u00eenet\u201d, 111.<\/p>\n\n\n\n<p><a href=\"#_ftnref4\" id=\"_ftn4\">[4]<\/a> M\u00fcslim, \u201cLib\u00e2s\u201d, 96.<\/p>\n\n\n\n<p><a href=\"#_ftnref5\" id=\"_ftn5\">[5]<\/a> Buh\u00e2r\u00ee, \u201cLib\u00e2s\u201d, 90; Eb\u00fb D\u00e2v\u00fbd, \u201cLib\u00e2s\u201d, 44\/4151.<\/p>\n","protected":false},"excerpt":{"rendered":"<p>Enes (r.a) \u015f\u00f6yle anlat\u0131r: \u201cHz. \u00c2i\u015fe\u2019nin, \u00fczerinde resim ve nak\u0131\u015flar bulunan renkli bir \u00f6rt\u00fcs\u00fc vard\u0131. Onu odas\u0131n\u0131n bir duvar\u0131na asm\u0131\u015ft\u0131. Ras\u00fblullah (s.a.v) ona: \u2018\u2012\u015eu nak\u0131\u015fl\u0131 perdeni kar\u015f\u0131mdan al! \u00dczerindeki resimler&hellip; <\/p>\n","protected":false},"author":1,"featured_media":0,"comment_status":"closed","ping_status":"closed","sticky":false,"template":"","format":"standard","meta":{"jetpack_post_was_ever_published":false,"_jetpack_newsletter_access":"","_jetpack_dont_email_post_to_subs":false,"_jetpack_newsletter_tier_id":0,"_jetpack_memberships_contains_paywalled_content":false,"_jetpack_memberships_contains_paid_content":false,"footnotes":"","jetpack_publicize_message":"","jetpack_publicize_feature_enabled":true,"jetpack_social_post_already_shared":true,"jetpack_social_options":{"image_generator_settings":{"template":"highway","default_image_id":0,"enabled":false},"version":2}},"categories":[1076],"tags":[],"class_list":["post-17425","post","type-post","status-publish","format-standard","hentry","category-muminlerinannelerinden111hatira"],"jetpack_publicize_connections":[],"jetpack_featured_media_url":"","jetpack_sharing_enabled":true,"jetpack_shortlink":"https:\/\/wp.me\/p3G27m-4x3","jetpack_likes_enabled":true,"_links":{"self":[{"href":"https:\/\/www.kuranvesunnetyolunda.com\/index.php?rest_route=\/wp\/v2\/posts\/17425","targetHints":{"allow":["GET"]}}],"collection":[{"href":"https:\/\/www.kuranvesunnetyolunda.com\/index.php?rest_route=\/wp\/v2\/posts"}],"about":[{"href":"https:\/\/www.kuranvesunnetyolunda.com\/index.php?rest_route=\/wp\/v2\/types\/post"}],"author":[{"embeddable":true,"href":"https:\/\/www.kuranvesunnetyolunda.com\/index.php?rest_route=\/wp\/v2\/users\/1"}],"replies":[{"embeddable":true,"href":"https:\/\/www.kuranvesunnetyolunda.com\/index.php?rest_route=%2Fwp%2Fv2%2Fcomments&post=17425"}],"version-history":[{"count":1,"href":"https:\/\/www.kuranvesunnetyolunda.com\/index.php?rest_route=\/wp\/v2\/posts\/17425\/revisions"}],"predecessor-version":[{"id":17426,"href":"https:\/\/www.kuranvesunnetyolunda.com\/index.php?rest_route=\/wp\/v2\/posts\/17425\/revisions\/17426"}],"wp:attachment":[{"href":"https:\/\/www.kuranvesunnetyolunda.com\/index.php?rest_route=%2Fwp%2Fv2%2Fmedia&parent=17425"}],"wp:term":[{"taxonomy":"category","embeddable":true,"href":"https:\/\/www.kuranvesunnetyolunda.com\/index.php?rest_route=%2Fwp%2Fv2%2Fcategories&post=17425"},{"taxonomy":"post_tag","embeddable":true,"href":"https:\/\/www.kuranvesunnetyolunda.com\/index.php?rest_route=%2Fwp%2Fv2%2Ftags&post=17425"}],"curies":[{"name":"wp","href":"https:\/\/api.w.org\/{rel}","templated":true}]}}