{"id":17433,"date":"2025-09-23T18:34:23","date_gmt":"2025-09-23T16:34:23","guid":{"rendered":"https:\/\/www.kuranvesunnetyolunda.com\/?p=17433"},"modified":"2025-09-23T18:34:24","modified_gmt":"2025-09-23T16:34:24","slug":"ifk-hadisesi-2","status":"publish","type":"post","link":"https:\/\/www.kuranvesunnetyolunda.com\/?p=17433","title":{"rendered":"\u0130fk H\u00e2disesi"},"content":{"rendered":"\n<p>Ben\u00ee M\u00fcstalik seferinde Hz. \u00c2i\u015fe v\u00e2lidemiz de vard\u0131 ve hic\u00e2b \u00e2yeti n\u00e2zil oldu\u011fu i\u00e7in bir hevdecin<a href=\"#_ftn1\" id=\"_ftnref1\">[1]<\/a> i\u00e7inde gidiyordu. D\u00f6n\u00fc\u015fte Med\u00eene\u2019ye yakla\u015ft\u0131klar\u0131nda bir i\u015f i\u00e7in hevdecinden inmi\u015fti. D\u00f6nd\u00fc\u011f\u00fcnde kolyesini kaybetti\u011fini anlad\u0131. Geri d\u00f6n\u00fcp aramaya ba\u015flad\u0131. Bu esn\u00e2da ordu hareket etti. Hz. \u00c2i\u015fe validemizin hevdecin i\u00e7inde oldu\u011funu zannettiler. Kolyeyi bulup geldi\u011finde ordu uzakla\u015fm\u0131\u015f, g\u00f6zden kaybolmu\u015ftu. Geride kald\u0131\u011f\u0131n\u0131 fark edip kendisini bulsunlar diye orada bekledi. Ash\u00e2b-\u0131 kiram\u0131n en hay\u0131rl\u0131lar\u0131ndan olan ve ordunun art\u00e7\u0131s\u0131 olan Safv\u00e2n b. Muattal es-S\u00fclem\u00ee (r.a) onu g\u00f6r\u00fcp devesine bindirdi ve Ras\u00fblullah (s.a.v) girdikten sonra Med\u00eene\u2019ye ula\u015ft\u0131. M\u00fcn\u00e2f\u0131klar bunu f\u0131rsat bilerek konu\u015fmaya ve muhtereme v\u00e2lidemize iftir\u00e2 atmaya ba\u015flad\u0131lar.<\/p>\n\n\n\n<p>Ras\u00fblullah (s.a.v) bu durumdan \u00e7ok bunald\u0131. Hz. \u00c2i\u015fe v\u00e2lidemiz de hasta oldu. Cen\u00e2b-\u0131 Hakk\u2019\u0131n kendisini temize \u00e7\u0131karmas\u0131n\u0131 bekliyordu. Allah Ras\u00fbl\u00fc (s.a.v) ona, \u00e2ilesinin yan\u0131na gitmesi i\u00e7in izin verdi. Konuyla ilgili vahiy tam bir ay sonra geldi.<a href=\"#_ftn2\" id=\"_ftnref2\">[2]<\/a><\/p>\n\n\n\n<p>Vahiy gelmeden \u00f6nce Ras\u00fblullah (s.a.v) insanlara bir hutbe \u00eer\u00e2d etmi\u015fti. Allah\u2019a hamd ve sen\u00e2dan sonra:<\/p>\n\n\n\n<p><em>\u201c\u2012Ken\u00addileri hakk\u0131nda asla bir k\u00f6t\u00fcl\u00fck bilmedi\u011fim ehlime s\u00f6vmekte olan bir topluluk hakk\u0131nda g\u00f6r\u00fc\u015f\u00fcn\u00fcz nedir?\u201d<\/em> diye ash\u00e2b\u0131yla isti\u015f\u00e2re etti.<\/p>\n\n\n\n<p>Bu esn\u00e2da Ens\u00e2r\u2019dan bir z\u00e2t (Eb\u00fb Eyy\u00fbb r.a):<\/p>\n\n\n\n<p>\u201c\u2012S\u00fcbh\u00e2neke, seni tenz\u00eeh ederiz Allah\u2019\u0131m! Bu iftiray\u0131 konu\u015fmak bizlere yak\u0131\u015fmaz. Seni tenz\u00eeh ederiz, bu b\u00fcy\u00fck bir iftirad\u0131r\u201d dedi.<a href=\"#_ftn3\" id=\"_ftnref3\">[3]<\/a><\/p>\n\n\n\n<p>\u00dc\u00e7 m\u00fcsl\u00fcman h\u00e2ri\u00e7 di\u011ferleri tam bir uyan\u0131kl\u0131k i\u00e7inde m\u00fcn\u00e2f\u0131klar\u0131n a\u011f\u0131na d\u00fc\u015fmedi.<\/p>\n\n\n\n<p>Eb\u00fb Eyy\u00fbb el-Ens\u00e2r\u00ee Hazretleri\u2019nin zevcesi \u00dcmm\u00fc Eyy\u00fbb (r.a) kocas\u0131na:<\/p>\n\n\n\n<p>\u201c\u2013\u0130nsanlar\u0131n Hz. \u00c2i\u015fe aleyhinde s\u00f6yledikleri \u015feyleri i\u015fittin mi?\u201d diye sordu. Eb\u00fb Eyy\u00fbb (r.a):<\/p>\n\n\n\n<p>\u201c\u2013Evet, i\u015fittim, onlar\u0131n hepsi yalan ve uydurmad\u0131r\u201d dedi. Sonra han\u0131m\u0131na:<\/p>\n\n\n\n<p>\u201c\u2013Sen b\u00f6yle bir k\u00f6t\u00fcl\u00fck yapar m\u0131s\u0131n?\u201d diye sordu. O da:<\/p>\n\n\n\n<p>\u201c\u2013Hay\u0131r, vall\u00e2hi ben kat\u02bbiyyen b\u00f6yle bir k\u00f6t\u00fcl\u00fck yapmam\u201d dedi.<\/p>\n\n\n\n<p>Bunun \u00fczerine Eb\u00fb Eyy\u00fbb (r.a):<\/p>\n\n\n\n<p>\u201c\u2013Sen b\u00f6yle isen vall\u00e2hi Hz. \u00c2i\u015fe senden daha hay\u0131rl\u0131d\u0131r\u201d dedi.<a href=\"#_ftn4\" id=\"_ftnref4\">[4]<\/a><\/p>\n\n\n\n<p>Vahiy gelince Ras\u00fblullah (s.a.v) M\u0131stah, Hass\u00e2n ve Hamne\u2019ye iftir\u00e2 cez\u00e2s\u0131 (Hadd-i Kazf) tatbik edilmesini emretti.<a href=\"#_ftn5\" id=\"_ftnref5\">[5]<\/a><\/p>\n\n\n\n<p>M\u00fcnaf\u0131klara ise had tatbik edilmedi, zira onlar, kendilerine had tatbik edilmeye ehil de\u011fillerdi, cez\u00e2lar\u0131 \u00e2hirete kald\u0131.<\/p>\n\n\n\n<hr class=\"wp-block-separator has-alpha-channel-opacity\"\/>\n\n\n\n<p><a href=\"#_ftnref1\" id=\"_ftn1\">[1]<\/a> Hevdec: Devenin s\u0131rt\u0131na konan, kad\u0131nlara mahsus, \u00fcst\u00fc kubbeli bir \u00e7e\u015fit sepet, mahfe.<\/p>\n\n\n\n<p><a href=\"#_ftnref2\" id=\"_ftn2\">[2]<\/a> N\u00fbr S\u00fbresi 11-20. \u00e2yetler.<\/p>\n\n\n\n<p><a href=\"#_ftnref3\" id=\"_ftn3\">[3]<\/a> Buh\u00e2r\u00ee, \u201c\u0130\u02bbtis\u00e2m\u201d, 28.<\/p>\n\n\n\n<p><a href=\"#_ftnref4\" id=\"_ftn4\">[4]<\/a> \u0130bn Hi\u015f\u00e2m, <em>es-S\u00eeret\u00fc\u2019n-nebeviyye<\/em>, 2\/302; V\u00e2k\u0131d\u00ee, <em>el-Meg\u0101z\u00ee<\/em>, 2\/434.<\/p>\n\n\n\n<p><a href=\"#_ftnref5\" id=\"_ftn5\">[5]<\/a> Heysem\u00ee, <em>Mecma\u02bbu\u2019z-zev\u00e2id<\/em>, 9\/230.<\/p>\n","protected":false},"excerpt":{"rendered":"<p>Ben\u00ee M\u00fcstalik seferinde Hz. \u00c2i\u015fe v\u00e2lidemiz de vard\u0131 ve hic\u00e2b \u00e2yeti n\u00e2zil oldu\u011fu i\u00e7in bir hevdecin[1] i\u00e7inde gidiyordu. D\u00f6n\u00fc\u015fte Med\u00eene\u2019ye yakla\u015ft\u0131klar\u0131nda bir i\u015f i\u00e7in hevdecinden inmi\u015fti. D\u00f6nd\u00fc\u011f\u00fcnde kolyesini kaybetti\u011fini anlad\u0131.&hellip; <\/p>\n","protected":false},"author":1,"featured_media":0,"comment_status":"closed","ping_status":"closed","sticky":false,"template":"","format":"standard","meta":{"jetpack_post_was_ever_published":false,"_jetpack_newsletter_access":"","_jetpack_dont_email_post_to_subs":false,"_jetpack_newsletter_tier_id":0,"_jetpack_memberships_contains_paywalled_content":false,"_jetpack_memberships_contains_paid_content":false,"footnotes":"","jetpack_publicize_message":"","jetpack_publicize_feature_enabled":true,"jetpack_social_post_already_shared":true,"jetpack_social_options":{"image_generator_settings":{"template":"highway","default_image_id":0,"enabled":false},"version":2}},"categories":[1076],"tags":[],"class_list":["post-17433","post","type-post","status-publish","format-standard","hentry","category-muminlerinannelerinden111hatira"],"jetpack_publicize_connections":[],"jetpack_featured_media_url":"","jetpack_sharing_enabled":true,"jetpack_shortlink":"https:\/\/wp.me\/p3G27m-4xb","jetpack_likes_enabled":true,"_links":{"self":[{"href":"https:\/\/www.kuranvesunnetyolunda.com\/index.php?rest_route=\/wp\/v2\/posts\/17433","targetHints":{"allow":["GET"]}}],"collection":[{"href":"https:\/\/www.kuranvesunnetyolunda.com\/index.php?rest_route=\/wp\/v2\/posts"}],"about":[{"href":"https:\/\/www.kuranvesunnetyolunda.com\/index.php?rest_route=\/wp\/v2\/types\/post"}],"author":[{"embeddable":true,"href":"https:\/\/www.kuranvesunnetyolunda.com\/index.php?rest_route=\/wp\/v2\/users\/1"}],"replies":[{"embeddable":true,"href":"https:\/\/www.kuranvesunnetyolunda.com\/index.php?rest_route=%2Fwp%2Fv2%2Fcomments&post=17433"}],"version-history":[{"count":1,"href":"https:\/\/www.kuranvesunnetyolunda.com\/index.php?rest_route=\/wp\/v2\/posts\/17433\/revisions"}],"predecessor-version":[{"id":17434,"href":"https:\/\/www.kuranvesunnetyolunda.com\/index.php?rest_route=\/wp\/v2\/posts\/17433\/revisions\/17434"}],"wp:attachment":[{"href":"https:\/\/www.kuranvesunnetyolunda.com\/index.php?rest_route=%2Fwp%2Fv2%2Fmedia&parent=17433"}],"wp:term":[{"taxonomy":"category","embeddable":true,"href":"https:\/\/www.kuranvesunnetyolunda.com\/index.php?rest_route=%2Fwp%2Fv2%2Fcategories&post=17433"},{"taxonomy":"post_tag","embeddable":true,"href":"https:\/\/www.kuranvesunnetyolunda.com\/index.php?rest_route=%2Fwp%2Fv2%2Ftags&post=17433"}],"curies":[{"name":"wp","href":"https:\/\/api.w.org\/{rel}","templated":true}]}}