{"id":17435,"date":"2025-09-23T18:34:54","date_gmt":"2025-09-23T16:34:54","guid":{"rendered":"https:\/\/www.kuranvesunnetyolunda.com\/?p=17435"},"modified":"2025-09-23T18:34:55","modified_gmt":"2025-09-23T16:34:55","slug":"teyemmum-kolayliginin-gelisi","status":"publish","type":"post","link":"https:\/\/www.kuranvesunnetyolunda.com\/?p=17435","title":{"rendered":"Teyemm\u00fcm Kolayl\u0131\u011f\u0131n\u0131n Geli\u015fi"},"content":{"rendered":"\n<p>\u00dcmm\u00fc\u2019l-M\u00fc\u2019min\u00een \u00c2i\u015fe(r.a) \u015f\u00f6yle anlat\u0131r:<\/p>\n\n\n\n<p>\u201cSeferlerinin birinde Peygamber Efendimiz\u2019le birlikte yola \u00e7\u0131km\u0131\u015ft\u0131k. Beyd\u00e2 veya Z\u00e2t\u00fc\u2019l-Cey\u015f\u2019e vard\u0131\u011f\u0131m\u0131zda (karde\u015fim Esm\u00e2\u2019dan \u00f6d\u00fcn\u00e7 ald\u0131\u011f\u0131m) gerdanl\u0131\u011f\u0131m kopup kayboldu. Ras\u00fblullah (s.a.v) gerdanl\u0131\u011f\u0131n aranmas\u0131 i\u00e7in o mahalde bekledi. \u0130nsanlar da onunla beraber beklediler. H\u00e2lbuki bir su ba\u015f\u0131nda de\u011fillerdi. Baz\u0131 insanlar, Hz. Eb\u00fb Bekir S\u0131dd\u00eek\u2019a gelip:<\/p>\n\n\n\n<p>\u2018\u2012\u00c2i\u015fe\u2019nin yapt\u0131\u011f\u0131n\u0131 g\u00f6rd\u00fcn m\u00fc? Peygamber Efendimiz\u2019i de di\u011fer insanlar\u0131 da yollar\u0131ndan al\u0131koydu. Onlar bir su ba\u015f\u0131nda de\u011filler, kimsenin yan\u0131nda da su yok\u2019 dediler.<\/p>\n\n\n\n<p>Babam Eb\u00fb Bekir (r.a) benim yan\u0131ma geldi. O esn\u00e2da Ras\u00fblullah (s.a.v) de uyumu\u015f, m\u00fcb\u00e2rek ba\u015f\u0131n\u0131 dizime koymu\u015ftu. Eb\u00fb Bekir (r.a) bana:<\/p>\n\n\n\n<p>\u2018\u2012Sen Peygamber Efendimiz\u2019i de di\u011fer insanlar\u0131 da yollar\u0131ndan al\u0131koydun. Onlar bir su ba\u015f\u0131nda de\u011filler, kimsenin yan\u0131nda da su yok\u2019 dedi.<\/p>\n\n\n\n<p>Eb\u00fb Bekir (r.a) beni azarlad\u0131 ve bunun yan\u0131nda baz\u0131 \u015feyler de s\u00f6yledi, eli ile de b\u00f6\u011fr\u00fcme vurmaya ba\u015flad\u0131. Peygamber Efendimiz\u2019in m\u00fcb\u00e2rek ba\u015f\u0131 dizimde oldu\u011fu i\u00e7in hi\u00e7 k\u0131p\u0131rdamad\u0131m. Sabah olunca Ras\u00fblullah (s.a.v) kalkt\u0131, hi\u00e7 su yoktu. All\u00e2h -azze ve celle- Hazretleri teyemm\u00fcm \u00e2yetini inz\u00e2l buyurdu. Herkes teyemm\u00fcm etti. \u00dcseyd b. Hudayr (r.a):<\/p>\n\n\n\n<p>\u2018\u2012Ey Eb\u00fb Bekir h\u00e2ned\u00e2n\u0131, bu sizin ilk bereketiniz de\u011fil\u2019 dedi.<\/p>\n\n\n\n<p>\u00dczerine bindi\u011fim deveyi kald\u0131rd\u0131\u011f\u0131m\u0131zda gerdanl\u0131\u011f\u0131 alt\u0131nda bulduk.\u201d<a href=\"#_ftn1\" id=\"_ftnref1\">[1]<\/a><\/p>\n\n\n\n<p>\u00dcseyd b. Hudayr (r.a) Hz. \u00c2i\u015fe v\u00e2lidemize dua ederek \u015fu hak\u00eekati de bey\u00e2n etmi\u015ftir:<\/p>\n\n\n\n<p>\u201cAllah te\u00e2l\u00e2 seni hay\u0131rla m\u00fck\u00e2fatland\u0131rs\u0131n. Vall\u00e2hi senin ba\u015f\u0131na ho\u015flanmad\u0131\u011f\u0131n hangi i\u015f gelse Allah (c.c) mutlaka onda senin ve b\u00fct\u00fcn m\u00fc\u2019minler i\u00e7in bir hay\u0131r ve ferahl\u0131k yaratm\u0131\u015ft\u0131r.\u201d<a href=\"#_ftn2\" id=\"_ftnref2\">[2]<\/a><\/p>\n\n\n\n<p>\u00dcseyd (r.a) \u0130kinci Akabe gecesi Ras\u00fblullah (s.a.v) taraf\u0131ndan Evs kabilesi \u00fczerine nak\u00eeb (temsilci) t\u00e2y\u00een edilen sah\u00e2b\u00eedir. Gerdanl\u0131\u011f\u0131 yollarda aramaya giden sah\u00e2b\u00eelerin ba\u015f\u0131nda idi.<a href=\"#_ftn3\" id=\"_ftnref3\">[3]<\/a><\/p>\n\n\n\n<p>Eb\u00fb Bekir (r.a) de k\u0131z\u0131n\u0131n yan\u0131na var\u0131p \u201cSen m\u00fcbarek bir insans\u0131n, senin vesilenle ruhsat indi\u201d dedi.<a href=\"#_ftn4\" id=\"_ftnref4\">[4]<\/a><\/p>\n\n\n\n<hr class=\"wp-block-separator has-alpha-channel-opacity\"\/>\n\n\n\n<p><a href=\"#_ftnref1\" id=\"_ftn1\">[1]<\/a> Buh\u00e2r\u00ee, \u201cTeyemm\u00fcm\u201d, 1, 2.<\/p>\n\n\n\n<p><a href=\"#_ftnref2\" id=\"_ftn2\">[2]<\/a> Buh\u00e2r\u00ee, \u201cTeyemm\u00fcm\u201d, 2; Eb\u00fb D\u00e2v\u00fbd, \u201cTah\u00e2ret\u201d, 121\/317; Ahmed b. Hanbel, <em>el-M\u00fcsned<\/em>, 6\/57.<\/p>\n\n\n\n<p><a href=\"#_ftnref3\" id=\"_ftn3\">[3]<\/a> Eb\u00fb D\u00e2v\u00fbd, \u201cTah\u00e2ret\u201d, 121\/317. Kr\u015f. Ahmed b. Hanbel, <em>el-M\u00fcsned<\/em>, 6\/57.<\/p>\n\n\n\n<p><a href=\"#_ftnref4\" id=\"_ftn4\">[4]<\/a> Taber\u00ee, <em>Tefs\u00eer,<\/em> 8\/418; \u0130bn Kes\u00eer, <em>Tefs\u00eer, <\/em>2\/322. Kr\u015f. Muk\u00e2til b. S\u00fcleyman, <em>Tefs\u00eer, <\/em>1\/456.<\/p>\n","protected":false},"excerpt":{"rendered":"<p>\u00dcmm\u00fc\u2019l-M\u00fc\u2019min\u00een \u00c2i\u015fe(r.a) \u015f\u00f6yle anlat\u0131r: \u201cSeferlerinin birinde Peygamber Efendimiz\u2019le birlikte yola \u00e7\u0131km\u0131\u015ft\u0131k. Beyd\u00e2 veya Z\u00e2t\u00fc\u2019l-Cey\u015f\u2019e vard\u0131\u011f\u0131m\u0131zda (karde\u015fim Esm\u00e2\u2019dan \u00f6d\u00fcn\u00e7 ald\u0131\u011f\u0131m) gerdanl\u0131\u011f\u0131m kopup kayboldu. Ras\u00fblullah (s.a.v) gerdanl\u0131\u011f\u0131n aranmas\u0131 i\u00e7in o mahalde bekledi.&hellip; <\/p>\n","protected":false},"author":1,"featured_media":0,"comment_status":"closed","ping_status":"closed","sticky":false,"template":"","format":"standard","meta":{"jetpack_post_was_ever_published":false,"_jetpack_newsletter_access":"","_jetpack_dont_email_post_to_subs":false,"_jetpack_newsletter_tier_id":0,"_jetpack_memberships_contains_paywalled_content":false,"_jetpack_memberships_contains_paid_content":false,"footnotes":"","jetpack_publicize_message":"","jetpack_publicize_feature_enabled":true,"jetpack_social_post_already_shared":true,"jetpack_social_options":{"image_generator_settings":{"template":"highway","default_image_id":0,"enabled":false},"version":2}},"categories":[1076],"tags":[],"class_list":["post-17435","post","type-post","status-publish","format-standard","hentry","category-muminlerinannelerinden111hatira"],"jetpack_publicize_connections":[],"jetpack_featured_media_url":"","jetpack_sharing_enabled":true,"jetpack_shortlink":"https:\/\/wp.me\/p3G27m-4xd","jetpack_likes_enabled":true,"_links":{"self":[{"href":"https:\/\/www.kuranvesunnetyolunda.com\/index.php?rest_route=\/wp\/v2\/posts\/17435","targetHints":{"allow":["GET"]}}],"collection":[{"href":"https:\/\/www.kuranvesunnetyolunda.com\/index.php?rest_route=\/wp\/v2\/posts"}],"about":[{"href":"https:\/\/www.kuranvesunnetyolunda.com\/index.php?rest_route=\/wp\/v2\/types\/post"}],"author":[{"embeddable":true,"href":"https:\/\/www.kuranvesunnetyolunda.com\/index.php?rest_route=\/wp\/v2\/users\/1"}],"replies":[{"embeddable":true,"href":"https:\/\/www.kuranvesunnetyolunda.com\/index.php?rest_route=%2Fwp%2Fv2%2Fcomments&post=17435"}],"version-history":[{"count":1,"href":"https:\/\/www.kuranvesunnetyolunda.com\/index.php?rest_route=\/wp\/v2\/posts\/17435\/revisions"}],"predecessor-version":[{"id":17436,"href":"https:\/\/www.kuranvesunnetyolunda.com\/index.php?rest_route=\/wp\/v2\/posts\/17435\/revisions\/17436"}],"wp:attachment":[{"href":"https:\/\/www.kuranvesunnetyolunda.com\/index.php?rest_route=%2Fwp%2Fv2%2Fmedia&parent=17435"}],"wp:term":[{"taxonomy":"category","embeddable":true,"href":"https:\/\/www.kuranvesunnetyolunda.com\/index.php?rest_route=%2Fwp%2Fv2%2Fcategories&post=17435"},{"taxonomy":"post_tag","embeddable":true,"href":"https:\/\/www.kuranvesunnetyolunda.com\/index.php?rest_route=%2Fwp%2Fv2%2Ftags&post=17435"}],"curies":[{"name":"wp","href":"https:\/\/api.w.org\/{rel}","templated":true}]}}