{"id":17451,"date":"2025-09-23T18:39:10","date_gmt":"2025-09-23T16:39:10","guid":{"rendered":"https:\/\/www.kuranvesunnetyolunda.com\/?p=17451"},"modified":"2025-09-23T18:39:12","modified_gmt":"2025-09-23T16:39:12","slug":"akabe-gunu","status":"publish","type":"post","link":"https:\/\/www.kuranvesunnetyolunda.com\/?p=17451","title":{"rendered":"Akabe G\u00fcn\u00fc"},"content":{"rendered":"\n<p>Hz. \u00c2i\u015fe v\u00e2lidemiz bir g\u00fcn Allah Ras\u00fbl\u00fc\u2019ne:<\/p>\n\n\n\n<p>\u201c\u2013Uhud Harbi\u2019nden daha fazla darald\u0131\u011f\u0131n\u0131z bir g\u00fcn oldu mu y\u00e2 Ras\u00fblallah?\u201d diye sormu\u015ftu.<\/p>\n\n\n\n<p>Ras\u00fblullah (s.a.v) \u015f\u00f6yle buyurdu:<\/p>\n\n\n\n<p><em>\u201c\u2013Evet, senin kavminden \u00e7ok k\u00f6t\u00fcl\u00fck g\u00f6rd\u00fcm. Bu k\u00f6t\u00fcl\u00fcklerin en fen\u00e2s\u0131 onlar\u0131n bana Akabe G\u00fcn\u00fc<\/em><a href=\"#_ftn1\" id=\"_ftnref1\">[1]<\/a><em> yapt\u0131\u011f\u0131d\u0131r. T\u00e2ifli Abd\u00fck\u00fcl\u00e2l\u2019in o\u011flu \u0130bn Abdiy\u00e2l\u00eel\u2019e s\u0131\u011f\u0131nmak istemi\u015ftim de beni kab\u00fbl etmemi\u015fti. Ben de geri d\u00f6nm\u00fc\u015f, derin kederler i\u00e7inde y\u00fcr\u00fcy\u00fcp gidiyordum. Karn\u00fc\u2019s-Se\u00e2lib mevkiine var\u0131ncaya kadar kendime gelemedim. Orada ba\u015f\u0131m\u0131 kald\u0131r\u0131p bakt\u0131\u011f\u0131mda bir bulutun beni g\u00f6lgeledi\u011fini g\u00f6rd\u00fcm. Dikkatlice bak\u0131nca, bulutun i\u00e7inde Cebr\u00e2\u00eel (a.s)\u2019\u0131 fark ettim. Bana:<\/em><\/p>\n\n\n\n<p><em>\u2018\u2212Allah te\u00e2l\u00e2 kavminin sana ne s\u00f6yledi\u011fini ve seni him\u00e2ye etmeyi nas\u0131l reddetti\u011fini duymaktad\u0131r. Onlara diledi\u011fini yapmas\u0131 i\u00e7in de sana da\u011flar mele\u011fini g\u00f6nderdi\u2019 diye seslendi.<\/em><\/p>\n\n\n\n<p><em>Bunun \u00fczerine da\u011flar mele\u011fi bana seslenerek sel\u00e2m verdi ve:<\/em><\/p>\n\n\n\n<p><em>\u2018\u2212Ey Muhammed! Kavminin sana ne dedi\u011fini Cen\u00e2b-\u0131 Hak i\u015fitmektedir. Ben da\u011flar mele\u011fiyim. Ne emredersen yapmam i\u00e7in Allah te\u00e2l\u00e2 beni sana g\u00f6nderdi. Ne yapmam\u0131 istiyorsun? E\u011fer dilersen \u015fu iki da\u011f\u0131 (Mekke\u2019deki Eb\u00fb Kubeys ile Kuayk\u0131\u00e2n da\u011flar\u0131n\u0131) onlar\u0131n ba\u015f\u0131na ge\u00e7ireyim\u2019 dedi. O zaman:<\/em><\/p>\n\n\n\n<p><em>\u2018\u2212Hay\u0131r, ben Cen\u00e2b-\u0131 Hakk\u2019\u0131n onlar\u0131n nesillerinden s\u00e2dece All\u00e2h\u2019a ib\u00e2det eden ve O\u2019na hi\u00e7bir \u015feyi ortak ko\u015fmayan kimseler getirmesini dilerim\u2019 dedim.\u201d<\/em><a href=\"#_ftn2\" id=\"_ftnref2\">[2]<\/a><\/p>\n\n\n\n<p>Hz. \u00c2i\u015fe v\u00e2lidemiz merakl\u0131 bir insand\u0131, pek \u00e7ok \u015feyi bu merak\u0131 sebebiyle sorup \u00f6\u011frenmi\u015f ve bizlere de \u00f6\u011fretmi\u015ftir. Zaten ilim \u00f6\u011frenebilmek i\u00e7in gerekli olan vas\u0131flardan biri de merakt\u0131r.<\/p>\n\n\n\n<hr class=\"wp-block-separator has-alpha-channel-opacity\"\/>\n\n\n\n<p><a href=\"#_ftnref1\" id=\"_ftn1\">[1]<\/a> Burada bahsedilen <em>Akabe<\/em>, T\u00e2if\u2019te bulunan bir yer olup Allah Ras\u00fbl\u00fc\u2019n\u00fcn Ens\u00e2r ile bir araya geldi\u011fi Min\u00e2\u2019daki me\u015fhur <em>Akabe<\/em> de\u011fildir (Bkz. Z\u00fcrk\u00e2n\u00ee, <em>\u015eerhu\u2019l-Mev\u00e2hib,<\/em> 1\/298).<\/p>\n\n\n\n<p><a href=\"#_ftnref2\" id=\"_ftn2\">[2]<\/a> Buh\u00e2r\u00ee, \u201cBed\u2019\u00fc\u2019l-Halk\u201d, 7; M\u00fcslim, \u201cCih\u00e2d\u201d, 111.<\/p>\n","protected":false},"excerpt":{"rendered":"<p>Hz. \u00c2i\u015fe v\u00e2lidemiz bir g\u00fcn Allah Ras\u00fbl\u00fc\u2019ne: \u201c\u2013Uhud Harbi\u2019nden daha fazla darald\u0131\u011f\u0131n\u0131z bir g\u00fcn oldu mu y\u00e2 Ras\u00fblallah?\u201d diye sormu\u015ftu. Ras\u00fblullah (s.a.v) \u015f\u00f6yle buyurdu: \u201c\u2013Evet, senin kavminden \u00e7ok k\u00f6t\u00fcl\u00fck g\u00f6rd\u00fcm.&hellip; <\/p>\n","protected":false},"author":1,"featured_media":0,"comment_status":"closed","ping_status":"closed","sticky":false,"template":"","format":"standard","meta":{"jetpack_post_was_ever_published":false,"_jetpack_newsletter_access":"","_jetpack_dont_email_post_to_subs":false,"_jetpack_newsletter_tier_id":0,"_jetpack_memberships_contains_paywalled_content":false,"_jetpack_memberships_contains_paid_content":false,"footnotes":"","jetpack_publicize_message":"","jetpack_publicize_feature_enabled":true,"jetpack_social_post_already_shared":true,"jetpack_social_options":{"image_generator_settings":{"template":"highway","default_image_id":0,"enabled":false},"version":2}},"categories":[1076],"tags":[],"class_list":["post-17451","post","type-post","status-publish","format-standard","hentry","category-muminlerinannelerinden111hatira"],"jetpack_publicize_connections":[],"jetpack_featured_media_url":"","jetpack_sharing_enabled":true,"jetpack_shortlink":"https:\/\/wp.me\/p3G27m-4xt","jetpack_likes_enabled":true,"_links":{"self":[{"href":"https:\/\/www.kuranvesunnetyolunda.com\/index.php?rest_route=\/wp\/v2\/posts\/17451","targetHints":{"allow":["GET"]}}],"collection":[{"href":"https:\/\/www.kuranvesunnetyolunda.com\/index.php?rest_route=\/wp\/v2\/posts"}],"about":[{"href":"https:\/\/www.kuranvesunnetyolunda.com\/index.php?rest_route=\/wp\/v2\/types\/post"}],"author":[{"embeddable":true,"href":"https:\/\/www.kuranvesunnetyolunda.com\/index.php?rest_route=\/wp\/v2\/users\/1"}],"replies":[{"embeddable":true,"href":"https:\/\/www.kuranvesunnetyolunda.com\/index.php?rest_route=%2Fwp%2Fv2%2Fcomments&post=17451"}],"version-history":[{"count":1,"href":"https:\/\/www.kuranvesunnetyolunda.com\/index.php?rest_route=\/wp\/v2\/posts\/17451\/revisions"}],"predecessor-version":[{"id":17452,"href":"https:\/\/www.kuranvesunnetyolunda.com\/index.php?rest_route=\/wp\/v2\/posts\/17451\/revisions\/17452"}],"wp:attachment":[{"href":"https:\/\/www.kuranvesunnetyolunda.com\/index.php?rest_route=%2Fwp%2Fv2%2Fmedia&parent=17451"}],"wp:term":[{"taxonomy":"category","embeddable":true,"href":"https:\/\/www.kuranvesunnetyolunda.com\/index.php?rest_route=%2Fwp%2Fv2%2Fcategories&post=17451"},{"taxonomy":"post_tag","embeddable":true,"href":"https:\/\/www.kuranvesunnetyolunda.com\/index.php?rest_route=%2Fwp%2Fv2%2Ftags&post=17451"}],"curies":[{"name":"wp","href":"https:\/\/api.w.org\/{rel}","templated":true}]}}