{"id":17459,"date":"2025-09-23T18:40:55","date_gmt":"2025-09-23T16:40:55","guid":{"rendered":"https:\/\/www.kuranvesunnetyolunda.com\/?p=17459"},"modified":"2025-09-23T18:40:58","modified_gmt":"2025-09-23T16:40:58","slug":"ilmin-anahtari-sormaktir","status":"publish","type":"post","link":"https:\/\/www.kuranvesunnetyolunda.com\/?p=17459","title":{"rendered":"\u0130lmin Anahtar\u0131 Sormakt\u0131r"},"content":{"rendered":"\n<p>Ras\u00fblull\u00e2h (s.a.v) bir g\u00fcn Hz. Hafsa v\u00e2lidemizin yan\u0131nda:<\/p>\n\n\n\n<p><em>\u201c\u2013\u0130n\u015f\u00e2all\u00e2h a\u011fac\u0131n alt\u0131nda bey\u02bbat eden Ash\u00e2b-\u0131 \u015eecere\u2019den hi\u00e7 kimse cehenneme girmeyecek\u201d <\/em>buyurdu.<\/p>\n\n\n\n<p>Bu s\u00f6z \u00fczerine akl\u0131na bir soru tak\u0131lan Hafsa v\u00e2lidemiz:<\/p>\n\n\n\n<p>\u201c\u2013Peki y\u00e2 Ras\u00fblall\u00e2h, Cen\u00e2b-\u0131 Hak:<\/p>\n\n\n\n<p>\u0648\u064e\u0627\u0650\u0646\u0652 \u0645\u0650\u0646\u0652\u0643\u064f\u0645\u0652 \u0627\u0650\u0644\u064e\u0651\u0627 \u0648\u064e\u0627\u0631\u0650\u062f\u064f\u0647\u064e\u0627<\/p>\n\n\n\n<p><em>\u2018\u0130\u00e7inizden hi\u00e7biri istisn\u00e2 edilmemek \u00fczere mutlak\u00e2 herkes cehenneme varacakt\u0131r\u2019<\/em><a href=\"#_ftn1\" id=\"_ftnref1\">[1]<\/a>buyuruyor, bu nas\u0131l olacak?\u201d dedi.<\/p>\n\n\n\n<p>Ras\u00fblullah (s.a.v):<\/p>\n\n\n\n<p><em>\u201c\u2013All\u00e2h te\u00e2l\u00e2 \u015f\u00f6yle de buyuruyor\u201d <\/em>diyerek bir sonraki \u00e2yeti okudu:<strong><\/strong><\/p>\n\n\n\n<p>\u062b\u064f\u0645\u064e\u0651 \u0646\u064f\u0646\u064e\u062c\u0650\u0651\u0649 \u0627\u0644\u064e\u0651\u0630\u0650\u064a\u0646\u064e \u0627\u062a\u064e\u0651\u0642\u064e\u0648\u0652\u0627 \u0648\u064e\u0646\u064e\u0630\u064e\u0631\u064f \u0627\u0644\u0638\u064e\u0651\u0627\u0644\u0650\u0645\u0650\u064a\u0646\u064e \u0641\u0650\u064a\u0647\u064e\u0627 \u062c\u0650\u062b\u0650\u064a\u064b\u0651\u0627<\/p>\n\n\n\n<p><em>\u201cSonra m\u00fcttak\u00ee olanlar\u0131 kurtar\u0131r\u0131z da z\u00e2limleri diz \u00fcst\u00fc \u00e7\u00f6km\u00fc\u015f vaziyette orada b\u0131rak\u0131r\u0131z.\u201d<\/em><a href=\"#_ftn2\" id=\"_ftnref2\">[2]<\/a><\/p>\n\n\n\n<p>Akabinde de buradaki \u201ccehenneme varmak\u201dtan maksad\u0131n S\u0131rat\u2019tan ge\u00e7erken cehennemin \u00fcst\u00fcnden ge\u00e7mek oldu\u011funu, yoksa i\u00e7ine girmek m\u00e2n\u00e2s\u0131na gelmedi\u011fini a\u00e7\u0131klad\u0131.<a href=\"#_ftn3\" id=\"_ftnref3\">[3]<\/a><\/p>\n\n\n\n<p>M\u00fc\u2019minlerin anneleri ak\u0131llar\u0131na tak\u0131lan konular\u0131 sorarak hem kendileri \u00f6\u011frenir hem de bu bilgileri \u00fcmmete naklederlerdi.<\/p>\n\n\n\n<hr class=\"wp-block-separator has-alpha-channel-opacity\"\/>\n\n\n\n<p><a href=\"#_ftnref1\" id=\"_ftn1\">[1]<\/a> Meryem 19\/71.<\/p>\n\n\n\n<p><a href=\"#_ftnref2\" id=\"_ftn2\">[2]<\/a> Meryem 19\/72.<\/p>\n\n\n\n<p><a href=\"#_ftnref3\" id=\"_ftn3\">[3]<\/a> M\u00fcslim, \u201cFed\u00e2il\u00fc\u2019s-Sah\u00e2be\u201d, 163.<\/p>\n","protected":false},"excerpt":{"rendered":"<p>Ras\u00fblull\u00e2h (s.a.v) bir g\u00fcn Hz. Hafsa v\u00e2lidemizin yan\u0131nda: \u201c\u2013\u0130n\u015f\u00e2all\u00e2h a\u011fac\u0131n alt\u0131nda bey\u02bbat eden Ash\u00e2b-\u0131 \u015eecere\u2019den hi\u00e7 kimse cehenneme girmeyecek\u201d buyurdu. Bu s\u00f6z \u00fczerine akl\u0131na bir soru tak\u0131lan Hafsa v\u00e2lidemiz: \u201c\u2013Peki&hellip; <\/p>\n","protected":false},"author":1,"featured_media":0,"comment_status":"closed","ping_status":"closed","sticky":false,"template":"","format":"standard","meta":{"jetpack_post_was_ever_published":false,"_jetpack_newsletter_access":"","_jetpack_dont_email_post_to_subs":false,"_jetpack_newsletter_tier_id":0,"_jetpack_memberships_contains_paywalled_content":false,"_jetpack_memberships_contains_paid_content":false,"footnotes":"","jetpack_publicize_message":"","jetpack_publicize_feature_enabled":true,"jetpack_social_post_already_shared":true,"jetpack_social_options":{"image_generator_settings":{"template":"highway","default_image_id":0,"enabled":false},"version":2}},"categories":[1076],"tags":[],"class_list":["post-17459","post","type-post","status-publish","format-standard","hentry","category-muminlerinannelerinden111hatira"],"jetpack_publicize_connections":[],"jetpack_featured_media_url":"","jetpack_sharing_enabled":true,"jetpack_shortlink":"https:\/\/wp.me\/p3G27m-4xB","jetpack_likes_enabled":true,"_links":{"self":[{"href":"https:\/\/www.kuranvesunnetyolunda.com\/index.php?rest_route=\/wp\/v2\/posts\/17459","targetHints":{"allow":["GET"]}}],"collection":[{"href":"https:\/\/www.kuranvesunnetyolunda.com\/index.php?rest_route=\/wp\/v2\/posts"}],"about":[{"href":"https:\/\/www.kuranvesunnetyolunda.com\/index.php?rest_route=\/wp\/v2\/types\/post"}],"author":[{"embeddable":true,"href":"https:\/\/www.kuranvesunnetyolunda.com\/index.php?rest_route=\/wp\/v2\/users\/1"}],"replies":[{"embeddable":true,"href":"https:\/\/www.kuranvesunnetyolunda.com\/index.php?rest_route=%2Fwp%2Fv2%2Fcomments&post=17459"}],"version-history":[{"count":1,"href":"https:\/\/www.kuranvesunnetyolunda.com\/index.php?rest_route=\/wp\/v2\/posts\/17459\/revisions"}],"predecessor-version":[{"id":17460,"href":"https:\/\/www.kuranvesunnetyolunda.com\/index.php?rest_route=\/wp\/v2\/posts\/17459\/revisions\/17460"}],"wp:attachment":[{"href":"https:\/\/www.kuranvesunnetyolunda.com\/index.php?rest_route=%2Fwp%2Fv2%2Fmedia&parent=17459"}],"wp:term":[{"taxonomy":"category","embeddable":true,"href":"https:\/\/www.kuranvesunnetyolunda.com\/index.php?rest_route=%2Fwp%2Fv2%2Fcategories&post=17459"},{"taxonomy":"post_tag","embeddable":true,"href":"https:\/\/www.kuranvesunnetyolunda.com\/index.php?rest_route=%2Fwp%2Fv2%2Ftags&post=17459"}],"curies":[{"name":"wp","href":"https:\/\/api.w.org\/{rel}","templated":true}]}}