{"id":17477,"date":"2025-09-23T18:45:54","date_gmt":"2025-09-23T16:45:54","guid":{"rendered":"https:\/\/www.kuranvesunnetyolunda.com\/?p=17477"},"modified":"2025-09-23T18:45:56","modified_gmt":"2025-09-23T16:45:56","slug":"ummu-seleme-r-a-cileli-bir-hicret","status":"publish","type":"post","link":"https:\/\/www.kuranvesunnetyolunda.com\/?p=17477","title":{"rendered":"\u00dcmm\u00fc Seleme (r.a): \u00c7ileli Bir Hicret"},"content":{"rendered":"\n<p>\u00dcmm\u00fc Seleme (r.a) 597 senesinde do\u011fmu\u015ftur. As\u0131l ismi Hind\u2019dir. Babas\u0131 Eb\u00fb \u00dcmeyye\u2019nin ismi Huzeyfe veya S\u00fcheyl\u2019dir. Kurey\u015f\u2019in me\u015fhur c\u00f6mertlerinden oldu\u011fu i\u00e7in Z\u00e2d\u00fc\u2019r-R\u00e2kib (yolcunun az\u0131\u011f\u0131) diye lakablanm\u0131\u015ft\u0131r.<\/p>\n\n\n\n<p>Annesi \u00c2tike binti \u00c2mir b. Reb\u00ee\u02bba b. Abd\u00fclmuttalib\u2019dir. Peygamber Efendimiz\u2019in halas\u0131n\u0131n kocas\u0131n\u0131n k\u0131z\u0131d\u0131r. Babas\u0131n\u0131n day\u0131lar\u0131 Abdullah ve Z\u00fcheyr, Allah Ras\u00fbl\u00fc\u2019n\u00fcn halas\u0131n\u0131n o\u011fullar\u0131d\u0131r.<\/p>\n\n\n\n<p>Amm\u00e2r b. Y\u00e2sir (r.a) \u00dcmm\u00fc Seleme validemizin s\u00fctkarde\u015fiydi. \u00dcmm\u00fc Seleme (r.a) H\u00e2lid b. Velid\u2019in de amcas\u0131n\u0131n k\u0131z\u0131d\u0131r.<\/p>\n\n\n\n<p>\u00dcmm\u00fc Seleme v\u00e2lidemiz Peygamberimizden evvel <em>Eb\u00fb Seleme<\/em> ile evli idi. Eb\u00fb Seleme (r.a) Peygamber Efendimiz\u2019in halas\u0131n\u0131n o\u011flu, \u00dcmm\u00fc Seleme validemizin de amcas\u0131n\u0131n o\u011fludur. Allah Ras\u00fbl\u00fc (s.a.v) ile Eb\u00fb Seleme (r.a) ayn\u0131 zamanda s\u00fctkarde\u015f idiler. \u0130kisini de Eb\u00fb Leheb\u2019in c\u00e2riyesi S\u00fcveybe h\u00e2tun emzirmi\u015fti.<\/p>\n\n\n\n<p>\u00dcmm\u00fc Seleme validemiz kocas\u0131yla birlikte Habe\u015fistan\u2019a hicret etmi\u015flerdi. Oradan d\u00f6n\u00fcp Med\u00eene\u2019ye hicret ettiler. Kocas\u0131, kendisi ve o\u011flu Med\u00eene\u2019ye ilk hicret eden kimselerdir. Eb\u00fb Seleme (r.a) hicretin 4. senesinde vefat etti. Geriye Seleme, \u00d6mer, Rukiye (D\u00fcrre) ve Zeyneb isimlerinde d\u00f6rt \u00e7ocuk b\u0131rakt\u0131.<\/p>\n\n\n\n<p>\u00dcmm\u00fc Seleme (r.a) kad\u0131nlar\u0131n en g\u00fczellerindendi. Ras\u00fblullah (s.a.v) onunla Uhud\u2019dan sonra hicretin 4. senesinde \u015eevv\u00e2l ay\u0131nda evlendi (Mart 626). Bu esnada \u00dcmm\u00fc Seleme v\u00e2lidemiz 29 ya\u015flar\u0131nda idi.<\/p>\n\n\n\n<p>Hudeybiye, Hayber, T\u00e2if seferlerine ve Ved\u00e2 Hacc\u0131\u2019na kat\u0131ld\u0131. H\u00e2f\u0131z idi, pek\u00e7ok \u00e2yeti Peygamber Efendimiz\u2019den ilk duyan o oluyordu. Annelerimiz i\u00e7inde Hz. \u00c2i\u015fe\u2019den sonra en fazla hadis rivayet eden kimseydi, 378 hadis rivayet etmi\u015fti. \u0130lme olan merak\u0131 sebebiyle Peygamber Efendimiz\u2019e sorular sormu\u015f ve pek\u00e7ok meselenin ayd\u0131nlanmas\u0131na vesile olmu\u015ftur. \u0130sabetli g\u00f6r\u00fc\u015fleri sebebiyle Ras\u00fblullah (s.a.v) kendisiyle isti\u015fare ederdi.<\/p>\n\n\n\n<p>62\/681 senesinde 84 ya\u015f\u0131nda Med\u00eene\u2019de vefat etti ve Cennet\u00fc\u2019l-Bak\u012b\u02bbe defnedildi.<a href=\"#_ftn1\" id=\"_ftnref1\">[1]<\/a><\/p>\n\n\n\n<p>\u058e<\/p>\n\n\n\n<p>Eb\u00fb Seleme Abdullah b. Abdulesed (r.a) zevcesi \u00dcmm\u00fc Seleme ile o\u011flu Seleme\u2019yi devesine bindirip Medine\u2019ye g\u00f6t\u00fcrmek isterken \u00dcmm\u00fc Seleme\u2019nin men\u00adsup bulundu\u011fu Mug\u00eere o\u011fullar\u0131n\u0131n erkekleri g\u00f6rm\u00fc\u015f, \u00dcmm\u00fc Seleme\u2019yi yabanc\u0131 beldelerde gezdirip dola\u015ft\u0131rmas\u0131na m\u00fcsaade edemeyeceklerini s\u00f6yleyerek elinden ald\u0131lar. Onlara k\u0131zan ve Eb\u00fb Seleme\u2019nin kabile halk\u0131 olan Abdulesed o\u011fullar\u0131 da Seleme\u2019yi \u00dcmm\u00fc Seleme\u2019ye vermediler.<\/p>\n\n\n\n<p>\u00dcmm\u00fc Seleme (r.a) bu ac\u0131 h\u00e2diseyi \u015f\u00f6yle anlat\u0131r:<\/p>\n\n\n\n<p>\u201cMug\u00eere o\u011fullar\u0131 beni yanlar\u0131nda hapsettiler. Kocam Eb\u00fb Seleme ise Medine\u2019ye gitti. B\u00f6ylece benimle kocam\u0131n ve o\u011flumun aras\u0131n\u0131 ay\u0131rd\u0131lar.<\/p>\n\n\n\n<p>Bir y\u0131l veya bir y\u0131la yak\u0131n bir m\u00fcddet her sabah Ebtah\u2019a \u00e7\u0131k\u0131p oturur, ak\u015fama kadar a\u011flar durur\u00addum. Mug\u00eere o\u011fullar\u0131ndan amcao\u011fullar\u0131ndan biri bir g\u00fcn yan\u0131ma u\u011frad\u0131. H\u00e2limi g\u00f6r\u00fcnce bana ac\u0131d\u0131. Mug\u00eere o\u011fullar\u0131na:<\/p>\n\n\n\n<p>\u2018\u2012Siz \u015fu zavall\u0131 kad\u0131nca\u011f\u0131z\u0131 kocas\u0131n\u0131n yan\u0131na daha ne diye g\u00f6ndermezsiniz! Onun hem kocas\u0131yla hem de o\u011fluyla aras\u0131n\u0131 ay\u0131rd\u0131n\u0131z\u2019 dedi.<\/p>\n\n\n\n<p>Bunun \u00fczerine Mug\u00eere o\u011fullar\u0131 bana:<\/p>\n\n\n\n<p>\u2018\u2012\u0130stersen git kocana kavu\u015f\u2019 dediler.<\/p>\n\n\n\n<p>Abdulesed o\u011fullar\u0131 da o\u011flumu bana verince deveme binip o\u011flumu kuca\u011f\u0131ma ald\u0131m ve Medine\u2019deki kocam\u0131n yan\u0131na gitmek \u00fczere yola \u00e7\u0131kt\u0131m. Yan\u0131mda hi\u00e7bir Allah\u2019\u0131n kulu yoktu. Kendi kendime \u2018Beni kocam\u0131n yan\u0131na ula\u015f\u0131ncaya kadar g\u00f6t\u00fcrecek bir kimseye rastlayabilir miyim acaba?\u2019 diye yola d\u00fc\u015ft\u00fcm. Ten\u02bbim\u2019de bulundu\u011fum s\u0131rada idi ki Abduddar o\u011fullar\u0131ndan Osman b. Talha\u2019ya<a href=\"#_ftn2\" id=\"_ftnref2\">[2]<\/a> rastlad\u0131m. Bana:<\/p>\n\n\n\n<p>\u2018\u2012Ey Eb\u00fb \u00dcmeyye\u2019nin k\u0131z\u0131, nereye gidiyorsun?\u2019 diye sordu.<\/p>\n\n\n\n<p>\u2018\u2012Medine\u2019deki kocam\u0131n yan\u0131na gitmek istiyorum\u2019 dedim.<\/p>\n\n\n\n<p>\u2018\u2012Senin yan\u0131nda gidecek bir kimse yok mu?\u2019 diye sordu.<\/p>\n\n\n\n<p>\u2018\u2012Yok vallahi, ancak Allah var, bir de \u015fu yavrum\u2019 dedim.<\/p>\n\n\n\n<p>\u2018\u2012Vallahi seni bu yolda yaln\u0131z b\u0131rakmak do\u011fru olmaz\u2019 dedi ve hemen devenin yular\u0131n\u0131 tutup benim\u00adle birlikte h\u0131zl\u0131 h\u0131zl\u0131 y\u00fcr\u00fcmeye ba\u015flad\u0131. Vallahi Arap erkekleri i\u00e7inde ondan daha sayg\u0131l\u0131 ve n\u00e2zik bir yol arkada\u015f\u0131 g\u00f6rmedim. Bir konak yerine var\u0131nca devemi \u00e7\u00f6kt\u00fcr\u00fcr, ben ininceye kadar arkas\u0131n\u0131 d\u00f6n\u00fcp benden uzak\u00adla\u015f\u0131r, ben deveden indikten sonra gelip deveyi g\u00f6t\u00fcr\u00fcr, semerini indirip onu bir a\u011faca ba\u011flar, kendisi de gidip bir a\u011fac\u0131n alt\u0131na uzan\u0131rd\u0131. Hareket zaman\u0131 gelince kalkar, tekrar semeri devenin s\u0131rt\u0131na koyar, deveyi yan\u0131ma getirip \u00e7\u00f6kt\u00fcrd\u00fckten sonra arkas\u0131n\u0131 d\u00f6nerek bana \u2018Haydi bin\u2019 derdi. Ben bindikten sonra gelir, devenin yular\u0131ndan tutarak g\u00f6t\u00fcr\u00fcrd\u00fc. Beni Medine\u2019ye ula\u015ft\u0131r\u0131ncaya kadar hep b\u00f6yle davrand\u0131. Kuba\u2019da Amr b. Avf o\u011fullar\u0131n\u0131n k\u00f6y\u00fc g\u00f6r\u00fcn\u00fcnce:<\/p>\n\n\n\n<p>\u2018\u2012Senin kocan i\u015fte bu k\u00f6ydedir, art\u0131k Allah\u2019\u0131n bereketi \u00fczere oraya gir\u2019 dedikten sonra Mekke\u2019ye d\u00f6nmek \u00fczere yan\u0131mdan ayr\u0131ld\u0131.<\/p>\n\n\n\n<p>Ben \u0130sl\u00e2m\u2019da Eb\u00fb Seleme ailesinin u\u011frad\u0131\u011f\u0131 musibet kadar hi\u00e7bir ev halk\u0131n\u0131n musibete u\u011frad\u0131\u011f\u0131n\u0131 bilmiyorum. Ben hi\u00e7bir zaman Osman b. Talha\u2019dan daha ikraml\u0131 ve sayg\u0131l\u0131 bir yol arkada\u015f\u0131 da g\u00f6rmedim.\u201d<a href=\"#_ftn3\" id=\"_ftnref3\">[3]<\/a><\/p>\n\n\n\n<hr class=\"wp-block-separator has-alpha-channel-opacity\"\/>\n\n\n\n<p><a href=\"#_ftnref1\" id=\"_ftn1\">[1]<\/a> Bkz. Muhibbudd\u00een et-Taber\u00ee, <em>es-Simtu\u2019s-sem\u00een<\/em>, 133, 139, 156; <em>T\u0130A<\/em>, \u201c\u00dcmm\u00fc Seleme\u201d, 8\/257-258.<\/p>\n\n\n\n<p><a href=\"#_ftnref2\" id=\"_ftn2\">[2]<\/a> Osman b. Talha (r.a) Kurey\u015f\u2019in Abd\u00fcdd\u00e2ro\u011fullar\u0131 boyuna mensuptur. Kabilesi K\u00e2be\u2019nin bak\u0131m\u0131, kap\u0131s\u0131 ve anahtarlar\u0131n\u0131n muhafazas\u0131 ile ziyarete a\u00e7\u0131lmas\u0131 gibi m\u00fchim bir vazife (hic\u00e2be) ifa ediyordu. Bu vaz\u00eefe babadan o\u011fula ge\u00e7erek Osman b. Talha\u2019ya ge\u00e7mi\u015fti. Ayn\u0131 zamanda sava\u015flarda Kurey\u015f\u2019in sanca\u011f\u0131n\u0131 ta\u015f\u0131ma vazifesi de onlara aitti.&nbsp;Ras\u00fblullah (s.a.v) Umret\u00fc\u2019l-Kaz\u00e2 i\u00e7in Mekke\u2019ye geldi\u011finde ba\u015fta H\u00e2lid b. Vel\u00eed olmak \u00fczere Mekke\u2019nin kabiliyetli gen\u00e7lerine haber b\u0131rakarak Med\u00eene-i M\u00fcnevvere\u2019ye gelmelerini istemi\u015fti. H\u00e2lid b. Vel\u00eed bu teklif hakk\u0131nda yak\u0131n arkada\u015f\u0131 Osman b. Talha ile g\u00f6r\u00fc\u015ft\u00fc. Birlikte m\u00fcsl\u00fcman olmaya karar verdiler. Daha sonra Amr b. \u00c2s da onlara kat\u0131ld\u0131 ve 1 Safer 8 (31 May\u0131s 629) tarihinde Med\u00eene\u2019ye gelip Peygamber Efendimiz\u2019in huzurunda \u0130sl\u00e2m\u2019a girdiler. Ras\u00fblullah (s.a.v) onlar\u0131n geldi\u011fini g\u00f6r\u00fcnce yan\u0131ndaki sah\u00e2b\u00eelere, <em>\u201cMekke ci\u011ferp\u00e2relerini size att\u0131\u201d<\/em> buyurarak onlar\u0131n geli\u015finden duydu\u011fu memnuniyeti dile getirdi (\u0130bn Abd\u00fclber, <em>el-\u0130st\u00ee\u00e2b,<\/em> 3\/1034; Mehmet Efendio\u011flu, \u201cOsman b. Talha\u201d, <em>TDV \u0130sl\u00e2m Ansiklopedisi,<\/em> https:\/\/islamansiklopedisi.org.tr\/osman-b-talha (06.07.2023).<\/p>\n\n\n\n<p><a href=\"#_ftnref3\" id=\"_ftn3\">[3]<\/a> \u0130bn Hi\u015f\u00e2m, <em>es-S\u00eeret\u00fc\u2019n-nebeviyye<\/em>, 1\/469-470; \u0130bn\u00fc\u2019l-Es\u00eer, <em>\u00dcsd\u00fc\u2019l-g\u0101be<\/em>, 6\/341-342; \u0130bn Hacer el-Askal\u00e2n\u00ee, <em>el-\u0130s\u00e2be<\/em>, 8\/404-405.<\/p>\n","protected":false},"excerpt":{"rendered":"<p>\u00dcmm\u00fc Seleme (r.a) 597 senesinde do\u011fmu\u015ftur. As\u0131l ismi Hind\u2019dir. Babas\u0131 Eb\u00fb \u00dcmeyye\u2019nin ismi Huzeyfe veya S\u00fcheyl\u2019dir. Kurey\u015f\u2019in me\u015fhur c\u00f6mertlerinden oldu\u011fu i\u00e7in Z\u00e2d\u00fc\u2019r-R\u00e2kib (yolcunun az\u0131\u011f\u0131) diye lakablanm\u0131\u015ft\u0131r. Annesi \u00c2tike binti \u00c2mir&hellip; <\/p>\n","protected":false},"author":1,"featured_media":0,"comment_status":"closed","ping_status":"closed","sticky":false,"template":"","format":"standard","meta":{"jetpack_post_was_ever_published":false,"_jetpack_newsletter_access":"","_jetpack_dont_email_post_to_subs":false,"_jetpack_newsletter_tier_id":0,"_jetpack_memberships_contains_paywalled_content":false,"_jetpack_memberships_contains_paid_content":false,"footnotes":"","jetpack_publicize_message":"","jetpack_publicize_feature_enabled":true,"jetpack_social_post_already_shared":true,"jetpack_social_options":{"image_generator_settings":{"template":"highway","default_image_id":0,"enabled":false},"version":2}},"categories":[1076],"tags":[],"class_list":["post-17477","post","type-post","status-publish","format-standard","hentry","category-muminlerinannelerinden111hatira"],"jetpack_publicize_connections":[],"jetpack_featured_media_url":"","jetpack_sharing_enabled":true,"jetpack_shortlink":"https:\/\/wp.me\/p3G27m-4xT","jetpack_likes_enabled":true,"_links":{"self":[{"href":"https:\/\/www.kuranvesunnetyolunda.com\/index.php?rest_route=\/wp\/v2\/posts\/17477","targetHints":{"allow":["GET"]}}],"collection":[{"href":"https:\/\/www.kuranvesunnetyolunda.com\/index.php?rest_route=\/wp\/v2\/posts"}],"about":[{"href":"https:\/\/www.kuranvesunnetyolunda.com\/index.php?rest_route=\/wp\/v2\/types\/post"}],"author":[{"embeddable":true,"href":"https:\/\/www.kuranvesunnetyolunda.com\/index.php?rest_route=\/wp\/v2\/users\/1"}],"replies":[{"embeddable":true,"href":"https:\/\/www.kuranvesunnetyolunda.com\/index.php?rest_route=%2Fwp%2Fv2%2Fcomments&post=17477"}],"version-history":[{"count":1,"href":"https:\/\/www.kuranvesunnetyolunda.com\/index.php?rest_route=\/wp\/v2\/posts\/17477\/revisions"}],"predecessor-version":[{"id":17478,"href":"https:\/\/www.kuranvesunnetyolunda.com\/index.php?rest_route=\/wp\/v2\/posts\/17477\/revisions\/17478"}],"wp:attachment":[{"href":"https:\/\/www.kuranvesunnetyolunda.com\/index.php?rest_route=%2Fwp%2Fv2%2Fmedia&parent=17477"}],"wp:term":[{"taxonomy":"category","embeddable":true,"href":"https:\/\/www.kuranvesunnetyolunda.com\/index.php?rest_route=%2Fwp%2Fv2%2Fcategories&post=17477"},{"taxonomy":"post_tag","embeddable":true,"href":"https:\/\/www.kuranvesunnetyolunda.com\/index.php?rest_route=%2Fwp%2Fv2%2Ftags&post=17477"}],"curies":[{"name":"wp","href":"https:\/\/api.w.org\/{rel}","templated":true}]}}