{"id":17485,"date":"2025-09-23T18:47:41","date_gmt":"2025-09-23T16:47:41","guid":{"rendered":"https:\/\/www.kuranvesunnetyolunda.com\/?p=17485"},"modified":"2025-09-23T18:47:44","modified_gmt":"2025-09-23T16:47:44","slug":"bir-gece-rasulullahin-uykusu-kacti","status":"publish","type":"post","link":"https:\/\/www.kuranvesunnetyolunda.com\/?p=17485","title":{"rendered":"Bir gece Ras\u00fblull\u00e2h\u2019\u0131n Uykusu Ka\u00e7t\u0131"},"content":{"rendered":"\n<p>Hz. \u00c2i\u015fe v\u00e2lidemiz \u015f\u00f6yle anlat\u0131r:<\/p>\n\n\n\n<p>Bir gece Ras\u00fblull\u00e2h Efendimiz\u2019in uykusu ka\u00e7t\u0131. Ben:<\/p>\n\n\n\n<p>\u201c\u2013Ne oldu ey All\u00e2h\u2019\u0131n Ras\u00fbl\u00fc?\u201d dedim.<\/p>\n\n\n\n<p><em>\u201c\u2013Bu gece bizi muh\u00e2faza edecek s\u00e2lih bir z\u00e2t yok mu?\u201d <\/em>buyurdu.<\/p>\n\n\n\n<p>Biz bunlar\u0131 konu\u015furken d\u0131\u015far\u0131dan k\u0131l\u0131\u00e7 \u015fak\u0131rt\u0131s\u0131 geldi. Ras\u00fblull\u00e2h (s.a.v):<\/p>\n\n\n\n<p><em>\u201c\u2013Kim o?\u201d <\/em>dedi. Bir ses:<\/p>\n\n\n\n<p>\u201c\u2013Sa\u02bbd ve Huzeyfe ey All\u00e2h\u2019\u0131n Ras\u00fbl\u00fc, sizi korumak \u00fczere geldik\u201d dedi.<\/p>\n\n\n\n<p>Bunun \u00fczerine Ras\u00fblullah (s.a.v) uyudu. Hatt\u00e2 d\u00fczenli bir \u015fekilde nefes al\u0131\u015f\u0131n\u0131 i\u015fittim. Ard\u0131ndan <em>\u2018\u2026All\u00e2h Sen\u2019i insanlardan korur\u2026\u2019<\/em><a href=\"#_ftn1\" id=\"_ftnref1\">[1]<\/a> \u00e2yet-i ker\u00eemesi n\u00e2zil oldu. Ras\u00fblullah (s.a.v) deri \u00e7ad\u0131rdan ba\u015f\u0131n\u0131 \u00e7\u0131kar\u0131p:<\/p>\n\n\n\n<p><em>\u201c\u2013Ey insanlar, art\u0131k gidebilirsiniz, \u00e7\u00fcnk\u00fc beni All\u00e2h korumaktad\u0131r\u201d<\/em> buyurdu.<a href=\"#_ftn2\" id=\"_ftnref2\">[2]<\/a><\/p>\n\n\n\n<p>Hicretin ilk y\u0131llar\u0131nda m\u00fcsl\u00fcmanlar bir m\u00fcddet korkulu g\u00fcnler ya\u015fad\u0131lar. Bir tarafta Mekkelilerin sald\u0131r\u0131 tehdidi, di\u011fer tarafta yah\u00fbd\u00eelerin kin ve hasedi Med\u00eene\u2019ye yeni gelmi\u015f ve hen\u00fcz h\u00e2kimiyeti tam sa\u011flayamam\u0131\u015f M\u00fcsl\u00fcmanlarda korkuya sebep oluyordu. Sefer esn\u00e2s\u0131nda \u00e7ad\u0131rda gecelediklerinde ise her zaman i\u00e7in d\u00fc\u015fman sald\u0131r\u0131s\u0131 s\u00f6zkonusu idi. Allah te\u00e2l\u00e2 Peygamber Efendimiz\u2019e g\u00fcvence vererek tebli\u011f vaz\u00eefesini rahat\u00e7a yapmas\u0131n\u0131 istedi.<\/p>\n\n\n\n<hr class=\"wp-block-separator has-alpha-channel-opacity\"\/>\n\n\n\n<p><a href=\"#_ftnref1\" id=\"_ftn1\">[1]<\/a> el-M\u00e2ide 5\/67.<\/p>\n\n\n\n<p><a href=\"#_ftnref2\" id=\"_ftn2\">[2]<\/a> V\u00e2hid\u00ee, <em>Esb\u00e2b\u00fc N\u00fcz\u00fbli\u2019l-Kur\u2019\u00e2n,<\/em> thk: Kem\u00e2l Besy\u00fbn\u00ee Za\u011fl\u00fbl, Beyrut 1990, 204-205.<\/p>\n","protected":false},"excerpt":{"rendered":"<p>Hz. \u00c2i\u015fe v\u00e2lidemiz \u015f\u00f6yle anlat\u0131r: Bir gece Ras\u00fblull\u00e2h Efendimiz\u2019in uykusu ka\u00e7t\u0131. Ben: \u201c\u2013Ne oldu ey All\u00e2h\u2019\u0131n Ras\u00fbl\u00fc?\u201d dedim. \u201c\u2013Bu gece bizi muh\u00e2faza edecek s\u00e2lih bir z\u00e2t yok mu?\u201d buyurdu. Biz&hellip; <\/p>\n","protected":false},"author":1,"featured_media":0,"comment_status":"closed","ping_status":"closed","sticky":false,"template":"","format":"standard","meta":{"jetpack_post_was_ever_published":false,"_jetpack_newsletter_access":"","_jetpack_dont_email_post_to_subs":false,"_jetpack_newsletter_tier_id":0,"_jetpack_memberships_contains_paywalled_content":false,"_jetpack_memberships_contains_paid_content":false,"footnotes":"","jetpack_publicize_message":"","jetpack_publicize_feature_enabled":true,"jetpack_social_post_already_shared":true,"jetpack_social_options":{"image_generator_settings":{"template":"highway","default_image_id":0,"enabled":false},"version":2}},"categories":[1076],"tags":[],"class_list":["post-17485","post","type-post","status-publish","format-standard","hentry","category-muminlerinannelerinden111hatira"],"jetpack_publicize_connections":[],"jetpack_featured_media_url":"","jetpack_sharing_enabled":true,"jetpack_shortlink":"https:\/\/wp.me\/p3G27m-4y1","jetpack_likes_enabled":true,"_links":{"self":[{"href":"https:\/\/www.kuranvesunnetyolunda.com\/index.php?rest_route=\/wp\/v2\/posts\/17485","targetHints":{"allow":["GET"]}}],"collection":[{"href":"https:\/\/www.kuranvesunnetyolunda.com\/index.php?rest_route=\/wp\/v2\/posts"}],"about":[{"href":"https:\/\/www.kuranvesunnetyolunda.com\/index.php?rest_route=\/wp\/v2\/types\/post"}],"author":[{"embeddable":true,"href":"https:\/\/www.kuranvesunnetyolunda.com\/index.php?rest_route=\/wp\/v2\/users\/1"}],"replies":[{"embeddable":true,"href":"https:\/\/www.kuranvesunnetyolunda.com\/index.php?rest_route=%2Fwp%2Fv2%2Fcomments&post=17485"}],"version-history":[{"count":1,"href":"https:\/\/www.kuranvesunnetyolunda.com\/index.php?rest_route=\/wp\/v2\/posts\/17485\/revisions"}],"predecessor-version":[{"id":17486,"href":"https:\/\/www.kuranvesunnetyolunda.com\/index.php?rest_route=\/wp\/v2\/posts\/17485\/revisions\/17486"}],"wp:attachment":[{"href":"https:\/\/www.kuranvesunnetyolunda.com\/index.php?rest_route=%2Fwp%2Fv2%2Fmedia&parent=17485"}],"wp:term":[{"taxonomy":"category","embeddable":true,"href":"https:\/\/www.kuranvesunnetyolunda.com\/index.php?rest_route=%2Fwp%2Fv2%2Fcategories&post=17485"},{"taxonomy":"post_tag","embeddable":true,"href":"https:\/\/www.kuranvesunnetyolunda.com\/index.php?rest_route=%2Fwp%2Fv2%2Ftags&post=17485"}],"curies":[{"name":"wp","href":"https:\/\/api.w.org\/{rel}","templated":true}]}}