{"id":17487,"date":"2025-09-23T18:48:10","date_gmt":"2025-09-23T16:48:10","guid":{"rendered":"https:\/\/www.kuranvesunnetyolunda.com\/?p=17487"},"modified":"2025-09-23T18:48:10","modified_gmt":"2025-09-23T16:48:10","slug":"hz-aise-allah-takdir-etmisse-gerceklestirir","status":"publish","type":"post","link":"https:\/\/www.kuranvesunnetyolunda.com\/?p=17487","title":{"rendered":"Hz. \u00c2i\u015fe: Allah Takdir Etmi\u015fse Ger\u00e7ekle\u015ftirir"},"content":{"rendered":"\n<p>Hz. \u00c2i\u015fe (r.a) Allah kat\u0131ndaki makam\u0131n\u0131n y\u00fcceli\u011fi ve Peygamber Efendimiz\u2019e sadakati sebebiyle <em>\u00c2i\u015fe-i S\u0131dd\u00eeka<\/em> diye an\u0131l\u0131r. Kendisine <em>Hal\u00eelet\u00fc Ras\u00fblill\u00e9h<\/em>, <em>Hab\u00eebet\u00fc Ras\u00fblill\u00e9h<\/em> de denir. Babas\u0131 Hz. Eb\u00fb Bekir (r.a), annesi \u00dcmm\u00fc R\u00fbm\u00e2n binti \u00c2mir\u2019dir. N\u00fcb\u00fcvvetin 4. y\u0131l\u0131nda (m. 614) Mekke\u2019de do\u011fdu\u011fu kanaati a\u011f\u0131rl\u0131kl\u0131d\u0131r. Nesebi, anne ve babas\u0131 taraf\u0131ndan Hz. Peygamber\u2019in soyu ile birle\u015fmektedir. \u0130lmiyle temay\u00fcz etmi\u015f, 2210 hadis rivayet etmi\u015f ve pek\u00e7ok fetvalar vermi\u015ftir. Ras\u00fblullah (s.a.v) Hz. Hat\u00eece\u2019den sonra en \u00e7ok onu severdi. Ona <em>Ay\u015fe<\/em>, <em>Uvey\u015f<\/em>, <em>\u00c2i\u015f<\/em> ve y\u00fcz\u00fcn\u00fcn pembemsi rengi sebebiyle <em>H\u00fcmeyr\u00e2<\/em> diye hitap ederdi.<\/p>\n\n\n\n<p>Um\u00fbmiyetle kabilelerinin \u00f6nde gelen s\u00eem\u00e2lar\u0131n\u0131n k\u0131zlar\u0131 olan \u00dcmmeh\u00e2t-\u0131 M\u00fc\u2019min\u00een kendi \u00e2ilelerinin yan\u0131nda daha m\u00fcreffeh bir hayat ya\u015farken Allah\u2019\u0131, Ras\u00fbl\u00fc\u2019n\u00fc ve \u00e2hireti tercih ederek Efendimiz\u2019in yan\u0131nda sade bir hayata r\u00e2z\u0131 olmu\u015flard\u0131r. Mesel\u00e2 Teym o\u011fullar\u0131n\u0131n b\u00fcy\u00fc\u011f\u00fc ve \u00f6nde gelen tic\u00e2ret adamlar\u0131ndan biri olan Hz. Eb\u00fb Bekir\u2019in k\u0131z\u0131 Hz. \u00c2i\u015fe\u2019nin odas\u0131nda e\u015fya olarak sadece bir has\u0131r bulunuyordu.<\/p>\n\n\n\n<p>\u00c7ocu\u011fu olmayan Hz. \u00c2i\u015fe (r.a) Allah Ras\u00fbl\u00fc\u2019n\u00fcn vefat\u0131ndan sonra kendisini tamamen ibadete, ilme ve e\u011fitim faaliyetlerine verdi. Bayram g\u00fcnleri d\u0131\u015f\u0131nda g\u00fcnlerinin \u00e7o\u011funu oru\u00e7la ge\u00e7irirdi. Emniyet eksikli\u011fi olan birka\u00e7 y\u0131l h\u00e2ri\u00e7 her y\u0131l hacca gitti. \u00c7\u00fcnk\u00fc Ras\u00fblullah (s.a.v) <em>\u201cSiz kad\u0131nlar\u0131n cih\u00e2d\u0131 hacd\u0131r\u201d<\/em> buyurmu\u015flard\u0131.<a href=\"#_ftn1\" id=\"_ftnref1\">[1]<\/a><\/p>\n\n\n\n<p>Hz. \u00c2i\u015fe (r.a) Peygamber Efendimiz\u2019den \u00e7ok\u00e7a ilim tahsil ederek b\u00fcy\u00fck bir \u00e2lime olmu\u015ftu.<\/p>\n\n\n\n<p>Eb\u00fb M\u00fbs\u00e2 el-E\u015f\u02bbar\u00ee \u015f\u00f6yle der:<\/p>\n\n\n\n<p>\u201cBiz Ras\u00fblullah\u2019\u0131n ash\u00e2b\u0131na herhangi bir hadisle ilgi bir m\u00fc\u015fkil \u00e2r\u0131z olup da Hz. \u00c2i\u015fe\u2019ye sordu\u011fumuzda mutlaka onun yan\u0131nda bu hadisle ilgili bir bilgi bulurduk.\u201d<a href=\"#_ftn2\" id=\"_ftnref2\">[2]<\/a><\/p>\n\n\n\n<p>\u0130bn \u015eih\u00e2b ez-Z\u00fchr\u00ee: \u201cE\u011fer zaman\u0131n\u0131n b\u00fct\u00fcn \u00e2limlerinin ve Hz. Peygamber\u2019in di\u011fer e\u015flerinin ilmi bir araya toplansa Hz. \u00c2i\u015fe\u2019nin ilmi yine de a\u011f\u0131r basard\u0131\u201d demi\u015ftir.<a href=\"#_ftn3\" id=\"_ftnref3\">[3]<\/a><\/p>\n\n\n\n<p>M\u00fbs\u00e2 b. Talha (r.a): \u201cHz. \u00c2i\u015fe\u2019den daha fasih konu\u015fan kimse g\u00f6rmedim\u201d demi\u015ftir.<a href=\"#_ftn4\" id=\"_ftnref4\">[4]<\/a><\/p>\n\n\n\n<p>\u0130sl\u00e2m\u2019\u0131n \u00f6\u011frenilip ya\u015fanmas\u0131nda Hz. \u00c2i\u015fe\u2019nin \u00e7ok b\u00fcy\u00fck hizmetleri olmu\u015ftur. O, yaln\u0131zca s\u00f6zl\u00fc sorulara de\u011fil ayn\u0131 zamanda muhtelif \u015fehir ve b\u00f6lgelerde ya\u015fayan m\u00fcsl\u00fcmanlar\u0131n mektupla sorduklar\u0131 yaz\u0131l\u0131 sorulara da cevaplar verirdi. B\u00f6ylece hadislerin ve baz\u0131 f\u0131kh\u00ee meselelerin yaz\u0131lmas\u0131na \u00f6nc\u00fcl\u00fck etmi\u015f oldu. 65 veya 66 ya\u015f\u0131ndayken 17 Ramazan 58 \/ 14 Temmuz 678\u2019te \u00c7ar\u015famba gecesi vefat edip Cennet\u00fc\u2019l-Bak\u012b\u02bbe defnedildi.<a href=\"#_ftn5\" id=\"_ftnref5\">[5]<\/a><\/p>\n\n\n\n<p>\u058e<\/p>\n\n\n\n<p>Ras\u00fblullah (s.a.v) bir g\u00fcn Hz. \u00c2i\u015fe validemize \u015f\u00f6yle demi\u015ftir:<\/p>\n\n\n\n<p><em>\u201cEvlenmeden \u00f6nce sen bana r\u00fcyamda iki kere g\u00f6sterildin. Melek seni ipek bir kuma\u015f i\u00e7inde getirip \u2018Bu senin han\u0131m\u0131n olacak\u2019 dedi ve y\u00fcz\u00fcnden \u00f6rt\u00fcy\u00fc a\u00e7t\u0131. Bakt\u0131m o sendin. Kendi kendime:<\/em><\/p>\n\n\n\n<p><em>\u2018E\u011fer bu r\u00fcya Allah kat\u0131ndan ise onu ger\u00e7ekle\u015ftirir\u2019 dedim.\u201d<\/em><a href=\"#_ftn6\" id=\"_ftnref6\">[6]<\/a><\/p>\n\n\n\n<p>Bu had\u00ees-i \u015fer\u00eefin yan\u0131nda Ahz\u00e2b s\u00fbresindeki Efendimiz\u2019in \u00e2ile hayat\u0131yla ilgili \u00e2yetleri de d\u00fc\u015f\u00fcnd\u00fc\u011f\u00fcm\u00fczde Allah Ras\u00fbl\u00fc\u2019n\u00fcn \u00e2ile hayat\u0131n\u0131n tamamen Allah te\u00e2l\u00e2\u2019n\u0131n emir ve t\u00e2lim\u00e2tlar\u0131yla \u015fekillendi\u011fini g\u00f6r\u00fcr\u00fcz. Allah te\u00e2l\u00e2 Peygamber Efendimiz\u2019in kimlerle, ne zaman ve ne kadar evlenebilece\u011fini hep kendisi tayin etmi\u015f, Ras\u00fblullah (s.a.v) kendi arzusuna g\u00f6re hareket etmemi\u015ftir.<\/p>\n\n\n\n<hr class=\"wp-block-separator has-alpha-channel-opacity\"\/>\n\n\n\n<p><a href=\"#_ftnref1\" id=\"_ftn1\">[1]<\/a> Buh\u00e2r\u00ee, \u201cCih\u00e2d\u201d, 62.<\/p>\n\n\n\n<p><a href=\"#_ftnref2\" id=\"_ftn2\">[2]<\/a> Mu\u1e25ammed b. \u02bf\u00ces\u00e2 b. S\u0331evre b. M\u00fbsa b. ed-\u1e0ca\u1e25\u1e25\u00e2k et-Tirmiz\u00ee, <em>el-C\u00e2mi\u02bfu\u2019l-keb\u00eer (S\u00fcnen\u00fc\u2019t-Tirmiz\u00ee<\/em>, thk. Be\u015f\u015f\u00e2r \u02bfAvv\u00e2d Ma\u02bfr\u00fbf (Beyrut: D\u00e2ru\u2019l-\u0120arbi\u2019l-\u0130sl\u00e2m\u00ee, 1998), \u201cMen\u00e2k\u0131b\u201d, 63.<\/p>\n\n\n\n<p><a href=\"#_ftnref3\" id=\"_ftn3\">[3]<\/a> <em>T\u0130A<\/em>, \u201c\u00c2i\u015fe\u201d, <em>Temel \u0130slam Ansiklopedisi<\/em>, 1\/188.<\/p>\n\n\n\n<p><a href=\"#_ftnref4\" id=\"_ftn4\">[4]<\/a> Tirmiz\u00ee, \u201cMen\u00e2k\u0131b\u201d, 63.<\/p>\n\n\n\n<p><a href=\"#_ftnref5\" id=\"_ftn5\">[5]<\/a> Bkz. <em>T\u0130A<\/em>, \u201c\u00c2i\u015fe\u201d, <em>Temel \u0130slam Ansiklopedisi<\/em>, 1\/184-190.<\/p>\n\n\n\n<p><a href=\"#_ftnref6\" id=\"_ftn6\">[6]<\/a> Buh\u00e2r\u00ee, \u201cNik\u00e2h\u201d, 36, \u201cTa\u02bbb\u00eer\u201d, 21; M\u00fcslim, \u201cFed\u00e2il\u00fc\u2019s-Sah\u00e2be\u201d, 79.<\/p>\n","protected":false},"excerpt":{"rendered":"<p>Hz. \u00c2i\u015fe (r.a) Allah kat\u0131ndaki makam\u0131n\u0131n y\u00fcceli\u011fi ve Peygamber Efendimiz\u2019e sadakati sebebiyle \u00c2i\u015fe-i S\u0131dd\u00eeka diye an\u0131l\u0131r. Kendisine Hal\u00eelet\u00fc Ras\u00fblill\u00e9h, Hab\u00eebet\u00fc Ras\u00fblill\u00e9h de denir. Babas\u0131 Hz. Eb\u00fb Bekir (r.a), annesi \u00dcmm\u00fc&hellip; <\/p>\n","protected":false},"author":1,"featured_media":0,"comment_status":"closed","ping_status":"closed","sticky":false,"template":"","format":"standard","meta":{"jetpack_post_was_ever_published":false,"_jetpack_newsletter_access":"","_jetpack_dont_email_post_to_subs":false,"_jetpack_newsletter_tier_id":0,"_jetpack_memberships_contains_paywalled_content":false,"_jetpack_memberships_contains_paid_content":false,"footnotes":"","jetpack_publicize_message":"","jetpack_publicize_feature_enabled":true,"jetpack_social_post_already_shared":true,"jetpack_social_options":{"image_generator_settings":{"template":"highway","default_image_id":0,"enabled":false},"version":2}},"categories":[1076],"tags":[],"class_list":["post-17487","post","type-post","status-publish","format-standard","hentry","category-muminlerinannelerinden111hatira"],"jetpack_publicize_connections":[],"jetpack_featured_media_url":"","jetpack_sharing_enabled":true,"jetpack_shortlink":"https:\/\/wp.me\/p3G27m-4y3","jetpack_likes_enabled":true,"_links":{"self":[{"href":"https:\/\/www.kuranvesunnetyolunda.com\/index.php?rest_route=\/wp\/v2\/posts\/17487","targetHints":{"allow":["GET"]}}],"collection":[{"href":"https:\/\/www.kuranvesunnetyolunda.com\/index.php?rest_route=\/wp\/v2\/posts"}],"about":[{"href":"https:\/\/www.kuranvesunnetyolunda.com\/index.php?rest_route=\/wp\/v2\/types\/post"}],"author":[{"embeddable":true,"href":"https:\/\/www.kuranvesunnetyolunda.com\/index.php?rest_route=\/wp\/v2\/users\/1"}],"replies":[{"embeddable":true,"href":"https:\/\/www.kuranvesunnetyolunda.com\/index.php?rest_route=%2Fwp%2Fv2%2Fcomments&post=17487"}],"version-history":[{"count":1,"href":"https:\/\/www.kuranvesunnetyolunda.com\/index.php?rest_route=\/wp\/v2\/posts\/17487\/revisions"}],"predecessor-version":[{"id":17488,"href":"https:\/\/www.kuranvesunnetyolunda.com\/index.php?rest_route=\/wp\/v2\/posts\/17487\/revisions\/17488"}],"wp:attachment":[{"href":"https:\/\/www.kuranvesunnetyolunda.com\/index.php?rest_route=%2Fwp%2Fv2%2Fmedia&parent=17487"}],"wp:term":[{"taxonomy":"category","embeddable":true,"href":"https:\/\/www.kuranvesunnetyolunda.com\/index.php?rest_route=%2Fwp%2Fv2%2Fcategories&post=17487"},{"taxonomy":"post_tag","embeddable":true,"href":"https:\/\/www.kuranvesunnetyolunda.com\/index.php?rest_route=%2Fwp%2Fv2%2Ftags&post=17487"}],"curies":[{"name":"wp","href":"https:\/\/api.w.org\/{rel}","templated":true}]}}