{"id":17493,"date":"2025-09-23T18:49:33","date_gmt":"2025-09-23T16:49:33","guid":{"rendered":"https:\/\/www.kuranvesunnetyolunda.com\/?p=17493"},"modified":"2025-09-23T18:49:36","modified_gmt":"2025-09-23T16:49:36","slug":"vefakarlik-imandandir","status":"publish","type":"post","link":"https:\/\/www.kuranvesunnetyolunda.com\/?p=17493","title":{"rendered":"Vef\u00e2k\u00e2rl\u0131k \u0130mandand\u0131r"},"content":{"rendered":"\n<p>Hz. \u00c2i\u015fe (r.a) anlat\u0131yor:<\/p>\n\n\n\n<p>Neb\u00ee (s.a.v) benim yan\u0131mdayken ya\u015fl\u0131 bir kad\u0131n geldi. Ras\u00fblullah (s.a.v) ona:<\/p>\n\n\n\n<p><em>\u201c\u2013Kimsiniz?\u201d<\/em> buyurdu.<\/p>\n\n\n\n<p>\u201c\u2013Ben Cess\u00e2me el-M\u00fczeniyye\u2019yim\u201d dedi.<\/p>\n\n\n\n<p>Allah Ras\u00fbl\u00fc (s.a.v):<\/p>\n\n\n\n<p><em>\u201c\u2013Hay\u0131r, bil\u00e2kis sen Hass\u00e2ne el-M\u00fczeniyye\u2019sin\u201d <\/em>buyurdu ve:<\/p>\n\n\n\n<p><em>\u201c\u2013Biz g\u00f6rmeyeli nas\u0131ls\u0131n\u0131z, durumunuz nas\u0131l, \u015fimdiye kadar ne yapt\u0131n\u0131z ne ettiniz?\u201d<\/em> diye sordu. O da:<\/p>\n\n\n\n<p>\u201c\u2013Anam babam size fed\u00e2 olsun, iyiyiz elhamd\u00fclillah y\u00e2 Ras\u00fblall\u00e2h!\u201d dedi.<\/p>\n\n\n\n<p>Kad\u0131n \u00e7\u0131k\u0131p gidince:<\/p>\n\n\n\n<p>\u201c\u2013Y\u00e2 Ras\u00fblall\u00e2h, bu ya\u015fl\u0131 kad\u0131na ne kadar da iltifat ve \u00eetib\u00e2r ediyorsunuz!\u201d dedim.<\/p>\n\n\n\n<p>Allah Ras\u00fbl\u00fc (s.a.v):<\/p>\n\n\n\n<p><em>\u201c\u2013O kad\u0131n, Hat\u00eece hayattayken bize gelip giderdi. Vef\u00e2k\u00e2rl\u0131k ise \u00eemandand\u0131r\u201d<\/em> buyurdu.<a href=\"#_ftn1\" id=\"_ftnref1\">[1]<\/a><\/p>\n\n\n\n<p>Ras\u00fblullah (s.a.v) bir koyun kesti\u011finde onu par\u00e7alar ve Hz. Hatice\u2019nin arkada\u015flar\u0131na g\u00f6nderirdi.<\/p>\n\n\n\n<p>Bir \u015fey getirdi\u011finde veya kendisine bir \u015fey getirildi\u011finde:<\/p>\n\n\n\n<p><em>\u201cBunu falan kad\u0131n\u0131n evine g\u00f6t\u00fcr\u00fcn, zira o Hat\u00eece\u2019nin arkada\u015f\u0131yd\u0131\u201d,<\/em><\/p>\n\n\n\n<p><em>\u201cBunu falan kad\u0131n\u0131n evine g\u00f6t\u00fcr\u00fcn, zira o Hat\u00eece\u2019yi severdi\u201d<\/em> buyururdu.<a href=\"#_ftn2\" id=\"_ftnref2\">[2]<\/a><\/p>\n\n\n\n<hr class=\"wp-block-separator has-alpha-channel-opacity\"\/>\n\n\n\n<p><a href=\"#_ftnref1\" id=\"_ftn1\">[1]<\/a> H\u00e2kim, <em>el-M\u00fcstedrek<\/em>, 1\/62.<\/p>\n\n\n\n<p><a href=\"#_ftnref2\" id=\"_ftn2\">[2]<\/a> Muhibbudd\u00een et-Taber\u00ee, <em>es-Simtu\u2019s-sem\u00een<\/em>, 43-45.<\/p>\n","protected":false},"excerpt":{"rendered":"<p>Hz. \u00c2i\u015fe (r.a) anlat\u0131yor: Neb\u00ee (s.a.v) benim yan\u0131mdayken ya\u015fl\u0131 bir kad\u0131n geldi. Ras\u00fblullah (s.a.v) ona: \u201c\u2013Kimsiniz?\u201d buyurdu. \u201c\u2013Ben Cess\u00e2me el-M\u00fczeniyye\u2019yim\u201d dedi. Allah Ras\u00fbl\u00fc (s.a.v): \u201c\u2013Hay\u0131r, bil\u00e2kis sen Hass\u00e2ne el-M\u00fczeniyye\u2019sin\u201d buyurdu&hellip; <\/p>\n","protected":false},"author":1,"featured_media":0,"comment_status":"closed","ping_status":"closed","sticky":false,"template":"","format":"standard","meta":{"jetpack_post_was_ever_published":false,"_jetpack_newsletter_access":"","_jetpack_dont_email_post_to_subs":false,"_jetpack_newsletter_tier_id":0,"_jetpack_memberships_contains_paywalled_content":false,"_jetpack_memberships_contains_paid_content":false,"footnotes":"","jetpack_publicize_message":"","jetpack_publicize_feature_enabled":true,"jetpack_social_post_already_shared":true,"jetpack_social_options":{"image_generator_settings":{"template":"highway","default_image_id":0,"enabled":false},"version":2}},"categories":[1076],"tags":[],"class_list":["post-17493","post","type-post","status-publish","format-standard","hentry","category-muminlerinannelerinden111hatira"],"jetpack_publicize_connections":[],"jetpack_featured_media_url":"","jetpack_sharing_enabled":true,"jetpack_shortlink":"https:\/\/wp.me\/p3G27m-4y9","jetpack_likes_enabled":true,"_links":{"self":[{"href":"https:\/\/www.kuranvesunnetyolunda.com\/index.php?rest_route=\/wp\/v2\/posts\/17493","targetHints":{"allow":["GET"]}}],"collection":[{"href":"https:\/\/www.kuranvesunnetyolunda.com\/index.php?rest_route=\/wp\/v2\/posts"}],"about":[{"href":"https:\/\/www.kuranvesunnetyolunda.com\/index.php?rest_route=\/wp\/v2\/types\/post"}],"author":[{"embeddable":true,"href":"https:\/\/www.kuranvesunnetyolunda.com\/index.php?rest_route=\/wp\/v2\/users\/1"}],"replies":[{"embeddable":true,"href":"https:\/\/www.kuranvesunnetyolunda.com\/index.php?rest_route=%2Fwp%2Fv2%2Fcomments&post=17493"}],"version-history":[{"count":1,"href":"https:\/\/www.kuranvesunnetyolunda.com\/index.php?rest_route=\/wp\/v2\/posts\/17493\/revisions"}],"predecessor-version":[{"id":17494,"href":"https:\/\/www.kuranvesunnetyolunda.com\/index.php?rest_route=\/wp\/v2\/posts\/17493\/revisions\/17494"}],"wp:attachment":[{"href":"https:\/\/www.kuranvesunnetyolunda.com\/index.php?rest_route=%2Fwp%2Fv2%2Fmedia&parent=17493"}],"wp:term":[{"taxonomy":"category","embeddable":true,"href":"https:\/\/www.kuranvesunnetyolunda.com\/index.php?rest_route=%2Fwp%2Fv2%2Fcategories&post=17493"},{"taxonomy":"post_tag","embeddable":true,"href":"https:\/\/www.kuranvesunnetyolunda.com\/index.php?rest_route=%2Fwp%2Fv2%2Ftags&post=17493"}],"curies":[{"name":"wp","href":"https:\/\/api.w.org\/{rel}","templated":true}]}}