{"id":2088,"date":"2013-06-30T22:33:30","date_gmt":"2013-06-30T20:33:30","guid":{"rendered":"http:\/\/www.kuranvesunnetyolunda.com\/?p=2088"},"modified":"2013-11-30T10:59:02","modified_gmt":"2013-11-30T08:59:02","slug":"bu-oku-taniyan-var-mi","status":"publish","type":"post","link":"https:\/\/www.kuranvesunnetyolunda.com\/?p=2088","title":{"rendered":"BU OKU TANIYAN VAR MI?"},"content":{"rendered":"<p style=\"text-align: justify;\"><b>T\u00e2if<\/b> ku\u015fatmas\u0131nda bir ok gelerek Hz. Eb\u00fb Bekir\u2019in o\u011flu <b>Abdullah<\/b>\u2019\u0131 \u015fehit etmi\u015fti. Eb\u00fb Bekir (r.a) k\u0131z\u0131 \u00c2i\u015fe v\u00e2lidemizin yan\u0131na geldi ve:<\/p>\n<p style=\"text-align: justify;\">\u201c\u2013K\u0131z\u0131m, Abdullah\u2019\u0131n \u00f6l\u00fcm\u00fcne \u00e7ok \u00fcz\u00fclm\u00fcyorum, sanki evimizden sadece bir koyun kula\u011f\u0131 eksilmi\u015f gibi hissediyorum. \u00c7\u00fcnk\u00fc o Allah yolunda \u015fehid oldu, neden \u00fcz\u00fcleyim ki?\u201d dedi.<\/p>\n<p style=\"text-align: justify;\">\u00c2i\u015fe (r.anh\u00e2):<\/p>\n<p style=\"text-align: justify;\">\u201c\u2013Kalbini sa\u011flamla\u015ft\u0131ran ve seni do\u011fru yolda s\u00e2bit k\u0131lan Allah\u2019a hamdolsun!\u201d dedi\u2026<\/p>\n<p style=\"text-align: justify;\">Bir m\u00fcddet sonra Sak\u00eef heyeti geldi. Abdullah\u2019\u0131 \u00f6ld\u00fcren ok h\u00e2l\u00e2 Hz. Eb\u00fb Bekir\u2019in yan\u0131ndayd\u0131. Oku onlara g\u00f6stererek:<\/p>\n<p style=\"text-align: justify;\">\u201c\u2013Bunu tan\u0131yan var m\u0131?\u201d diye sordu.<\/p>\n<p style=\"text-align: justify;\">\u0130\u00e7lerinden <b>Sa\u2019d bin Ubeyd<\/b>:<\/p>\n<p style=\"text-align: justify;\">\u201c\u2013O oku ben d\u00fczelttim, arkas\u0131na t\u00fcy\u00fc ben takt\u0131m, onu ben \u00e7ektim ve ben att\u0131m.\u201d dedi.<\/p>\n<p style=\"text-align: justify;\">Eb\u00fb Bekir (r.a) \u015f\u00f6yle dedi:<\/p>\n<p style=\"text-align: justify;\">\u201c\u2013Bu ok o\u011flum Abdullah\u2019\u0131 \u015feh\u00eed etti. Senin elinle ona \u015feh\u00e2det mertebesini ihsan eden ve onun eliyle seni al\u00e7altmayan Allah\u2019a hamdolsun. O\u2019nun muhafazas\u0131 ne kadar geni\u015ftir.\u201d (H\u00e2kim, III, 543\/6021)<\/p>\n<p style=\"text-align: justify;\">Abdullah, ku\u015fatma esn\u00e2s\u0131nda Sa\u2019d\u2019\u0131 \u00f6ld\u00fcrm\u00fc\u015f olsayd\u0131, Sa\u2019d (r.a) m\u00fcsl\u00fcman olamadan cehenneme gidecekti. L\u00e2kin o Abdullah\u2019\u0131 \u00f6ld\u00fcrerek ona \u015fehitlik \u00fcnvan\u0131n\u0131 kazand\u0131rd\u0131, sonra da kendisi m\u00fcsl\u00fcman oldu. Belki Allah Te\u00e2l\u00e2 ona da \u015fehitlik nasip edecektir.<\/p>\n","protected":false},"excerpt":{"rendered":"<p>T\u00e2if ku\u015fatmas\u0131nda bir ok gelerek Hz. Eb\u00fb Bekir\u2019in o\u011flu Abdullah\u2019\u0131 \u015fehit etmi\u015fti. Eb\u00fb Bekir (r.a) k\u0131z\u0131 \u00c2i\u015fe v\u00e2lidemizin yan\u0131na geldi ve: \u201c\u2013K\u0131z\u0131m, Abdullah\u2019\u0131n \u00f6l\u00fcm\u00fcne \u00e7ok \u00fcz\u00fclm\u00fcyorum, sanki evimizden sadece bir&hellip; <\/p>\n","protected":false},"author":2,"featured_media":0,"comment_status":"closed","ping_status":"open","sticky":false,"template":"","format":"standard","meta":{"jetpack_post_was_ever_published":false,"_jetpack_newsletter_access":"","_jetpack_dont_email_post_to_subs":false,"_jetpack_newsletter_tier_id":0,"_jetpack_memberships_contains_paywalled_content":false,"_jetpack_memberships_contains_paid_content":false,"footnotes":"","jetpack_publicize_message":"","jetpack_publicize_feature_enabled":true,"jetpack_social_post_already_shared":true,"jetpack_social_options":{"image_generator_settings":{"template":"highway","default_image_id":0,"enabled":false},"version":2}},"categories":[1],"tags":[],"class_list":["post-2088","post","type-post","status-publish","format-standard","hentry","category-uncategorized"],"jetpack_publicize_connections":[],"jetpack_featured_media_url":"","jetpack_sharing_enabled":true,"jetpack_shortlink":"https:\/\/wp.me\/p3G27m-xG","jetpack_likes_enabled":true,"_links":{"self":[{"href":"https:\/\/www.kuranvesunnetyolunda.com\/index.php?rest_route=\/wp\/v2\/posts\/2088","targetHints":{"allow":["GET"]}}],"collection":[{"href":"https:\/\/www.kuranvesunnetyolunda.com\/index.php?rest_route=\/wp\/v2\/posts"}],"about":[{"href":"https:\/\/www.kuranvesunnetyolunda.com\/index.php?rest_route=\/wp\/v2\/types\/post"}],"author":[{"embeddable":true,"href":"https:\/\/www.kuranvesunnetyolunda.com\/index.php?rest_route=\/wp\/v2\/users\/2"}],"replies":[{"embeddable":true,"href":"https:\/\/www.kuranvesunnetyolunda.com\/index.php?rest_route=%2Fwp%2Fv2%2Fcomments&post=2088"}],"version-history":[{"count":3,"href":"https:\/\/www.kuranvesunnetyolunda.com\/index.php?rest_route=\/wp\/v2\/posts\/2088\/revisions"}],"predecessor-version":[{"id":8294,"href":"https:\/\/www.kuranvesunnetyolunda.com\/index.php?rest_route=\/wp\/v2\/posts\/2088\/revisions\/8294"}],"wp:attachment":[{"href":"https:\/\/www.kuranvesunnetyolunda.com\/index.php?rest_route=%2Fwp%2Fv2%2Fmedia&parent=2088"}],"wp:term":[{"taxonomy":"category","embeddable":true,"href":"https:\/\/www.kuranvesunnetyolunda.com\/index.php?rest_route=%2Fwp%2Fv2%2Fcategories&post=2088"},{"taxonomy":"post_tag","embeddable":true,"href":"https:\/\/www.kuranvesunnetyolunda.com\/index.php?rest_route=%2Fwp%2Fv2%2Ftags&post=2088"}],"curies":[{"name":"wp","href":"https:\/\/api.w.org\/{rel}","templated":true}]}}