{"id":2096,"date":"2013-06-30T22:36:13","date_gmt":"2013-06-30T20:36:13","guid":{"rendered":"http:\/\/www.kuranvesunnetyolunda.com\/?p=2096"},"modified":"2013-11-30T10:59:02","modified_gmt":"2013-11-30T08:59:02","slug":"zekat-vermeyenlerle-savasirim","status":"publish","type":"post","link":"https:\/\/www.kuranvesunnetyolunda.com\/?p=2096","title":{"rendered":"ZEK\u00c2T VERMEYENLERLE SAVA\u015eIRIM"},"content":{"rendered":"<p style=\"text-align: justify;\">Eb\u00fb H\u00fcreyre (r.a) der ki:<\/p>\n<p style=\"text-align: justify;\">Ras\u00fblullah (s.a.v)\u2019in vefat\u0131ndan sonra Araplar\u0131n bir k\u0131sm\u0131 dinden d\u00f6n\u00fcnce, Hal\u00eefe Hz. Eb\u00fb Bekir (r.a) bunlara kar\u015f\u0131 sava\u015f a\u00e7t\u0131. Hz. \u00d6mer (r.a):<\/p>\n<p style=\"text-align: justify;\">\u201c\u2013Ras\u00fblullah (s.a.v), <i>\u00abBen insanlarla \u201cAllah\u2019tan ba\u015fka il\u00e2h yoktur\u201d deyinceye kadar sava\u015fmakla emrolundum. Kim kelime-i tevh\u00eedi s\u00f6ylerse, -\u0130sl\u00e2m\u2019\u0131n hakk\u0131 olan had cezalar\u0131 h\u00e2ri\u00e7- mal ve can\u0131n\u0131 benden korumu\u015f olur. Ger\u00e7ek hes\u00e2b\u0131n\u0131 g\u00f6rmek ise Allah\u2019a kalm\u0131\u015ft\u0131r\u00bb<\/i> buyurmu\u015fken \u015fimdi sen onlarla nas\u0131l sava\u015f\u0131rs\u0131n?\u201d diye kar\u015f\u0131 \u00e7\u0131kt\u0131.<\/p>\n<p style=\"text-align: justify;\">Hz. Eb\u00fb Bekir (r.a):<\/p>\n<p style=\"text-align: justify;\">\u201c\u2013Allah\u2019a yemin ederim ki, namazla zek\u00e2t\u0131n aras\u0131n\u0131 ay\u0131ranlarla mutlaka sava\u015f\u0131r\u0131m. \u00c7\u00fcnk\u00fc zek\u00e2t, mal\u0131n (\u00f6denmesi gerekli) hakk\u0131d\u0131r. Allah\u2019a yemin ederim ki, Ras\u00fblullah\u2019a verdikleri bir deve yular\u0131n\u0131 bile bana vermekten ka\u00e7\u0131n\u0131rlarsa, s\u0131rf bu sebepten dolay\u0131 onlarla sava\u015f\u0131r\u0131m\u201d cevab\u0131n\u0131 verdi.<\/p>\n<p style=\"text-align: justify;\">Bunun \u00fczerine Hz. \u00d6mer (r.a) \u015f\u00f6yle dedi:<\/p>\n<p style=\"text-align: justify;\">\u201c\u2013Yemin ederim ki, zek\u00e2t vermeyenlerle sava\u015f hus\u00fbsunda Allah Te\u00e2l\u00e2\u2019n\u0131n Eb\u00fb Bekir\u2019in kalbine tam bir kararl\u0131l\u0131k verdi\u011fini g\u00f6rd\u00fcm ve do\u011frunun da bu oldu\u011funu anlad\u0131m.\u201d (Buh\u00e2r\u00ee, \u0130\u2019tis\u00e2m 2, Zek\u00e2t 1, 40, \u0130stit\u00e2be 3; M\u00fcslim, \u00cem\u00e2n 32)<\/p>\n","protected":false},"excerpt":{"rendered":"<p>Eb\u00fb H\u00fcreyre (r.a) der ki: Ras\u00fblullah (s.a.v)\u2019in vefat\u0131ndan sonra Araplar\u0131n bir k\u0131sm\u0131 dinden d\u00f6n\u00fcnce, Hal\u00eefe Hz. Eb\u00fb Bekir (r.a) bunlara kar\u015f\u0131 sava\u015f a\u00e7t\u0131. Hz. \u00d6mer (r.a): \u201c\u2013Ras\u00fblullah (s.a.v), \u00abBen insanlarla&hellip; <\/p>\n","protected":false},"author":2,"featured_media":0,"comment_status":"closed","ping_status":"open","sticky":false,"template":"","format":"standard","meta":{"jetpack_post_was_ever_published":false,"_jetpack_newsletter_access":"","_jetpack_dont_email_post_to_subs":false,"_jetpack_newsletter_tier_id":0,"_jetpack_memberships_contains_paywalled_content":false,"_jetpack_memberships_contains_paid_content":false,"footnotes":"","jetpack_publicize_message":"","jetpack_publicize_feature_enabled":true,"jetpack_social_post_already_shared":true,"jetpack_social_options":{"image_generator_settings":{"template":"highway","default_image_id":0,"enabled":false},"version":2}},"categories":[1],"tags":[],"class_list":["post-2096","post","type-post","status-publish","format-standard","hentry","category-uncategorized"],"jetpack_publicize_connections":[],"jetpack_featured_media_url":"","jetpack_sharing_enabled":true,"jetpack_shortlink":"https:\/\/wp.me\/p3G27m-xO","jetpack_likes_enabled":true,"_links":{"self":[{"href":"https:\/\/www.kuranvesunnetyolunda.com\/index.php?rest_route=\/wp\/v2\/posts\/2096","targetHints":{"allow":["GET"]}}],"collection":[{"href":"https:\/\/www.kuranvesunnetyolunda.com\/index.php?rest_route=\/wp\/v2\/posts"}],"about":[{"href":"https:\/\/www.kuranvesunnetyolunda.com\/index.php?rest_route=\/wp\/v2\/types\/post"}],"author":[{"embeddable":true,"href":"https:\/\/www.kuranvesunnetyolunda.com\/index.php?rest_route=\/wp\/v2\/users\/2"}],"replies":[{"embeddable":true,"href":"https:\/\/www.kuranvesunnetyolunda.com\/index.php?rest_route=%2Fwp%2Fv2%2Fcomments&post=2096"}],"version-history":[{"count":4,"href":"https:\/\/www.kuranvesunnetyolunda.com\/index.php?rest_route=\/wp\/v2\/posts\/2096\/revisions"}],"predecessor-version":[{"id":8290,"href":"https:\/\/www.kuranvesunnetyolunda.com\/index.php?rest_route=\/wp\/v2\/posts\/2096\/revisions\/8290"}],"wp:attachment":[{"href":"https:\/\/www.kuranvesunnetyolunda.com\/index.php?rest_route=%2Fwp%2Fv2%2Fmedia&parent=2096"}],"wp:term":[{"taxonomy":"category","embeddable":true,"href":"https:\/\/www.kuranvesunnetyolunda.com\/index.php?rest_route=%2Fwp%2Fv2%2Fcategories&post=2096"},{"taxonomy":"post_tag","embeddable":true,"href":"https:\/\/www.kuranvesunnetyolunda.com\/index.php?rest_route=%2Fwp%2Fv2%2Ftags&post=2096"}],"curies":[{"name":"wp","href":"https:\/\/api.w.org\/{rel}","templated":true}]}}