{"id":2110,"date":"2013-06-30T22:41:12","date_gmt":"2013-06-30T20:41:12","guid":{"rendered":"http:\/\/www.kuranvesunnetyolunda.com\/?p=2110"},"modified":"2013-11-30T10:59:01","modified_gmt":"2013-11-30T08:59:01","slug":"ayaklarim-allah-yolunda-tozlansin","status":"publish","type":"post","link":"https:\/\/www.kuranvesunnetyolunda.com\/?p=2110","title":{"rendered":"AYAKLARIM ALLAH YOLUNDA TOZLANSIN"},"content":{"rendered":"<p style=\"text-align: justify;\">Ras\u00fblullah r, vefat\u0131ndan \u00f6nce Medine ve civar\u0131ndakilerden bir ordu kurmu\u015f ve kumandanl\u0131\u011f\u0131na da <b>\u00dcs\u00e2me bin Zeyd <\/b>t\u2019i getirmi\u015fti. \u00dcs\u00e2me t o s\u0131rada yirmi ya\u015f\u0131ndayd\u0131. Hazret-i \u00d6mer t de bu orduda bulunuyordu. Ordu hen\u00fcz hende\u011fi ge\u00e7memi\u015fti ki Allah Ras\u00fbl\u00fc r vefat etti. Ash\u00e2b-\u0131 kiram, baz\u0131 kar\u0131\u015f\u0131kl\u0131klar\u0131n \u00e7\u0131kmas\u0131ndan korkarak bu ordunun Medine\u2019de b\u0131rak\u0131lmas\u0131n\u0131 istediler. Ancak Eb\u00fb Bekir t ne pahas\u0131na olursa olsun Allah Ras\u00fbl\u00fc\u2019n\u00fcn haz\u0131rlad\u0131\u011f\u0131 ve g\u00f6ndermek istedi\u011fi bir orduyu mutlak\u00e2 sefere \u00e7\u0131karaca\u011f\u0131n\u0131 ve O\u2019nun t\u00e2yin etti\u011fi kumandan\u0131 asl\u00e2 de\u011fi\u015ftirmeyece\u011fini bey\u00e2n etti.<\/p>\n<p style=\"text-align: justify;\">Eb\u00fb Bekir t Medine\u2019den \u00e7\u0131k\u0131p ordunun yan\u0131na gitti. Onlar\u0131 yola \u00e7\u0131kard\u0131 ve bir m\u00fcddet yanlar\u0131nda y\u00fcr\u00fcyerek u\u011furlad\u0131. <b>Hazret-i Eb\u00fb Bekir<\/b> t yaya y\u00fcr\u00fcyor, gen\u00e7 kumandan \u00dcs\u00e2me ise at s\u0131rt\u0131nda gidiyordu. Abdurrahman bin Avf da Hazret-i Eb\u00fb Bekir\u2019in bine\u011fini \u00e7ekiyordu. Bu durumdan rahats\u0131z olan \u00dcs\u00e2me t:<\/p>\n<p style=\"text-align: justify;\">\u201c\u2013Ey Ras\u00fblullah\u2019\u0131n Halifesi! Y\u00e2 siz de binin ya ben de ineyim!\u201d dedi.<\/p>\n<p style=\"text-align: justify;\">Bunun \u00fczerine Hazret-i Eb\u00fb Bekir t \u015funlar\u0131 s\u00f6yledi:<\/p>\n<p style=\"text-align: justify;\">\u201c\u2013Vallahi ne sen ineceksin, ne de ben binece\u011fim. \u015eu ayaklar\u0131m\u0131 bir m\u00fcddet Allah yolunda tozland\u0131rsam ne zarar\u0131m olur? \u00c7\u00fcnk\u00fc Allah Te\u00e2l\u00e2, kendi yolunda cih\u00e2da \u00e7\u0131kan g\u00e2zinin her ad\u0131m\u0131na yediy\u00fcz sevap yazar, onu yediy\u00fcz derece y\u00fckseltir ve yediy\u00fcz hatas\u0131n\u0131 da siler.\u201d<\/p>\n<p style=\"text-align: justify;\">Sonra S\u0131dd\u00eek t, gen\u00e7 kumandan\u0131 \u00dcs\u00e2me\u2019den <b>Hazret-i \u00d6mer <\/b>t\u2019e m\u00fcs\u00e2ade ederek Med\u00eene\u2019de kendisine yard\u0131mc\u0131 b\u0131rakmas\u0131n\u0131 ric\u00e2 etti. \u00dcs\u00e2me t de ona izin verdi. (Taber\u00ee, <i>T\u00e2r\u00eeh,<\/i> III, 226; \u0130bn-i Kes\u00eer, <i>el-Bid\u00e2ye, <\/i>VI, 297-298; Ali el-M\u00fcttak\u00ee, X, 578-579\/30268)<\/p>\n","protected":false},"excerpt":{"rendered":"<p>Ras\u00fblullah r, vefat\u0131ndan \u00f6nce Medine ve civar\u0131ndakilerden bir ordu kurmu\u015f ve kumandanl\u0131\u011f\u0131na da \u00dcs\u00e2me bin Zeyd t\u2019i getirmi\u015fti. \u00dcs\u00e2me t o s\u0131rada yirmi ya\u015f\u0131ndayd\u0131. Hazret-i \u00d6mer t de bu orduda&hellip; <\/p>\n","protected":false},"author":2,"featured_media":0,"comment_status":"closed","ping_status":"open","sticky":false,"template":"","format":"standard","meta":{"jetpack_post_was_ever_published":false,"_jetpack_newsletter_access":"","_jetpack_dont_email_post_to_subs":false,"_jetpack_newsletter_tier_id":0,"_jetpack_memberships_contains_paywalled_content":false,"_jetpack_memberships_contains_paid_content":false,"footnotes":"","jetpack_publicize_message":"","jetpack_publicize_feature_enabled":true,"jetpack_social_post_already_shared":true,"jetpack_social_options":{"image_generator_settings":{"template":"highway","default_image_id":0,"enabled":false},"version":2}},"categories":[1],"tags":[],"class_list":["post-2110","post","type-post","status-publish","format-standard","hentry","category-uncategorized"],"jetpack_publicize_connections":[],"jetpack_featured_media_url":"","jetpack_sharing_enabled":true,"jetpack_shortlink":"https:\/\/wp.me\/p3G27m-y2","jetpack_likes_enabled":true,"_links":{"self":[{"href":"https:\/\/www.kuranvesunnetyolunda.com\/index.php?rest_route=\/wp\/v2\/posts\/2110","targetHints":{"allow":["GET"]}}],"collection":[{"href":"https:\/\/www.kuranvesunnetyolunda.com\/index.php?rest_route=\/wp\/v2\/posts"}],"about":[{"href":"https:\/\/www.kuranvesunnetyolunda.com\/index.php?rest_route=\/wp\/v2\/types\/post"}],"author":[{"embeddable":true,"href":"https:\/\/www.kuranvesunnetyolunda.com\/index.php?rest_route=\/wp\/v2\/users\/2"}],"replies":[{"embeddable":true,"href":"https:\/\/www.kuranvesunnetyolunda.com\/index.php?rest_route=%2Fwp%2Fv2%2Fcomments&post=2110"}],"version-history":[{"count":3,"href":"https:\/\/www.kuranvesunnetyolunda.com\/index.php?rest_route=\/wp\/v2\/posts\/2110\/revisions"}],"predecessor-version":[{"id":8283,"href":"https:\/\/www.kuranvesunnetyolunda.com\/index.php?rest_route=\/wp\/v2\/posts\/2110\/revisions\/8283"}],"wp:attachment":[{"href":"https:\/\/www.kuranvesunnetyolunda.com\/index.php?rest_route=%2Fwp%2Fv2%2Fmedia&parent=2110"}],"wp:term":[{"taxonomy":"category","embeddable":true,"href":"https:\/\/www.kuranvesunnetyolunda.com\/index.php?rest_route=%2Fwp%2Fv2%2Fcategories&post=2110"},{"taxonomy":"post_tag","embeddable":true,"href":"https:\/\/www.kuranvesunnetyolunda.com\/index.php?rest_route=%2Fwp%2Fv2%2Ftags&post=2110"}],"curies":[{"name":"wp","href":"https:\/\/api.w.org\/{rel}","templated":true}]}}