{"id":2122,"date":"2013-06-30T22:45:41","date_gmt":"2013-06-30T20:45:41","guid":{"rendered":"http:\/\/www.kuranvesunnetyolunda.com\/?p=2122"},"modified":"2013-11-30T10:59:00","modified_gmt":"2013-11-30T08:59:00","slug":"ebu-bekir-imam-idi","status":"publish","type":"post","link":"https:\/\/www.kuranvesunnetyolunda.com\/?p=2122","title":{"rendered":"EB\u00db BEK\u0130R \u0130MAM \u0130D\u0130"},"content":{"rendered":"<p style=\"text-align: justify;\"><b>Hz. Enes<\/b> (r.a) anlat\u0131yor:<\/p>\n<p style=\"text-align: justify;\">\u201cRas\u00fblullah (s.a.v)\u2019\u0131n hastal\u0131\u011f\u0131 \u015fiddetlendi\u011fi zaman, cemaate namaz\u0131 Hz. Eb\u00fb Bekir (r.a) k\u0131ld\u0131r\u0131yordu. Pazartesi g\u00fcn\u00fc, cemaat saf saf dizilip namaza durdu\u011fu esn\u00e2da Fahr-i K\u00e2in\u00e2t Efendimiz h\u00fccresinin perdesini a\u00e7t\u0131, ayakta bize bak\u0131yordu. Y\u00fcz\u00fc sanki bir Mushaf yapra\u011f\u0131 gibi (u\u00e7uk) idi. Sonra tebess\u00fcm etti. Ras\u00fblullah (s.a.v)\u2019i bu h\u00e2lde g\u00f6rmenin sevinciyle neredeyse namaz\u0131 bozacakt\u0131k.<\/p>\n<p style=\"text-align: justify;\">Hz. Eb\u00fb Bekir (r.a) derhal arka safta namaz k\u0131lmak \u00fczere geri \u00e7ekildi. Hz. Peygamber\u2019in namaza geldi\u011fini zannetmi\u015fti. Ancak Efendimiz bize i\u015faret ederek namaz\u0131 tamamlamam\u0131z\u0131 s\u00f6yledi ve perdeyi indirdi. Bu, Allah Ras\u00fbl\u00fc\u2019n\u00fc son g\u00f6r\u00fc\u015f\u00fcm\u00fcz oldu. \u00c2lemlerin Sultan\u0131 Efendimiz (s.a.v) o g\u00fcn vef\u00e2t etti.\u201d (Buh\u00e2r\u00ee, Ezan 46, 94, Amel fi\u2019s-Sal\u00e2t 6, Meg\u00e2z\u00ee 83; M\u00fcslim, Salat 98; Nes\u00e2\u00ee, Cenaiz 7)<\/p>\n","protected":false},"excerpt":{"rendered":"<p>Hz. Enes (r.a) anlat\u0131yor: \u201cRas\u00fblullah (s.a.v)\u2019\u0131n hastal\u0131\u011f\u0131 \u015fiddetlendi\u011fi zaman, cemaate namaz\u0131 Hz. Eb\u00fb Bekir (r.a) k\u0131ld\u0131r\u0131yordu. Pazartesi g\u00fcn\u00fc, cemaat saf saf dizilip namaza durdu\u011fu esn\u00e2da Fahr-i K\u00e2in\u00e2t Efendimiz h\u00fccresinin perdesini&hellip; <\/p>\n","protected":false},"author":2,"featured_media":0,"comment_status":"closed","ping_status":"open","sticky":false,"template":"","format":"standard","meta":{"jetpack_post_was_ever_published":false,"_jetpack_newsletter_access":"","_jetpack_dont_email_post_to_subs":false,"_jetpack_newsletter_tier_id":0,"_jetpack_memberships_contains_paywalled_content":false,"_jetpack_memberships_contains_paid_content":false,"footnotes":"","jetpack_publicize_message":"","jetpack_publicize_feature_enabled":true,"jetpack_social_post_already_shared":true,"jetpack_social_options":{"image_generator_settings":{"template":"highway","default_image_id":0,"enabled":false},"version":2}},"categories":[1],"tags":[],"class_list":["post-2122","post","type-post","status-publish","format-standard","hentry","category-uncategorized"],"jetpack_publicize_connections":[],"jetpack_featured_media_url":"","jetpack_sharing_enabled":true,"jetpack_shortlink":"https:\/\/wp.me\/p3G27m-ye","jetpack_likes_enabled":true,"_links":{"self":[{"href":"https:\/\/www.kuranvesunnetyolunda.com\/index.php?rest_route=\/wp\/v2\/posts\/2122","targetHints":{"allow":["GET"]}}],"collection":[{"href":"https:\/\/www.kuranvesunnetyolunda.com\/index.php?rest_route=\/wp\/v2\/posts"}],"about":[{"href":"https:\/\/www.kuranvesunnetyolunda.com\/index.php?rest_route=\/wp\/v2\/types\/post"}],"author":[{"embeddable":true,"href":"https:\/\/www.kuranvesunnetyolunda.com\/index.php?rest_route=\/wp\/v2\/users\/2"}],"replies":[{"embeddable":true,"href":"https:\/\/www.kuranvesunnetyolunda.com\/index.php?rest_route=%2Fwp%2Fv2%2Fcomments&post=2122"}],"version-history":[{"count":3,"href":"https:\/\/www.kuranvesunnetyolunda.com\/index.php?rest_route=\/wp\/v2\/posts\/2122\/revisions"}],"predecessor-version":[{"id":8277,"href":"https:\/\/www.kuranvesunnetyolunda.com\/index.php?rest_route=\/wp\/v2\/posts\/2122\/revisions\/8277"}],"wp:attachment":[{"href":"https:\/\/www.kuranvesunnetyolunda.com\/index.php?rest_route=%2Fwp%2Fv2%2Fmedia&parent=2122"}],"wp:term":[{"taxonomy":"category","embeddable":true,"href":"https:\/\/www.kuranvesunnetyolunda.com\/index.php?rest_route=%2Fwp%2Fv2%2Fcategories&post=2122"},{"taxonomy":"post_tag","embeddable":true,"href":"https:\/\/www.kuranvesunnetyolunda.com\/index.php?rest_route=%2Fwp%2Fv2%2Ftags&post=2122"}],"curies":[{"name":"wp","href":"https:\/\/api.w.org\/{rel}","templated":true}]}}