{"id":2128,"date":"2013-06-30T22:47:40","date_gmt":"2013-06-30T20:47:40","guid":{"rendered":"http:\/\/www.kuranvesunnetyolunda.com\/?p=2128"},"modified":"2013-11-30T10:59:00","modified_gmt":"2013-11-30T08:59:00","slug":"sadece-ebu-bekirin-kapisi-kalsin","status":"publish","type":"post","link":"https:\/\/www.kuranvesunnetyolunda.com\/?p=2128","title":{"rendered":"S\u00c2DECE EB\u00db BEK\u0130R\u2019\u0130N KAPISI KALSIN"},"content":{"rendered":"<p style=\"text-align: justify;\"><b>Eb\u00fb Said<\/b> (r.a) anlat\u0131yor:<\/p>\n<p style=\"text-align: justify;\">\u201cBirg\u00fcn Ras\u00fblullah (s.a.v) ash\u00e2b\u0131na hit\u00e2b ederek \u015f\u00f6yle buyurdu:<\/p>\n<p style=\"text-align: justify;\"><i>\u00ab\u2013Allah Te\u00e2la Hazretleri bir kulunu, d\u00fcnya ile kendi kat\u0131ndaki n\u00eemetler aras\u0131nda serbest b\u0131rakt\u0131. O kul da Allah\u2019\u0131n nezdindekini tercih etti.\u00bb<\/i><\/p>\n<p style=\"text-align: justify;\">Bu s\u00f6z \u00fczerine Hz. Eb\u00fb Bekir a\u011flamaya ba\u015flad\u0131. Biz, Efendimiz\u2019in, Allah taraf\u0131ndan muhayyer b\u0131rak\u0131lan bir kuldan bahsetmesi sebebiyle Eb\u00fb Bekir\u2019in a\u011flamas\u0131na hayret ettik, bir anlam veremedik. Me\u011fer muhayyer b\u0131rak\u0131lan o kul Allah Ras\u00fbl\u00fc\u2019n\u00fcn kendisi imi\u015f. Bunu anlayan da i\u00e7imizde s\u00e2dece Eb\u00fb Bekir imi\u015f.<\/p>\n<p style=\"text-align: justify;\">Ras\u00fblullah (s.a.v) devamla buyurdular ki:<\/p>\n<p style=\"text-align: justify;\"><i>\u00abSohbetiyle olsun, mal\u0131yla olsun bana en ziyade ikramda bulunan Eb\u00fb Bekir\u2019dir. E\u011fer, ben Rabbimden ba\u015fkas\u0131n\u0131 dost edinecek olsayd\u0131m, mutlaka Eb\u00fb Bekir\u2019i dost (hal\u00eel) edinirdim. Fakat \u0130sl\u00e2m karde\u015fli\u011fi ve muhabbeti (ile iktif\u00e2 etmek, Cen\u00e2b-\u0131 Hakk\u2019a tahsis edilmesi gereken \u201cDostluk\u201d s\u0131n\u0131r\u0131n\u0131 a\u015fmaktan) daha \u00fcst\u00fcnd\u00fcr.<\/i><\/p>\n<p style=\"text-align: justify;\"><b><i>Mescide a\u00e7\u0131lan (husus\u00ee) kap\u0131lar\u0131n hi\u00e7biri kalmas\u0131n, hepsi kapat\u0131ls\u0131n, s\u00e2dece Eb\u00fb Bekir\u2019in kap\u0131s\u0131 a\u00e7\u0131k kals\u0131n!<\/i><\/b><i>\u00bb<\/i>\u201d (Buhar\u00ee, Ash\u00e2bu\u2019n-Neb\u00ee, 3; Sal\u00e2t 80; Men\u00e2k\u0131bu\u2019l-Ens\u00e2r 45, M\u00fcslim, Fed\u00e2ilu\u2019s-Sahabe 2; Tirmiz\u00ee, Menak\u0131b, 15)<\/p>\n","protected":false},"excerpt":{"rendered":"<p>Eb\u00fb Said (r.a) anlat\u0131yor: \u201cBirg\u00fcn Ras\u00fblullah (s.a.v) ash\u00e2b\u0131na hit\u00e2b ederek \u015f\u00f6yle buyurdu: \u00ab\u2013Allah Te\u00e2la Hazretleri bir kulunu, d\u00fcnya ile kendi kat\u0131ndaki n\u00eemetler aras\u0131nda serbest b\u0131rakt\u0131. O kul da Allah\u2019\u0131n nezdindekini&hellip; <\/p>\n","protected":false},"author":2,"featured_media":0,"comment_status":"closed","ping_status":"open","sticky":false,"template":"","format":"standard","meta":{"jetpack_post_was_ever_published":false,"_jetpack_newsletter_access":"","_jetpack_dont_email_post_to_subs":false,"_jetpack_newsletter_tier_id":0,"_jetpack_memberships_contains_paywalled_content":false,"_jetpack_memberships_contains_paid_content":false,"footnotes":"","jetpack_publicize_message":"","jetpack_publicize_feature_enabled":true,"jetpack_social_post_already_shared":true,"jetpack_social_options":{"image_generator_settings":{"template":"highway","default_image_id":0,"enabled":false},"version":2}},"categories":[1],"tags":[],"class_list":["post-2128","post","type-post","status-publish","format-standard","hentry","category-uncategorized"],"jetpack_publicize_connections":[],"jetpack_featured_media_url":"","jetpack_sharing_enabled":true,"jetpack_shortlink":"https:\/\/wp.me\/p3G27m-yk","jetpack_likes_enabled":true,"_links":{"self":[{"href":"https:\/\/www.kuranvesunnetyolunda.com\/index.php?rest_route=\/wp\/v2\/posts\/2128","targetHints":{"allow":["GET"]}}],"collection":[{"href":"https:\/\/www.kuranvesunnetyolunda.com\/index.php?rest_route=\/wp\/v2\/posts"}],"about":[{"href":"https:\/\/www.kuranvesunnetyolunda.com\/index.php?rest_route=\/wp\/v2\/types\/post"}],"author":[{"embeddable":true,"href":"https:\/\/www.kuranvesunnetyolunda.com\/index.php?rest_route=\/wp\/v2\/users\/2"}],"replies":[{"embeddable":true,"href":"https:\/\/www.kuranvesunnetyolunda.com\/index.php?rest_route=%2Fwp%2Fv2%2Fcomments&post=2128"}],"version-history":[{"count":4,"href":"https:\/\/www.kuranvesunnetyolunda.com\/index.php?rest_route=\/wp\/v2\/posts\/2128\/revisions"}],"predecessor-version":[{"id":8274,"href":"https:\/\/www.kuranvesunnetyolunda.com\/index.php?rest_route=\/wp\/v2\/posts\/2128\/revisions\/8274"}],"wp:attachment":[{"href":"https:\/\/www.kuranvesunnetyolunda.com\/index.php?rest_route=%2Fwp%2Fv2%2Fmedia&parent=2128"}],"wp:term":[{"taxonomy":"category","embeddable":true,"href":"https:\/\/www.kuranvesunnetyolunda.com\/index.php?rest_route=%2Fwp%2Fv2%2Fcategories&post=2128"},{"taxonomy":"post_tag","embeddable":true,"href":"https:\/\/www.kuranvesunnetyolunda.com\/index.php?rest_route=%2Fwp%2Fv2%2Ftags&post=2128"}],"curies":[{"name":"wp","href":"https:\/\/api.w.org\/{rel}","templated":true}]}}