{"id":2136,"date":"2013-06-30T22:52:22","date_gmt":"2013-06-30T20:52:22","guid":{"rendered":"http:\/\/www.kuranvesunnetyolunda.com\/?p=2136"},"modified":"2013-11-30T10:59:00","modified_gmt":"2013-11-30T08:59:00","slug":"hac-emiri","status":"publish","type":"post","link":"https:\/\/www.kuranvesunnetyolunda.com\/?p=2136","title":{"rendered":"HAC EM\u00ceR\u0130"},"content":{"rendered":"<p style=\"text-align: justify;\">Ras\u00fblullah (s.a.v) Ci\u2019r\u00e2ne umresinden d\u00f6n\u00fcnce Hz. Eb\u00fb Bekir\u2019i hac em\u00eeri olarak t\u00e2yin etti ve insanlar\u0131 onunla birlikte hacca g\u00f6nderdi. \u0130nsanlar Arc mevkiinde iken Eb\u00fb Bekir (r.a) \u201ces-Sal\u00e2tu hayrun mine\u2019n-nevm: Namaz uykudan hay\u0131rl\u0131d\u0131r\u201d diye \u00e7a\u011fr\u0131da bulundu. Bir m\u00fcddet sonra da tekbir getirmek \u00fczere do\u011fruldu. Bu esn\u00e2da arkadan bir deve sesi geldi. Bunu i\u015fiten Hz. Eb\u00fb Bekir namaza ba\u015flamad\u0131.<\/p>\n<p style=\"text-align: justify;\">\u201c\u2013Bu ses, Ras\u00fblullah (s.a.v)\u2019in devesi Ced\u2019\u00e2\u2019n\u0131n sesi. Mutlak\u00e2 Allah Ras\u00fbl\u00fc\u2019ne hac konusunda yeni bir emir gelmi\u015ftir. Belki de gelen Ras\u00fblullah (s.a.v)\u2019in kendisidir, bu durumda namaz\u0131 birlikte k\u0131lar\u0131z.\u201d diye sevindi.<\/p>\n<p style=\"text-align: justify;\">Bir m\u00fcddet sonra Efendimiz\u2019in devesi ile <b>Hz. Ali<\/b> (r.a)\u00e7\u0131kageldi. Hz. Eb\u00fb Bekir (r.a) ona:<\/p>\n<p style=\"text-align: justify;\">\u201c\u2013Hac em\u00eeri olarak m\u0131 geldin, yoksa el\u00e7i olarak m\u0131?\u201d diye sordu.<\/p>\n<p style=\"text-align: justify;\">Ali (r.a):<\/p>\n<p style=\"text-align: justify;\">\u201c\u2013El\u00e7i olarak geldim, Ras\u00fblullah (s.a.v) benimle Ber\u00e2e s\u00fbresini g\u00f6nderdi. Onu hac mahallerinde insanlara okuyup tebli\u011f edece\u011fim\u201d dedi\u2026<\/p>\n<p style=\"text-align: justify;\">Bundan sonra Hz. Eb\u00fb Bekir yer yer insanlara konu\u015fmalar yapt\u0131, hacc\u0131n r\u00fckunlar\u0131n\u0131 anlatt\u0131, ard\u0131nda da Hz. Ali kalk\u0131p m\u00fc\u015friklerle yap\u0131lan anla\u015fmalar, hac, Mescid-i Har\u00e2m ve buralarla ilgili h\u00fck\u00fcmlerden bahseden Ber\u00e2e (Tevbe) s\u00fbresini okuyup tebli\u011f etti. (Nes\u00e2\u00ee Hac, 187)<\/p>\n<p style=\"text-align: justify;\">Hz. Eb\u00fb Bekir\u2019in Fahr-i K\u00e2in\u00e2t Efendimiz\u2019den ayr\u0131 kald\u0131\u011f\u0131 n\u00e2dir zamanlardan biri i\u015fte bu hac emirli\u011fi yapt\u0131\u011f\u0131 vakittir.<\/p>\n","protected":false},"excerpt":{"rendered":"<p>Ras\u00fblullah (s.a.v) Ci\u2019r\u00e2ne umresinden d\u00f6n\u00fcnce Hz. Eb\u00fb Bekir\u2019i hac em\u00eeri olarak t\u00e2yin etti ve insanlar\u0131 onunla birlikte hacca g\u00f6nderdi. \u0130nsanlar Arc mevkiinde iken Eb\u00fb Bekir (r.a) \u201ces-Sal\u00e2tu hayrun mine\u2019n-nevm: Namaz&hellip; <\/p>\n","protected":false},"author":2,"featured_media":0,"comment_status":"closed","ping_status":"open","sticky":false,"template":"","format":"standard","meta":{"jetpack_post_was_ever_published":false,"_jetpack_newsletter_access":"","_jetpack_dont_email_post_to_subs":false,"_jetpack_newsletter_tier_id":0,"_jetpack_memberships_contains_paywalled_content":false,"_jetpack_memberships_contains_paid_content":false,"footnotes":"","jetpack_publicize_message":"","jetpack_publicize_feature_enabled":true,"jetpack_social_post_already_shared":true,"jetpack_social_options":{"image_generator_settings":{"template":"highway","default_image_id":0,"enabled":false},"version":2}},"categories":[1],"tags":[],"class_list":["post-2136","post","type-post","status-publish","format-standard","hentry","category-uncategorized"],"jetpack_publicize_connections":[],"jetpack_featured_media_url":"","jetpack_sharing_enabled":true,"jetpack_shortlink":"https:\/\/wp.me\/p3G27m-ys","jetpack_likes_enabled":true,"_links":{"self":[{"href":"https:\/\/www.kuranvesunnetyolunda.com\/index.php?rest_route=\/wp\/v2\/posts\/2136","targetHints":{"allow":["GET"]}}],"collection":[{"href":"https:\/\/www.kuranvesunnetyolunda.com\/index.php?rest_route=\/wp\/v2\/posts"}],"about":[{"href":"https:\/\/www.kuranvesunnetyolunda.com\/index.php?rest_route=\/wp\/v2\/types\/post"}],"author":[{"embeddable":true,"href":"https:\/\/www.kuranvesunnetyolunda.com\/index.php?rest_route=\/wp\/v2\/users\/2"}],"replies":[{"embeddable":true,"href":"https:\/\/www.kuranvesunnetyolunda.com\/index.php?rest_route=%2Fwp%2Fv2%2Fcomments&post=2136"}],"version-history":[{"count":3,"href":"https:\/\/www.kuranvesunnetyolunda.com\/index.php?rest_route=\/wp\/v2\/posts\/2136\/revisions"}],"predecessor-version":[{"id":8270,"href":"https:\/\/www.kuranvesunnetyolunda.com\/index.php?rest_route=\/wp\/v2\/posts\/2136\/revisions\/8270"}],"wp:attachment":[{"href":"https:\/\/www.kuranvesunnetyolunda.com\/index.php?rest_route=%2Fwp%2Fv2%2Fmedia&parent=2136"}],"wp:term":[{"taxonomy":"category","embeddable":true,"href":"https:\/\/www.kuranvesunnetyolunda.com\/index.php?rest_route=%2Fwp%2Fv2%2Fcategories&post=2136"},{"taxonomy":"post_tag","embeddable":true,"href":"https:\/\/www.kuranvesunnetyolunda.com\/index.php?rest_route=%2Fwp%2Fv2%2Ftags&post=2136"}],"curies":[{"name":"wp","href":"https:\/\/api.w.org\/{rel}","templated":true}]}}