{"id":2138,"date":"2013-06-30T22:53:08","date_gmt":"2013-06-30T20:53:08","guid":{"rendered":"http:\/\/www.kuranvesunnetyolunda.com\/?p=2138"},"modified":"2013-11-30T10:58:59","modified_gmt":"2013-11-30T08:58:59","slug":"peygamber-efendimizle-oturuyorlardi","status":"publish","type":"post","link":"https:\/\/www.kuranvesunnetyolunda.com\/?p=2138","title":{"rendered":"PEYGAMBER EFEND\u0130M\u0130Z\u2019LE OTURUYORLARDI"},"content":{"rendered":"<p style=\"text-align: justify;\"><b>\u0130bn-i Mes\u2019\u00fbd<\/b> (r.a) anlat\u0131yor:<\/p>\n<p style=\"text-align: justify;\">\u201cAllah Ras\u00fbl\u00fc (s.a.v), Hz. Eb\u00fb Bekir ve Hz. \u00d6mer ile birlikte oturuyorlar, ben de yak\u0131nlar\u0131nda namaz k\u0131l\u0131yordum. Namaz\u0131 bitirip oturunca, Allah\u2019a hamd \u00fc sen\u00e2da bulundum, sonra da Ras\u00fblullah (s.a.v) Efendimiz\u2019e sal\u00e2t u sel\u00e2m getirdim. Daha sonra kendim i\u00e7in du\u00e2 ettim.<\/p>\n<p style=\"text-align: justify;\">Hz. Peyga\u0131nber (s.a.v) bu tarz\u0131m\u0131 be\u011fenmi\u015f olacak ki:<\/p>\n<p style=\"text-align: justify;\"><i>\u00ab\u2013\u0130ste, istedi\u011fin verilecek. \u0130ste, istedi\u011fin verilecek\u00bb <\/i>buyurdu.\u201d (Tirmiz\u00ee, Cum\u2019a 63\/593)<\/p>\n<p style=\"text-align: justify;\">Ras\u00fblullah r Efendimiz, Hz. Eb\u00fb Bekir, Hz. \u00d6mer ile birlikte <b>Abdullah bin Mes\u2019\u00fbd<\/b> t\u2019\u0131n yan\u0131na u\u011fram\u0131\u015flard\u0131. O namaz k\u0131l\u0131yordu. Namaz\u0131 bitirip dua etmeye ba\u015flad\u0131. Ras\u00fblullah r \u00fc\u00e7 defa:<\/p>\n<p style=\"text-align: justify;\"><i>\u201c\u2013\u0130ste! Ne istersen sana verilecek!\u201d<\/i> buyurdu. Abdullah\u2019\u0131n duas\u0131nda \u015fu c\u00fcmleler de vard\u0131:<\/p>\n<p dir=\"RTL\" style=\"text-align: justify;\" align=\"center\">\u0627\u0644\u0644\u0651\u0647\u064f\u0645\u064e\u0651 \u0625\u0650\u0646\u0650\u0651\u064a \u0623\u064e\u0633\u0652\u0623\u064e\u0644\u064f\u0643\u064e \u0625\u0650\u064a\u0645\u064e\u0627\u0646\u064b\u0627 \u0644\u064e\u0627 \u064a\u064e\u0631\u0652\u062a\u064e\u062f\u064f\u0651 \u0648\u064e\u0646\u064e\u0639\u0650\u064a\u0645\u064b\u0627 \u0644\u064e\u0627 \u064a\u064e\u0646\u0652\u0641\u064e\u062f\u064f \u0648\u064e\u0645\u064f\u0631\u064e\u0627\u0641\u064e\u0642\u064e\u0629\u064e \u0646\u064e\u0628\u0650\u064a\u0650\u0651\u0643\u064e \u0645\u064f\u062d\u064e\u0645\u064e\u0651\u062f\u064d r \u0641\u0650\u064a \u0623\u064e\u0639\u0652\u0644\u064e\u0649 \u062c\u064e\u0646\u064e\u0651\u0629\u0650 \u0627\u0644\u0652\u062e\u064f\u0644\u0652\u062f\u0650<\/p>\n<p style=\"text-align: justify;\"><b><i>\u201cAllah\u2019\u0131m, senden zay\u0131flay\u0131p yok olmayan bir iman, t\u00fckenmeyen bir nimet ve Huld cennetinin en y\u00fcksek mertebesinde Nebiyy-i Ekrem\u2019in Hz. Muhammed Mustaf\u00e2<\/i><\/b> r <b><i>Efendimiz ile birlikte olmay\u0131 istiyorum!\u201d<\/i><\/b><\/p>\n<p style=\"text-align: justify;\">Hz. \u00d6mer hemen Abdullah\u2019\u0131n yan\u0131na var\u0131p onu m\u00fcjdelemek istedi ancak Hz. Eb\u00fb Bekir\u2019in daha \u00f6nce davrand\u0131\u011f\u0131n\u0131 g\u00f6rd\u00fc. Ona:<\/p>\n<p style=\"text-align: justify;\">\u201c\u2013Bu davran\u0131\u015f\u0131n kesin olarak ispat ediyor ki sen hep hay\u0131rda en \u00f6nde ko\u015fan bir insans\u0131n!\u201d dedi. (Ahmed, I, 445)<\/p>\n","protected":false},"excerpt":{"rendered":"<p>\u0130bn-i Mes\u2019\u00fbd (r.a) anlat\u0131yor: \u201cAllah Ras\u00fbl\u00fc (s.a.v), Hz. Eb\u00fb Bekir ve Hz. \u00d6mer ile birlikte oturuyorlar, ben de yak\u0131nlar\u0131nda namaz k\u0131l\u0131yordum. Namaz\u0131 bitirip oturunca, Allah\u2019a hamd \u00fc sen\u00e2da bulundum, sonra&hellip; <\/p>\n","protected":false},"author":2,"featured_media":0,"comment_status":"closed","ping_status":"open","sticky":false,"template":"","format":"standard","meta":{"jetpack_post_was_ever_published":false,"_jetpack_newsletter_access":"","_jetpack_dont_email_post_to_subs":false,"_jetpack_newsletter_tier_id":0,"_jetpack_memberships_contains_paywalled_content":false,"_jetpack_memberships_contains_paid_content":false,"footnotes":"","jetpack_publicize_message":"","jetpack_publicize_feature_enabled":true,"jetpack_social_post_already_shared":true,"jetpack_social_options":{"image_generator_settings":{"template":"highway","default_image_id":0,"enabled":false},"version":2}},"categories":[1],"tags":[],"class_list":["post-2138","post","type-post","status-publish","format-standard","hentry","category-uncategorized"],"jetpack_publicize_connections":[],"jetpack_featured_media_url":"","jetpack_sharing_enabled":true,"jetpack_shortlink":"https:\/\/wp.me\/p3G27m-yu","jetpack_likes_enabled":true,"_links":{"self":[{"href":"https:\/\/www.kuranvesunnetyolunda.com\/index.php?rest_route=\/wp\/v2\/posts\/2138","targetHints":{"allow":["GET"]}}],"collection":[{"href":"https:\/\/www.kuranvesunnetyolunda.com\/index.php?rest_route=\/wp\/v2\/posts"}],"about":[{"href":"https:\/\/www.kuranvesunnetyolunda.com\/index.php?rest_route=\/wp\/v2\/types\/post"}],"author":[{"embeddable":true,"href":"https:\/\/www.kuranvesunnetyolunda.com\/index.php?rest_route=\/wp\/v2\/users\/2"}],"replies":[{"embeddable":true,"href":"https:\/\/www.kuranvesunnetyolunda.com\/index.php?rest_route=%2Fwp%2Fv2%2Fcomments&post=2138"}],"version-history":[{"count":4,"href":"https:\/\/www.kuranvesunnetyolunda.com\/index.php?rest_route=\/wp\/v2\/posts\/2138\/revisions"}],"predecessor-version":[{"id":8269,"href":"https:\/\/www.kuranvesunnetyolunda.com\/index.php?rest_route=\/wp\/v2\/posts\/2138\/revisions\/8269"}],"wp:attachment":[{"href":"https:\/\/www.kuranvesunnetyolunda.com\/index.php?rest_route=%2Fwp%2Fv2%2Fmedia&parent=2138"}],"wp:term":[{"taxonomy":"category","embeddable":true,"href":"https:\/\/www.kuranvesunnetyolunda.com\/index.php?rest_route=%2Fwp%2Fv2%2Fcategories&post=2138"},{"taxonomy":"post_tag","embeddable":true,"href":"https:\/\/www.kuranvesunnetyolunda.com\/index.php?rest_route=%2Fwp%2Fv2%2Ftags&post=2138"}],"curies":[{"name":"wp","href":"https:\/\/api.w.org\/{rel}","templated":true}]}}