{"id":2140,"date":"2013-06-30T22:53:57","date_gmt":"2013-06-30T20:53:57","guid":{"rendered":"http:\/\/www.kuranvesunnetyolunda.com\/?p=2140"},"modified":"2013-11-30T10:58:59","modified_gmt":"2013-11-30T08:58:59","slug":"arkadasimi-bana-birakir-misiniz","status":"publish","type":"post","link":"https:\/\/www.kuranvesunnetyolunda.com\/?p=2140","title":{"rendered":"ARKADA\u015eIMI BANA BIRAKIR MISINIZ?!"},"content":{"rendered":"<p style=\"text-align: justify;\"><b>Ebu\u2019d-Derd\u00e2<\/b> (r.a) anlat\u0131yor:<\/p>\n<p style=\"text-align: justify;\">Ben Ras\u00fblullah (s.a.v)\u2019\u0131n yan\u0131nda oturuyordum. Derken, Eb\u00fb Bekir (r.a) elbisesinin ete\u011fini tutarak \u00e7\u0131kageldi. \u00d6yle ki, tela\u015ftan dizleri a\u00e7\u0131lm\u0131\u015f durumdayd\u0131. Fahr-i K\u00e2in\u00e2t Efendimiz onu bu halde g\u00f6rd\u00fc\u011f\u00fcnde:<\/p>\n<p style=\"text-align: justify;\"><i>\u201c\u2013Arkada\u015f\u0131n\u0131z biriyle tart\u0131\u015fm\u0131\u015f olmal\u0131!\u201d<\/i> buyurdular.<\/p>\n<p style=\"text-align: justify;\">Eb\u00fb Bekir (r.a) selam verdi ve:<\/p>\n<p style=\"text-align: justify;\">\u201c\u2013Ey Allah\u2019\u0131n Ras\u00fbl\u00fc! \u00d6mer ile aram\u0131zda bir h\u00e2dise oldu. Sonra da pi\u015fman oldum. Beni affetmesini taleb ettim, kabul etmedi. Bunun \u00fczerine Sana geldim!\u201d dedi.<\/p>\n<p style=\"text-align: justify;\">Allah Ras\u00fbl\u00fc (s.a.v):<\/p>\n<p style=\"text-align: justify;\"><i>\u201c\u2013Ey Eb\u00fb Bekir! Allah seni affetsin!\u201d<\/i> buyurdu ve bunu \u00fc\u00e7 kere tekrarlad\u0131.<\/p>\n<p style=\"text-align: justify;\">\u00d6mer (r.a), davran\u0131\u015f\u0131ndan pi\u015fman olmu\u015ftu. Hemen Hz. Eb\u00fb Bekir\u2019in evine gitti ve:<\/p>\n<p style=\"text-align: justify;\">\u201c\u2013Eb\u00fb Bekir evde mi?\u201d diye sordu. \u201cHay\u0131r!\u201d cevab\u0131n\u0131 al\u0131nca, o da do\u011fru Peygamber Efendimiz\u2019in yan\u0131na geldi ve selam verdi. Aleyhissal\u00e2tu vessel\u00e2m Efendimiz k\u0131zm\u0131\u015f, y\u00fcz\u00fc renkten renge giriyordu. Bu h\u00e2l, Hz. Eb\u00fb Bekir\u2019i korkuttu. Derhal diz \u00e7\u00f6kerek:<\/p>\n<p style=\"text-align: justify;\">\u201c\u2013Ey Allah\u2019\u0131n Ras\u00fbl\u00fc! Bu meselede hata benim, ben haks\u0131zl\u0131k ettim\u201d dedi.<\/p>\n<p style=\"text-align: justify;\">Ras\u00fblullah (s.a.v) ash\u00e2b-\u0131 kir\u00e2ma hit\u00e2ben:<\/p>\n<p style=\"text-align: justify;\"><i>\u201c\u2013Allah Te\u00e2l\u00e2, beni size peygamber olarak g\u00f6nderdi. Size \u0130sl\u00e2m\u2019\u0131 tebli\u011f etti\u011fim zaman hepiniz bana, \u00abSen yalanc\u0131s\u0131n\u00bb dediniz. Eb\u00fb Bekir ise, \u00abDo\u011fru s\u00f6yledin\u00bb dedi ve bana can\u0131yla, mal\u0131yla yard\u0131mc\u0131 oldu. Art\u0131k arkada\u015f\u0131m\u0131 bana b\u0131rak\u0131rs\u0131n\u0131z de\u011fil mi?\u201d<\/i> buyurdular ve bu s\u00f6z\u00fc iki veya \u00fc\u00e7 defa tekrar ettiler.<\/p>\n<p style=\"text-align: justify;\">Bundan sonra Hz. Eb\u00fb Bekir\u2019e hi\u00e7 eziyet edilmedi. (Buhar\u00ee, Ash\u00e2bu\u2019n-Neb\u00ee, 5, Tefsir, 7\/3)<\/p>\n","protected":false},"excerpt":{"rendered":"<p>Ebu\u2019d-Derd\u00e2 (r.a) anlat\u0131yor: Ben Ras\u00fblullah (s.a.v)\u2019\u0131n yan\u0131nda oturuyordum. Derken, Eb\u00fb Bekir (r.a) elbisesinin ete\u011fini tutarak \u00e7\u0131kageldi. \u00d6yle ki, tela\u015ftan dizleri a\u00e7\u0131lm\u0131\u015f durumdayd\u0131. Fahr-i K\u00e2in\u00e2t Efendimiz onu bu halde g\u00f6rd\u00fc\u011f\u00fcnde: \u201c\u2013Arkada\u015f\u0131n\u0131z&hellip; <\/p>\n","protected":false},"author":2,"featured_media":0,"comment_status":"closed","ping_status":"open","sticky":false,"template":"","format":"standard","meta":{"jetpack_post_was_ever_published":false,"_jetpack_newsletter_access":"","_jetpack_dont_email_post_to_subs":false,"_jetpack_newsletter_tier_id":0,"_jetpack_memberships_contains_paywalled_content":false,"_jetpack_memberships_contains_paid_content":false,"footnotes":"","jetpack_publicize_message":"","jetpack_publicize_feature_enabled":true,"jetpack_social_post_already_shared":true,"jetpack_social_options":{"image_generator_settings":{"template":"highway","default_image_id":0,"enabled":false},"version":2}},"categories":[1],"tags":[],"class_list":["post-2140","post","type-post","status-publish","format-standard","hentry","category-uncategorized"],"jetpack_publicize_connections":[],"jetpack_featured_media_url":"","jetpack_sharing_enabled":true,"jetpack_shortlink":"https:\/\/wp.me\/p3G27m-yw","jetpack_likes_enabled":true,"_links":{"self":[{"href":"https:\/\/www.kuranvesunnetyolunda.com\/index.php?rest_route=\/wp\/v2\/posts\/2140","targetHints":{"allow":["GET"]}}],"collection":[{"href":"https:\/\/www.kuranvesunnetyolunda.com\/index.php?rest_route=\/wp\/v2\/posts"}],"about":[{"href":"https:\/\/www.kuranvesunnetyolunda.com\/index.php?rest_route=\/wp\/v2\/types\/post"}],"author":[{"embeddable":true,"href":"https:\/\/www.kuranvesunnetyolunda.com\/index.php?rest_route=\/wp\/v2\/users\/2"}],"replies":[{"embeddable":true,"href":"https:\/\/www.kuranvesunnetyolunda.com\/index.php?rest_route=%2Fwp%2Fv2%2Fcomments&post=2140"}],"version-history":[{"count":3,"href":"https:\/\/www.kuranvesunnetyolunda.com\/index.php?rest_route=\/wp\/v2\/posts\/2140\/revisions"}],"predecessor-version":[{"id":8268,"href":"https:\/\/www.kuranvesunnetyolunda.com\/index.php?rest_route=\/wp\/v2\/posts\/2140\/revisions\/8268"}],"wp:attachment":[{"href":"https:\/\/www.kuranvesunnetyolunda.com\/index.php?rest_route=%2Fwp%2Fv2%2Fmedia&parent=2140"}],"wp:term":[{"taxonomy":"category","embeddable":true,"href":"https:\/\/www.kuranvesunnetyolunda.com\/index.php?rest_route=%2Fwp%2Fv2%2Fcategories&post=2140"},{"taxonomy":"post_tag","embeddable":true,"href":"https:\/\/www.kuranvesunnetyolunda.com\/index.php?rest_route=%2Fwp%2Fv2%2Ftags&post=2140"}],"curies":[{"name":"wp","href":"https:\/\/api.w.org\/{rel}","templated":true}]}}