{"id":2144,"date":"2013-06-30T22:55:19","date_gmt":"2013-06-30T20:55:19","guid":{"rendered":"http:\/\/www.kuranvesunnetyolunda.com\/?p=2144"},"modified":"2013-11-30T10:58:59","modified_gmt":"2013-11-30T08:58:59","slug":"ben-ya-rasulallah","status":"publish","type":"post","link":"https:\/\/www.kuranvesunnetyolunda.com\/?p=2144","title":{"rendered":"BEN, Y\u00c2 RAS\u00dbLALLAH!"},"content":{"rendered":"<p style=\"text-align: justify;\">Birg\u00fcn Allah Ras\u00fbl\u00fc (s.a.v) sahabeden yan\u0131nda bulunanlara:<\/p>\n<p style=\"text-align: justify;\"><i>\u201c<\/i><i>\u2013\u0130\u00e7inizde bug\u00fcn kim oru\u00e7ludur<\/i><i>?\u201d<\/i> diye sordu.<\/p>\n<p style=\"text-align: justify;\">Hz. Eb\u00fb Bekir:<\/p>\n<p style=\"text-align: justify;\">\u201c\u2013Ben oru\u00e7luyum, ya Ras\u00fblallah\u201d dedi.<\/p>\n<p style=\"text-align: justify;\">Efendimiz (s.a.v):<\/p>\n<p style=\"text-align: justify;\"><i>\u201c\u2212Bug\u00fcn kim bir cenaze namaz\u0131na i\u015ftirak etti?\u201d <\/i>buyurdu.<\/p>\n<p style=\"text-align: justify;\">Hz. Eb\u00fb Bekir:<\/p>\n<p style=\"text-align: justify;\">\u201c\u2013Ben, y\u00e2 Ras\u00fblallah\u201d dedi.<\/p>\n<p style=\"text-align: justify;\">Peygamberimiz:<\/p>\n<p style=\"text-align: justify;\"><i>\u201c<\/i><i>\u2013<\/i><i>Bug\u00fcn kim bir yoksul doyurdu?\u201d<\/i> diye sordu.<\/p>\n<p style=\"text-align: justify;\">Hz. Eb\u00fb Bekir:<\/p>\n<p style=\"text-align: justify;\">\u201c\u2013Ben, y\u00e2 Ras\u00fblallah\u201d dedi.<\/p>\n<p style=\"text-align: justify;\">Fahr-i K\u00e2in\u00e2t Efendimiz (s.a.v):<\/p>\n<p style=\"text-align: justify;\"><i>\u201c<\/i><i>\u2013<\/i><i>Bug\u00fcn bir hasta ziyaretinde bulunan\u0131n\u0131z var m\u0131?\u201d<\/i> diye sordu.<\/p>\n<p style=\"text-align: justify;\">Yine Eb\u00fb Bekir (r.a):<\/p>\n<p style=\"text-align: justify;\">\u201c\u2013Ben, ey Allah\u2019\u0131n Ras\u00fbl\u00fc\u201d dedi.<\/p>\n<p style=\"text-align: justify;\">Bunun \u00fczerine Allah Ras\u00fbl\u00fc (s.a.v) \u015f\u00f6yle buyurdu:<\/p>\n<p style=\"text-align: justify;\"><i>\u201c<\/i><i>\u2013<\/i><i>Kim bu s\u00e2lih amelleri bir araya getirirse o mutlaka cennete girer.\u201d<\/i> (M\u00fcslim, Fed\u00e2ilu\u2019s-sah\u00e2be, 12)<\/p>\n<p style=\"text-align: justify;\">Sevgili Peygamberimiz:<\/p>\n<p style=\"text-align: justify;\"><i>\u201cM\u00fc\u2019min, cennete girinceye kadar hi\u00e7bir hay\u0131ra doymaz\u201d<\/i> buyurmu\u015ftu. (Tirmiz\u00ee, \u0130lim 19)<\/p>\n<p style=\"text-align: justify;\">\u0130\u015fte Eb\u00fb Bekir de bu vas\u0131ftayd\u0131.<\/p>\n","protected":false},"excerpt":{"rendered":"<p>Birg\u00fcn Allah Ras\u00fbl\u00fc (s.a.v) sahabeden yan\u0131nda bulunanlara: \u201c\u2013\u0130\u00e7inizde bug\u00fcn kim oru\u00e7ludur?\u201d diye sordu. Hz. Eb\u00fb Bekir: \u201c\u2013Ben oru\u00e7luyum, ya Ras\u00fblallah\u201d dedi. Efendimiz (s.a.v): \u201c\u2212Bug\u00fcn kim bir cenaze namaz\u0131na i\u015ftirak etti?\u201d&hellip; <\/p>\n","protected":false},"author":2,"featured_media":0,"comment_status":"closed","ping_status":"open","sticky":false,"template":"","format":"standard","meta":{"jetpack_post_was_ever_published":false,"_jetpack_newsletter_access":"","_jetpack_dont_email_post_to_subs":false,"_jetpack_newsletter_tier_id":0,"_jetpack_memberships_contains_paywalled_content":false,"_jetpack_memberships_contains_paid_content":false,"footnotes":"","jetpack_publicize_message":"","jetpack_publicize_feature_enabled":true,"jetpack_social_post_already_shared":true,"jetpack_social_options":{"image_generator_settings":{"template":"highway","default_image_id":0,"enabled":false},"version":2}},"categories":[1],"tags":[],"class_list":["post-2144","post","type-post","status-publish","format-standard","hentry","category-uncategorized"],"jetpack_publicize_connections":[],"jetpack_featured_media_url":"","jetpack_sharing_enabled":true,"jetpack_shortlink":"https:\/\/wp.me\/p3G27m-yA","jetpack_likes_enabled":true,"_links":{"self":[{"href":"https:\/\/www.kuranvesunnetyolunda.com\/index.php?rest_route=\/wp\/v2\/posts\/2144","targetHints":{"allow":["GET"]}}],"collection":[{"href":"https:\/\/www.kuranvesunnetyolunda.com\/index.php?rest_route=\/wp\/v2\/posts"}],"about":[{"href":"https:\/\/www.kuranvesunnetyolunda.com\/index.php?rest_route=\/wp\/v2\/types\/post"}],"author":[{"embeddable":true,"href":"https:\/\/www.kuranvesunnetyolunda.com\/index.php?rest_route=\/wp\/v2\/users\/2"}],"replies":[{"embeddable":true,"href":"https:\/\/www.kuranvesunnetyolunda.com\/index.php?rest_route=%2Fwp%2Fv2%2Fcomments&post=2144"}],"version-history":[{"count":3,"href":"https:\/\/www.kuranvesunnetyolunda.com\/index.php?rest_route=\/wp\/v2\/posts\/2144\/revisions"}],"predecessor-version":[{"id":8266,"href":"https:\/\/www.kuranvesunnetyolunda.com\/index.php?rest_route=\/wp\/v2\/posts\/2144\/revisions\/8266"}],"wp:attachment":[{"href":"https:\/\/www.kuranvesunnetyolunda.com\/index.php?rest_route=%2Fwp%2Fv2%2Fmedia&parent=2144"}],"wp:term":[{"taxonomy":"category","embeddable":true,"href":"https:\/\/www.kuranvesunnetyolunda.com\/index.php?rest_route=%2Fwp%2Fv2%2Fcategories&post=2144"},{"taxonomy":"post_tag","embeddable":true,"href":"https:\/\/www.kuranvesunnetyolunda.com\/index.php?rest_route=%2Fwp%2Fv2%2Ftags&post=2144"}],"curies":[{"name":"wp","href":"https:\/\/api.w.org\/{rel}","templated":true}]}}