{"id":2150,"date":"2013-06-30T22:57:24","date_gmt":"2013-06-30T20:57:24","guid":{"rendered":"http:\/\/www.kuranvesunnetyolunda.com\/?p=2150"},"modified":"2013-11-30T10:58:59","modified_gmt":"2013-11-30T08:58:59","slug":"allahi-zikredenler-hayrin-tumunu-alip-goturdu","status":"publish","type":"post","link":"https:\/\/www.kuranvesunnetyolunda.com\/?p=2150","title":{"rendered":"ALLAH\u2019I Z\u0130KREDENLER, HAYRIN T\u00dcM\u00dcN\u00dc ALIP G\u00d6T\u00dcRD\u00dc"},"content":{"rendered":"<p style=\"text-align: justify;\">Ash\u00e2b-\u0131 kir\u00e2mdan bir z\u00e2t Peygamber Efendimiz\u2019e gelerek:<\/p>\n<p style=\"text-align: justify;\">\u201c\u2013Ey Allah\u2019\u0131n Ras\u00fbl\u00fc, hangi cih\u00e2d\u0131n ecri daha b\u00fcy\u00fckt\u00fcr?\u201d diye sordu.<\/p>\n<p style=\"text-align: justify;\">Ras\u00fblullah (s.a.v):<\/p>\n<p style=\"text-align: justify;\"><i>\u201c\u2013Allah Te\u00e2l\u00e2\u2019y\u0131 en \u00e7ok zikreden kimsenin cih\u00e2d\u0131!\u201d<\/i> buyurdu.<\/p>\n<p style=\"text-align: justify;\">Sah\u00e2b\u00ee:<\/p>\n<p style=\"text-align: justify;\">\u201c\u2013Hangi oru\u00e7lunun ecri daha b\u00fcy\u00fckt\u00fcr?\u201d diye sordu.<\/p>\n<p style=\"text-align: justify;\">Efendimiz:<\/p>\n<p style=\"text-align: justify;\"><i>\u201c\u2013Allah Te\u00e2l\u00e2\u2019y\u0131 en \u00e7ok zikreden kimsenin orucu!\u201d<\/i> buyurdu.<\/p>\n<p style=\"text-align: justify;\">Bundan sonra sah\u00e2b\u00ee, namaz k\u0131lanlar, zek\u00e2t verenler, hacca gidenler ve sadaka verenler i\u00e7in de ayn\u0131 soruyu tekrarlad\u0131. Fahr-i K\u00e2in\u00e2t Efendimiz bunlar\u0131n hepsine de:<\/p>\n<p style=\"text-align: justify;\"><i>\u201c\u2013Allah Te\u00e2l\u00e2\u2019y\u0131 en \u00e7ok zikreden kimseninki!\u201d<\/i> buyurdu.<\/p>\n<p style=\"text-align: justify;\">Bunun \u00fczerine <b>Hz.<\/b> <b>Eb\u00fb Bekir<\/b> (r.a), <b>Hz. \u00d6mer<\/b>\u2019e:<\/p>\n<p style=\"text-align: justify;\">\u201c\u2013Y\u00e2 Eb\u00e2 Hafs! Allah\u2019\u0131 zikredenler, hayr\u0131n t\u00fcm\u00fcn\u00fc al\u0131p g\u00f6t\u00fcrd\u00fc!\u201d dedi.<\/p>\n<p style=\"text-align: justify;\">Bunu duyan Fahr-i K\u00e2in\u00e2t Efendimiz (s.a.v) onlara do\u011fru y\u00f6neldi ve:<\/p>\n<p style=\"text-align: justify;\"><i>\u201c\u2013Evet \u00f6yledir!\u201d<\/i> buyurdu. (Ahmed, III, 438; Heysem\u00ee, X, 74)<\/p>\n","protected":false},"excerpt":{"rendered":"<p>Ash\u00e2b-\u0131 kir\u00e2mdan bir z\u00e2t Peygamber Efendimiz\u2019e gelerek: \u201c\u2013Ey Allah\u2019\u0131n Ras\u00fbl\u00fc, hangi cih\u00e2d\u0131n ecri daha b\u00fcy\u00fckt\u00fcr?\u201d diye sordu. Ras\u00fblullah (s.a.v): \u201c\u2013Allah Te\u00e2l\u00e2\u2019y\u0131 en \u00e7ok zikreden kimsenin cih\u00e2d\u0131!\u201d buyurdu. Sah\u00e2b\u00ee: \u201c\u2013Hangi oru\u00e7lunun&hellip; <\/p>\n","protected":false},"author":2,"featured_media":0,"comment_status":"closed","ping_status":"open","sticky":false,"template":"","format":"standard","meta":{"jetpack_post_was_ever_published":false,"_jetpack_newsletter_access":"","_jetpack_dont_email_post_to_subs":false,"_jetpack_newsletter_tier_id":0,"_jetpack_memberships_contains_paywalled_content":false,"_jetpack_memberships_contains_paid_content":false,"footnotes":"","jetpack_publicize_message":"","jetpack_publicize_feature_enabled":true,"jetpack_social_post_already_shared":true,"jetpack_social_options":{"image_generator_settings":{"template":"highway","default_image_id":0,"enabled":false},"version":2}},"categories":[1],"tags":[],"class_list":["post-2150","post","type-post","status-publish","format-standard","hentry","category-uncategorized"],"jetpack_publicize_connections":[],"jetpack_featured_media_url":"","jetpack_sharing_enabled":true,"jetpack_shortlink":"https:\/\/wp.me\/p3G27m-yG","jetpack_likes_enabled":true,"_links":{"self":[{"href":"https:\/\/www.kuranvesunnetyolunda.com\/index.php?rest_route=\/wp\/v2\/posts\/2150","targetHints":{"allow":["GET"]}}],"collection":[{"href":"https:\/\/www.kuranvesunnetyolunda.com\/index.php?rest_route=\/wp\/v2\/posts"}],"about":[{"href":"https:\/\/www.kuranvesunnetyolunda.com\/index.php?rest_route=\/wp\/v2\/types\/post"}],"author":[{"embeddable":true,"href":"https:\/\/www.kuranvesunnetyolunda.com\/index.php?rest_route=\/wp\/v2\/users\/2"}],"replies":[{"embeddable":true,"href":"https:\/\/www.kuranvesunnetyolunda.com\/index.php?rest_route=%2Fwp%2Fv2%2Fcomments&post=2150"}],"version-history":[{"count":3,"href":"https:\/\/www.kuranvesunnetyolunda.com\/index.php?rest_route=\/wp\/v2\/posts\/2150\/revisions"}],"predecessor-version":[{"id":8263,"href":"https:\/\/www.kuranvesunnetyolunda.com\/index.php?rest_route=\/wp\/v2\/posts\/2150\/revisions\/8263"}],"wp:attachment":[{"href":"https:\/\/www.kuranvesunnetyolunda.com\/index.php?rest_route=%2Fwp%2Fv2%2Fmedia&parent=2150"}],"wp:term":[{"taxonomy":"category","embeddable":true,"href":"https:\/\/www.kuranvesunnetyolunda.com\/index.php?rest_route=%2Fwp%2Fv2%2Fcategories&post=2150"},{"taxonomy":"post_tag","embeddable":true,"href":"https:\/\/www.kuranvesunnetyolunda.com\/index.php?rest_route=%2Fwp%2Fv2%2Ftags&post=2150"}],"curies":[{"name":"wp","href":"https:\/\/api.w.org\/{rel}","templated":true}]}}