{"id":2160,"date":"2013-06-30T23:01:33","date_gmt":"2013-06-30T21:01:33","guid":{"rendered":"http:\/\/www.kuranvesunnetyolunda.com\/?p=2160"},"modified":"2013-11-30T10:58:58","modified_gmt":"2013-11-30T08:58:58","slug":"sakin-ol-ey-uhud","status":"publish","type":"post","link":"https:\/\/www.kuranvesunnetyolunda.com\/?p=2160","title":{"rendered":"S\u00c2K\u0130N OL EY UHUD!"},"content":{"rendered":"<p style=\"text-align: justify;\">Birg\u00fcn Nebiyy-i Ekrem Efendimiz, Hz. Eb\u00fb Bekir, \u00d6mer ve Osman (r.anh\u00fcm) ile birlikte Uhud Da\u011f\u0131\u2019na \u00e7\u0131km\u0131\u015ft\u0131. O s\u0131rada da\u011f sars\u0131lmaya ba\u015flad\u0131. \u00c2lemlerin Efendisi aya\u011f\u0131yla yere vurup \u015f\u00f6yle buyurdu:<\/p>\n<p style=\"text-align: justify;\"><i>\u201c\u2013S\u00e2kin ol ey <\/i><i>Uhud<\/i><i>! Senin \u00fczerinde bir peygamber, bir s\u0131dd\u00eek ve iki \u015feh\u00eed vard\u0131r.\u201d<\/i> (Buh\u00e2r\u00ee, Ash\u00e2bu\u2019n-Neb\u00ee, 6; Tirmiz\u00ee, Men\u00e2k\u0131b, 18\/3703; Nes\u00e2\u00ee, Ahb\u00e2s, 4)<\/p>\n<p style=\"text-align: justify;\">Uhud Da\u011f\u0131, Ras\u00fblullah (s.a.v) Efendimiz kendisine \u00e7\u0131kt\u0131\u011f\u0131 i\u00e7in sars\u0131ld\u0131. Zira bu, onun i\u00e7in \u00e7ok b\u00fcy\u00fck bir \u015ferefti. Nas\u0131l olmas\u0131n ki?!\u00a0 Ona \u0130m\u00e2m\u00fc\u2019l-Enbiy\u00e2 ve\u2019l-M\u00fcrsel\u00een salev\u00e2tull\u00e2hi ve sel\u00e2m\u00fch\u00fb aleyhi ve aleyhim ecma\u00een \u00e7\u0131km\u0131\u015ft\u0131. Sonra Efendimiz (s.a.v) m\u00fcbarek aya\u011f\u0131yla vurup s\u00e2kin olmas\u0131n\u0131 emredince hemen durdu. Uhud\u2019un sars\u0131lmas\u0131, Nebiyy-i Ekrem Efendimiz\u2019e olan <b>muhabbet<\/b> ve <b>\u015fevk<\/b>ini \u0131zhar etmek i\u00e7indi, s\u00e2kinle\u015fmesi de O\u2019nun emrine <b>itaat<\/b> i\u00e7indi. Gayet a\u00e7\u0131kt\u0131r ki bunda insanlar i\u00e7in b\u00fcy\u00fck bir ders vard\u0131r. Cans\u0131z ve ak\u0131ls\u0131z dedi\u011fimiz varl\u0131klar, neb\u00e2tat ve hayvanlar b\u00f6yleyse, onlardan <b>muhabbet<\/b> ve <b>itaat<\/b> zuhur ediyorsa -ki bu ikisi birbirinden hi\u00e7 ayr\u0131lmaz-, biz insanlar\u0131n nas\u0131l olmas\u0131 l\u00e2z\u0131md\u0131r! \u00dcstelik Kur\u2019\u00e2n-\u0131 Ker\u00eem\u2019de ve S\u00fcnnet-i Seniyye\u2019de muhabbet ve itaati emreden ve bunlara te\u015fvik eden pek\u00e7ok nas mevcuttur.<\/p>\n<p style=\"text-align: justify;\"><b>Hasan Basr\u00ee Hazretleri<\/b> \u015f\u00f6yle buyurur:<\/p>\n<p style=\"text-align: justify;\">\u201cEy M\u00fcsl\u00fcmanlar! Bir odun par\u00e7as\u0131 bile, Ras\u00fblullah (s.a.v) Efendimiz\u2019e kavu\u015fma \u015fevkiyle inliyor. H\u00e2lbuki sizin ona kar\u015f\u0131 daha b\u00fcy\u00fck bir i\u015ftiyak i\u00e7inde olman\u0131z \u00eec\u00e2b eder.\u201d (Abdurrahman el-Bern\u00ee, <i>Mie fad\u00eele min fed\u00e2ili\u2019l-Med\u00eeneti\u2019l-M\u00fcnevvere,<\/i> Medine 1432, s. 54-55)<\/p>\n","protected":false},"excerpt":{"rendered":"<p>Birg\u00fcn Nebiyy-i Ekrem Efendimiz, Hz. Eb\u00fb Bekir, \u00d6mer ve Osman (r.anh\u00fcm) ile birlikte Uhud Da\u011f\u0131\u2019na \u00e7\u0131km\u0131\u015ft\u0131. O s\u0131rada da\u011f sars\u0131lmaya ba\u015flad\u0131. \u00c2lemlerin Efendisi aya\u011f\u0131yla yere vurup \u015f\u00f6yle buyurdu: \u201c\u2013S\u00e2kin ol&hellip; <\/p>\n","protected":false},"author":2,"featured_media":0,"comment_status":"closed","ping_status":"open","sticky":false,"template":"","format":"standard","meta":{"jetpack_post_was_ever_published":false,"_jetpack_newsletter_access":"","_jetpack_dont_email_post_to_subs":false,"_jetpack_newsletter_tier_id":0,"_jetpack_memberships_contains_paywalled_content":false,"_jetpack_memberships_contains_paid_content":false,"footnotes":"","jetpack_publicize_message":"","jetpack_publicize_feature_enabled":true,"jetpack_social_post_already_shared":true,"jetpack_social_options":{"image_generator_settings":{"template":"highway","default_image_id":0,"enabled":false},"version":2}},"categories":[1],"tags":[],"class_list":["post-2160","post","type-post","status-publish","format-standard","hentry","category-uncategorized"],"jetpack_publicize_connections":[],"jetpack_featured_media_url":"","jetpack_sharing_enabled":true,"jetpack_shortlink":"https:\/\/wp.me\/p3G27m-yQ","jetpack_likes_enabled":true,"_links":{"self":[{"href":"https:\/\/www.kuranvesunnetyolunda.com\/index.php?rest_route=\/wp\/v2\/posts\/2160","targetHints":{"allow":["GET"]}}],"collection":[{"href":"https:\/\/www.kuranvesunnetyolunda.com\/index.php?rest_route=\/wp\/v2\/posts"}],"about":[{"href":"https:\/\/www.kuranvesunnetyolunda.com\/index.php?rest_route=\/wp\/v2\/types\/post"}],"author":[{"embeddable":true,"href":"https:\/\/www.kuranvesunnetyolunda.com\/index.php?rest_route=\/wp\/v2\/users\/2"}],"replies":[{"embeddable":true,"href":"https:\/\/www.kuranvesunnetyolunda.com\/index.php?rest_route=%2Fwp%2Fv2%2Fcomments&post=2160"}],"version-history":[{"count":4,"href":"https:\/\/www.kuranvesunnetyolunda.com\/index.php?rest_route=\/wp\/v2\/posts\/2160\/revisions"}],"predecessor-version":[{"id":8258,"href":"https:\/\/www.kuranvesunnetyolunda.com\/index.php?rest_route=\/wp\/v2\/posts\/2160\/revisions\/8258"}],"wp:attachment":[{"href":"https:\/\/www.kuranvesunnetyolunda.com\/index.php?rest_route=%2Fwp%2Fv2%2Fmedia&parent=2160"}],"wp:term":[{"taxonomy":"category","embeddable":true,"href":"https:\/\/www.kuranvesunnetyolunda.com\/index.php?rest_route=%2Fwp%2Fv2%2Fcategories&post=2160"},{"taxonomy":"post_tag","embeddable":true,"href":"https:\/\/www.kuranvesunnetyolunda.com\/index.php?rest_route=%2Fwp%2Fv2%2Ftags&post=2160"}],"curies":[{"name":"wp","href":"https:\/\/api.w.org\/{rel}","templated":true}]}}