{"id":2168,"date":"2013-06-30T23:04:44","date_gmt":"2013-06-30T21:04:44","guid":{"rendered":"http:\/\/www.kuranvesunnetyolunda.com\/?p=2168"},"modified":"2013-11-30T10:58:58","modified_gmt":"2013-11-30T08:58:58","slug":"ebu-bekir-ve-omer-de-inaniyor","status":"publish","type":"post","link":"https:\/\/www.kuranvesunnetyolunda.com\/?p=2168","title":{"rendered":"EB\u00db BEK\u0130R VE \u00d6MER DE \u0130NANIYOR"},"content":{"rendered":"<p style=\"text-align: justify;\">Birg\u00fcn Ras\u00fblullah (s.a.v) \u015f\u00f6yle buyurdular:<\/p>\n<p style=\"text-align: justify;\"><i>\u201cBir \u00e7oban s\u00fcr\u00fcs\u00fcn\u00fc otlat\u0131rken, kurt ko\u015farak gelip s\u00fcr\u00fcden bir koyun kapt\u0131. \u00c7oban kurdun pe\u015fine d\u00fc\u015ft\u00fc ve koyunu ondan kurtard\u0131. Ancak kurt, \u00e7obana d\u00f6n\u00fcp bakarak:<\/i><\/p>\n<p style=\"text-align: justify;\"><i>\u00abBu koyunlara \u201cy\u0131rt\u0131c\u0131 hayvanlar g\u00fcn\u00fc\u201dnde <\/i>(fitne zaman\u0131nda)<i>, onlara benden ba\u015fka \u00e7oban\u0131n olmad\u0131\u011f\u0131 zamanda kim bakacak?\u00bb dedi.\u201d <\/i><\/p>\n<p style=\"text-align: justify;\">Bunun \u00fczerine insanlar:<\/p>\n<p style=\"text-align: justify;\">\u201c\u2013S\u00fcbh\u00e2nallah! Kurt konu\u015fur mu?\u201d diye hayrete ettiler.<\/p>\n<p style=\"text-align: justify;\">Ras\u00fblullah (s.a.v) onlar\u0131n bu teredd\u00fctleri \u00fczerine:<\/p>\n<p style=\"text-align: justify;\"><i>\u201c\u2013Buna ben inan\u0131yorum, Eb\u00fb Bekir ve \u00d6mer de inan\u0131yor\u201d <\/i>dedi.<\/p>\n<p style=\"text-align: justify;\">H\u00e2lbuki o esn\u00e2da Eb\u00fb Bekir ve \u00d6mer orada de\u011fillerdi.<i> <\/i>(Buhari, Ash\u00e2bu\u2019n-Neb\u00ee, 8, Hars 4, Enbiya 50; M\u00fcslim, Fedailu\u2019s-sah\u00e2be 13)<\/p>\n<p style=\"text-align: justify;\">Hz. Eb\u00fb Bekir ile \u00d6mer (r.a)\u2019\u0131n Ras\u00fbl-i Ekrem Efendimiz kat\u0131nda farkl\u0131 bir mevkileri vard\u0131. \u00c7\u00fcnk\u00fc onlar\u0131n imanlar\u0131 ve hizmetleri \u00e7ok farkl\u0131 bir boyuttayd\u0131. Ras\u00fblullah -sall\u00e2ll\u00e2hu aleyhi ve sellem- ile devaml\u0131 ber\u00e2ber olan ashab aras\u0131nda, edeblerinden dolay\u0131 O\u2019nun n\u00fbr cem\u00e2lini doyas\u0131ya seyredebilenler pek azd\u0131. Hatt\u00e2, sohbet esnas\u0131nda, Hz. Eb\u00fb Bekir ve \u00d6mer (r.a) haricindeki sahab\u00eeler hep \u00f6nlerine bakarlar, Allah Ras\u00fbl\u00fc ile sadece bu iki sah\u00e2b\u00ee g\u00f6zg\u00f6ze gelebilirdi. Onlar Muhterem Efendimiz\u2019in nur cem\u00e2line bak\u0131p tebess\u00fcm ederler, \u00c2lemlerin Sultan\u0131 Efendimiz de onlara iltifat edip tebess\u00fcm buyururdu. (Tirmiz\u00ee, Men\u00e2k\u0131b, 16\/3668)<\/p>\n","protected":false},"excerpt":{"rendered":"<p>Birg\u00fcn Ras\u00fblullah (s.a.v) \u015f\u00f6yle buyurdular: \u201cBir \u00e7oban s\u00fcr\u00fcs\u00fcn\u00fc otlat\u0131rken, kurt ko\u015farak gelip s\u00fcr\u00fcden bir koyun kapt\u0131. \u00c7oban kurdun pe\u015fine d\u00fc\u015ft\u00fc ve koyunu ondan kurtard\u0131. Ancak kurt, \u00e7obana d\u00f6n\u00fcp bakarak: \u00abBu&hellip; <\/p>\n","protected":false},"author":2,"featured_media":0,"comment_status":"closed","ping_status":"open","sticky":false,"template":"","format":"standard","meta":{"jetpack_post_was_ever_published":false,"_jetpack_newsletter_access":"","_jetpack_dont_email_post_to_subs":false,"_jetpack_newsletter_tier_id":0,"_jetpack_memberships_contains_paywalled_content":false,"_jetpack_memberships_contains_paid_content":false,"footnotes":"","jetpack_publicize_message":"","jetpack_publicize_feature_enabled":true,"jetpack_social_post_already_shared":true,"jetpack_social_options":{"image_generator_settings":{"template":"highway","default_image_id":0,"enabled":false},"version":2}},"categories":[1],"tags":[],"class_list":["post-2168","post","type-post","status-publish","format-standard","hentry","category-uncategorized"],"jetpack_publicize_connections":[],"jetpack_featured_media_url":"","jetpack_sharing_enabled":true,"jetpack_shortlink":"https:\/\/wp.me\/p3G27m-yY","jetpack_likes_enabled":true,"_links":{"self":[{"href":"https:\/\/www.kuranvesunnetyolunda.com\/index.php?rest_route=\/wp\/v2\/posts\/2168","targetHints":{"allow":["GET"]}}],"collection":[{"href":"https:\/\/www.kuranvesunnetyolunda.com\/index.php?rest_route=\/wp\/v2\/posts"}],"about":[{"href":"https:\/\/www.kuranvesunnetyolunda.com\/index.php?rest_route=\/wp\/v2\/types\/post"}],"author":[{"embeddable":true,"href":"https:\/\/www.kuranvesunnetyolunda.com\/index.php?rest_route=\/wp\/v2\/users\/2"}],"replies":[{"embeddable":true,"href":"https:\/\/www.kuranvesunnetyolunda.com\/index.php?rest_route=%2Fwp%2Fv2%2Fcomments&post=2168"}],"version-history":[{"count":3,"href":"https:\/\/www.kuranvesunnetyolunda.com\/index.php?rest_route=\/wp\/v2\/posts\/2168\/revisions"}],"predecessor-version":[{"id":8254,"href":"https:\/\/www.kuranvesunnetyolunda.com\/index.php?rest_route=\/wp\/v2\/posts\/2168\/revisions\/8254"}],"wp:attachment":[{"href":"https:\/\/www.kuranvesunnetyolunda.com\/index.php?rest_route=%2Fwp%2Fv2%2Fmedia&parent=2168"}],"wp:term":[{"taxonomy":"category","embeddable":true,"href":"https:\/\/www.kuranvesunnetyolunda.com\/index.php?rest_route=%2Fwp%2Fv2%2Fcategories&post=2168"},{"taxonomy":"post_tag","embeddable":true,"href":"https:\/\/www.kuranvesunnetyolunda.com\/index.php?rest_route=%2Fwp%2Fv2%2Ftags&post=2168"}],"curies":[{"name":"wp","href":"https:\/\/api.w.org\/{rel}","templated":true}]}}