{"id":2172,"date":"2013-06-30T23:06:10","date_gmt":"2013-06-30T21:06:10","guid":{"rendered":"http:\/\/www.kuranvesunnetyolunda.com\/?p=2172"},"modified":"2013-11-30T10:58:57","modified_gmt":"2013-11-30T08:58:57","slug":"fazilet-ehlinin-kiymetini-fazilet-sahipleri-bilir","status":"publish","type":"post","link":"https:\/\/www.kuranvesunnetyolunda.com\/?p=2172","title":{"rendered":"FAZ\u0130LET EHL\u0130N\u0130N KIYMET\u0130N\u0130 FAZ\u0130LET SAH\u0130PLER\u0130 B\u0130L\u0130R"},"content":{"rendered":"<p style=\"text-align: justify;\">Birg\u00fcn Ras\u00fblullah (s.a.v) ashab\u0131yla birlikte oturuyordu. Yan\u0131 ba\u015f\u0131nda Hz. Eb\u00fb Bekir ile \u00d6mer (r.a) vard\u0131. O s\u0131rada Allah Ras\u00fbl\u00fc\u2019n\u00fcn amcas\u0131 Abbas (r.a) \u00e7\u0131kageldi. Eb\u00fb Bekir, Hz. Abbas\u2019a yer a\u00e7t\u0131. O da vard\u0131, Eb\u00fb Bekir ile Hz. Peygamber\u2019in aras\u0131na oturdu. Bunun \u00fczerine Efendimiz (s.a.v):<i><\/i><\/p>\n<p style=\"text-align: justify;\"><i>\u201c\u2013Fazilet ehlinin de\u011ferini ancak fazilet s\u00e2hipleri bilir.\u201d<\/i> buyurdu.<\/p>\n<p style=\"text-align: justify;\">Hz. Peygamber, amcas\u0131yla konu\u015furken sesini o kadar k\u0131sm\u0131\u015ft\u0131 ki Eb\u00fb Bekir (r.a), \u00d6mer\u2019e:<\/p>\n<p style=\"text-align: justify;\">\u201c\u2013Ras\u00fblallah\u2019a bir \u015fey oldu diye endi\u015feleniyorum.\u201d dedi.<\/p>\n<p style=\"text-align: justify;\">Abbas (r.a) i\u015fini bitirip d\u00f6nd\u00fckten sonra Hz. Eb\u00fb Bekir:<\/p>\n<p style=\"text-align: justify;\">\u201c\u2013Ya Ras\u00fblallah, biraz \u00f6nce rahats\u0131zland\u0131n\u0131z m\u0131?\u201d diye sordu.<\/p>\n<p style=\"text-align: justify;\"><i>\u201c\u2013Hay\u0131r.\u201d <\/i>buyurdu.<\/p>\n<p style=\"text-align: justify;\">\u201c\u2013Sesinizi \u00e7ok k\u0131st\u0131\u011f\u0131n\u0131z\u0131 g\u00f6rd\u00fcm de endi\u015fe ettim.\u201d dedi.<\/p>\n<p style=\"text-align: justify;\">Bunun \u00fczerine Ras\u00fblallah (s.a.v):<\/p>\n<p style=\"text-align: justify;\"><i>\u201c\u2013Cebrail sizlere benim huzurumda yava\u015f konu\u015fman\u0131z\u0131 emretti\u011fi gibi bana da amcam\u0131n yan\u0131nda al\u00e7ak sesle konu\u015fmam\u0131 emretti.\u201d<\/i> buyurdu. (Ali el-M\u00fcttak\u00ee, <i>Kenz<\/i>, XIII, 514\/37321)<\/p>\n<p style=\"text-align: justify;\">Sevgililer sevgilisine \u00e2it olan her \u015fey Hz. Eb\u00fb Bekir\u2019in kalbinde \u00e7ok farkl\u0131 bir m\u00e2n\u00e2 kazan\u0131yordu.<\/p>\n","protected":false},"excerpt":{"rendered":"<p>Birg\u00fcn Ras\u00fblullah (s.a.v) ashab\u0131yla birlikte oturuyordu. Yan\u0131 ba\u015f\u0131nda Hz. Eb\u00fb Bekir ile \u00d6mer (r.a) vard\u0131. O s\u0131rada Allah Ras\u00fbl\u00fc\u2019n\u00fcn amcas\u0131 Abbas (r.a) \u00e7\u0131kageldi. Eb\u00fb Bekir, Hz. Abbas\u2019a yer a\u00e7t\u0131. O&hellip; <\/p>\n","protected":false},"author":2,"featured_media":0,"comment_status":"closed","ping_status":"open","sticky":false,"template":"","format":"standard","meta":{"jetpack_post_was_ever_published":false,"_jetpack_newsletter_access":"","_jetpack_dont_email_post_to_subs":false,"_jetpack_newsletter_tier_id":0,"_jetpack_memberships_contains_paywalled_content":false,"_jetpack_memberships_contains_paid_content":false,"footnotes":"","jetpack_publicize_message":"","jetpack_publicize_feature_enabled":true,"jetpack_social_post_already_shared":true,"jetpack_social_options":{"image_generator_settings":{"template":"highway","default_image_id":0,"enabled":false},"version":2}},"categories":[1],"tags":[],"class_list":["post-2172","post","type-post","status-publish","format-standard","hentry","category-uncategorized"],"jetpack_publicize_connections":[],"jetpack_featured_media_url":"","jetpack_sharing_enabled":true,"jetpack_shortlink":"https:\/\/wp.me\/p3G27m-z2","jetpack_likes_enabled":true,"_links":{"self":[{"href":"https:\/\/www.kuranvesunnetyolunda.com\/index.php?rest_route=\/wp\/v2\/posts\/2172","targetHints":{"allow":["GET"]}}],"collection":[{"href":"https:\/\/www.kuranvesunnetyolunda.com\/index.php?rest_route=\/wp\/v2\/posts"}],"about":[{"href":"https:\/\/www.kuranvesunnetyolunda.com\/index.php?rest_route=\/wp\/v2\/types\/post"}],"author":[{"embeddable":true,"href":"https:\/\/www.kuranvesunnetyolunda.com\/index.php?rest_route=\/wp\/v2\/users\/2"}],"replies":[{"embeddable":true,"href":"https:\/\/www.kuranvesunnetyolunda.com\/index.php?rest_route=%2Fwp%2Fv2%2Fcomments&post=2172"}],"version-history":[{"count":3,"href":"https:\/\/www.kuranvesunnetyolunda.com\/index.php?rest_route=\/wp\/v2\/posts\/2172\/revisions"}],"predecessor-version":[{"id":8252,"href":"https:\/\/www.kuranvesunnetyolunda.com\/index.php?rest_route=\/wp\/v2\/posts\/2172\/revisions\/8252"}],"wp:attachment":[{"href":"https:\/\/www.kuranvesunnetyolunda.com\/index.php?rest_route=%2Fwp%2Fv2%2Fmedia&parent=2172"}],"wp:term":[{"taxonomy":"category","embeddable":true,"href":"https:\/\/www.kuranvesunnetyolunda.com\/index.php?rest_route=%2Fwp%2Fv2%2Fcategories&post=2172"},{"taxonomy":"post_tag","embeddable":true,"href":"https:\/\/www.kuranvesunnetyolunda.com\/index.php?rest_route=%2Fwp%2Fv2%2Ftags&post=2172"}],"curies":[{"name":"wp","href":"https:\/\/api.w.org\/{rel}","templated":true}]}}