{"id":2174,"date":"2013-06-30T23:06:58","date_gmt":"2013-06-30T21:06:58","guid":{"rendered":"http:\/\/www.kuranvesunnetyolunda.com\/?p=2174"},"modified":"2013-11-30T10:58:57","modified_gmt":"2013-11-30T08:58:57","slug":"izin-ver-ve-onu-cennetle-mujdele","status":"publish","type":"post","link":"https:\/\/www.kuranvesunnetyolunda.com\/?p=2174","title":{"rendered":"\u0130Z\u0130N VER VE ONU CENNETLE M\u00dcJDELE!"},"content":{"rendered":"<p style=\"text-align: justify;\">Eb\u00fb M\u00fbs\u00e2 el-E\u015f\u2019ar\u00ee (r.a) birg\u00fcn evinde abdest al\u0131p d\u0131\u015far\u0131 \u00e7\u0131karken kendi kendine:<\/p>\n<p style=\"text-align: justify;\">\u201cBug\u00fcn Ras\u00fblullah (s.a.v)\u2019den hi\u00e7 ayr\u0131lmayaca\u011f\u0131m; hep O\u2019nun yan\u0131nda bulunaca\u011f\u0131m\u201d dedi. Sonra Mescid\u2019e gidip oradaki sah\u00e2b\u00eelere Peygamber Efendimiz\u2019in nerede oldu\u011funu sordu. Onlar da:<\/p>\n<p style=\"text-align: justify;\">\u201c\u2013\u015eu tarafa do\u011fru gitti\u201d dediler.<\/p>\n<p style=\"text-align: justify;\">Eb\u00fb M\u00fbs\u00e2 (r.a) h\u00e2disenin devam\u0131n\u0131 \u015f\u00f6yle anlat\u0131r:<\/p>\n<p style=\"text-align: justify;\">Ras\u00fbl-i Ekrem\u2019in gitti\u011fi yeri sora sora nihayet <b>Eris Kuyusu<\/b>\u2019nun bulundu\u011fu bah\u00e7ede oldu\u011funu \u00f6\u011frendim. Ben de bah\u00e7e kap\u0131s\u0131n\u0131n yan\u0131na oturdum. Ras\u00fblullah (s.a.v) bana kap\u0131y\u0131 korumam\u0131 emretti. Tuvalet ihtiyac\u0131n\u0131 giderip abdest ald\u0131. Ben de kalk\u0131p yan\u0131na vard\u0131m. Bakt\u0131m ki Eris Kuyusu\u2019nun kenar\u0131ndaki ta\u015flar\u0131n \u00fczerine, kuyu a\u011fz\u0131ndaki bilezi\u011fin tam ortas\u0131na oturmu\u015f, bald\u0131rlar\u0131n\u0131 a\u00e7arak ayaklar\u0131n\u0131 kuyuya sark\u0131tm\u0131\u015f. Kendisine sel\u00e2m verdikten sonra geri d\u00f6n\u00fcp kap\u0131n\u0131n yan\u0131na oturdum. Kendi kendime: \u201cBug\u00fcn Ras\u00fblullah (s.a.v)\u2019in kap\u0131c\u0131s\u0131 olaca\u011f\u0131m\u201d dedim. O s\u0131rada <b>Eb\u00fb Bekir (r.a)<\/b> gelerek kap\u0131y\u0131 \u00e7ald\u0131.<\/p>\n<p style=\"text-align: justify;\">\u201c\u2013Kim o?\u201d diye sordum.<\/p>\n<p style=\"text-align: justify;\">\u201c\u2013Eb\u00fb Bekir\u201d dedi.<\/p>\n<p style=\"text-align: justify;\">\u201c\u2013Biraz bekle!\u201d dedikten sonra Allah Ras\u00fbl\u00fc\u2019n\u00fcn yan\u0131na vard\u0131m ve:<\/p>\n<p style=\"text-align: justify;\">\u201c\u2013Y\u00e2 Ras\u00fblallah! Eb\u00fb Bekir geldi, huzura girmek i\u00e7in izin istiyor?!\u201d dedim.<\/p>\n<p style=\"text-align: justify;\"><i>\u201c\u2013\u0130zin ver ve onu cennetle m\u00fcjdele!\u201d<\/i> buyurdu.<\/p>\n<p style=\"text-align: justify;\">Geri d\u00f6n\u00fcp Eb\u00fb Bekir\u2019e:<\/p>\n<p style=\"text-align: justify;\">\u201c\u2013\u0130\u00e7eri gir, Ras\u00fblullah seni cennetle m\u00fcjdeliyor\u201d dedim.<\/p>\n<p style=\"text-align: justify;\">Eb\u00fb Bekir i\u00e7eri girdi. Hz. Peygamber\u2019in sa\u011f taraf\u0131na ge\u00e7ip onun yan\u0131na, kuyunun a\u011fz\u0131ndaki ta\u015f\u0131n \u00fczerine oturdu ve t\u0131pk\u0131 Ras\u00fblullah (s.a.v) gibi bald\u0131rlar\u0131n\u0131 a\u00e7arak ayaklar\u0131n\u0131 kuyuya sark\u0131tt\u0131.<\/p>\n<p style=\"text-align: justify;\">Ben de geri d\u00f6n\u00fcp yerime oturdum. Evden \u00e7\u0131karken abdest almakta olan karde\u015fim arkamdan yeti\u015fecekti. Onu d\u00fc\u015f\u00fcnerek kendi kendime: \u201cE\u011fer Allah Te\u00e2l\u00e2 falan\u0131n hayr\u0131n\u0131 dilerse onu buraya getirir\u201d dedim. O s\u0131rada birinin kap\u0131y\u0131 itti\u011fini g\u00f6rd\u00fcm.<\/p>\n<p style=\"text-align: justify;\">\u201c\u2013Kim o?\u201d diye sordum.<\/p>\n<p style=\"text-align: justify;\">\u201c\u2013\u00d6mer b. Hatt\u00e2b\u201d dedi.<\/p>\n<p style=\"text-align: justify;\">\u201c\u2013Biraz bekle\u201d dedikten sonra Ras\u00fblullah (s.a.v)\u2019in yan\u0131na giderek sel\u00e2m verdim ve: \u201c\u00d6mer geldi, huzura girmek i\u00e7in izin istiyor\u201d dedim.<\/p>\n<p style=\"text-align: justify;\"><i>\u201c\u2013\u0130zin ver ve onu cennetle m\u00fcjdele!\u201d<\/i> buyurdu.<\/p>\n<p style=\"text-align: justify;\">\u00d6mer\u2019in yan\u0131na d\u00f6nerek:<\/p>\n<p style=\"text-align: justify;\">\u201c\u2013Ras\u00fblullah (s.a.v) i\u00e7eri girmene izin verdi ve seni cennetle m\u00fcjdeledi\u201d dedim.<\/p>\n<p style=\"text-align: justify;\">\u00d6mer i\u00e7eri girdi. Ras\u00fblullah (s.a.v)\u2019in sol taraf\u0131na ge\u00e7erek kuyunun a\u011fz\u0131ndaki ta\u015f\u0131n \u00fczerine oturdu ve ayaklar\u0131n\u0131 kuyuya sark\u0131tt\u0131.<\/p>\n<p style=\"text-align: justify;\">Ben de d\u00f6n\u00fcp kap\u0131n\u0131n yan\u0131na oturdum. Karde\u015fimi d\u00fc\u015f\u00fcnerek kendi kendime: \u201cE\u011fer Allah Te\u00e2l\u00e2 falan\u0131n hayr\u0131n\u0131 dilerse onu buraya getirir\u201d dedim. Bu s\u0131rada biri gelip kap\u0131y\u0131 itti.<\/p>\n<p style=\"text-align: justify;\">\u201c\u2013Kim o?\u201d diye sordum.<\/p>\n<p style=\"text-align: justify;\">\u201c\u2013Osman b. Aff\u00e2n\u201d dedi.<\/p>\n<p style=\"text-align: justify;\">\u201c\u2013Biraz bekle\u201d diyerek Fahr-i K\u00e2in\u00e2t Efendimiz\u2019in yan\u0131na gittim ve onun geldi\u011fini haber verdim.<\/p>\n<p style=\"text-align: justify;\"><i>\u201c\u2013\u0130zin ver ve ba\u015f\u0131na gelecek bel\u00e2 ile birlikte onu cennetle m\u00fcjdele!\u201d<\/i> buyurdu.<\/p>\n<p style=\"text-align: justify;\">Geri d\u00f6nd\u00fcm ve:<\/p>\n<p style=\"text-align: justify;\">\u201c\u2013\u0130\u00e7eri gir, Ras\u00fblullah (s.a.v) ba\u015f\u0131na gelecek bel\u00e2 ile birlikte seni cennetle m\u00fcjdeliyor\u201d dedim.<\/p>\n<p style=\"text-align: justify;\">Osman (r.a) m\u00fcjdeyi duyunca Allah\u2019a hamd etti, sonra da: \u201cAllah yard\u0131mc\u0131m olsun\u201d dedi. \u0130\u00e7eri girdi. Kuyu bilezi\u011finde oturacak yer kalmad\u0131\u011f\u0131n\u0131 g\u00f6r\u00fcnce, onlar\u0131n kar\u015f\u0131lar\u0131nda bir ba\u015fka yere oturdu.<\/p>\n<p style=\"text-align: justify;\">Sa\u00eed b. M\u00fcseyyeb der ki:<\/p>\n<p style=\"text-align: justify;\">\u201cBen bu oturu\u015f \u015feklini onlar\u0131n kabirlerine yordum.\u201d (Buh\u00e2r\u00ee, Ash\u00e2bu\u2019n-Neb\u00ee, 5, 6, Edeb 119, Fiten 17, Ahb\u00e2ru\u2019l-\u00e2h\u00e2d 3; M\u00fcslim, Fed\u00e2il\u00fc\u2019s-sah\u00e2be 29; Tirmiz\u00ee, Men\u00e2k\u0131b 18)<\/p>\n","protected":false},"excerpt":{"rendered":"<p>Eb\u00fb M\u00fbs\u00e2 el-E\u015f\u2019ar\u00ee (r.a) birg\u00fcn evinde abdest al\u0131p d\u0131\u015far\u0131 \u00e7\u0131karken kendi kendine: \u201cBug\u00fcn Ras\u00fblullah (s.a.v)\u2019den hi\u00e7 ayr\u0131lmayaca\u011f\u0131m; hep O\u2019nun yan\u0131nda bulunaca\u011f\u0131m\u201d dedi. Sonra Mescid\u2019e gidip oradaki sah\u00e2b\u00eelere Peygamber Efendimiz\u2019in nerede&hellip; <\/p>\n","protected":false},"author":2,"featured_media":0,"comment_status":"closed","ping_status":"open","sticky":false,"template":"","format":"standard","meta":{"jetpack_post_was_ever_published":false,"_jetpack_newsletter_access":"","_jetpack_dont_email_post_to_subs":false,"_jetpack_newsletter_tier_id":0,"_jetpack_memberships_contains_paywalled_content":false,"_jetpack_memberships_contains_paid_content":false,"footnotes":"","jetpack_publicize_message":"","jetpack_publicize_feature_enabled":true,"jetpack_social_post_already_shared":true,"jetpack_social_options":{"image_generator_settings":{"template":"highway","default_image_id":0,"enabled":false},"version":2}},"categories":[1],"tags":[],"class_list":["post-2174","post","type-post","status-publish","format-standard","hentry","category-uncategorized"],"jetpack_publicize_connections":[],"jetpack_featured_media_url":"","jetpack_sharing_enabled":true,"jetpack_shortlink":"https:\/\/wp.me\/p3G27m-z4","jetpack_likes_enabled":true,"_links":{"self":[{"href":"https:\/\/www.kuranvesunnetyolunda.com\/index.php?rest_route=\/wp\/v2\/posts\/2174","targetHints":{"allow":["GET"]}}],"collection":[{"href":"https:\/\/www.kuranvesunnetyolunda.com\/index.php?rest_route=\/wp\/v2\/posts"}],"about":[{"href":"https:\/\/www.kuranvesunnetyolunda.com\/index.php?rest_route=\/wp\/v2\/types\/post"}],"author":[{"embeddable":true,"href":"https:\/\/www.kuranvesunnetyolunda.com\/index.php?rest_route=\/wp\/v2\/users\/2"}],"replies":[{"embeddable":true,"href":"https:\/\/www.kuranvesunnetyolunda.com\/index.php?rest_route=%2Fwp%2Fv2%2Fcomments&post=2174"}],"version-history":[{"count":3,"href":"https:\/\/www.kuranvesunnetyolunda.com\/index.php?rest_route=\/wp\/v2\/posts\/2174\/revisions"}],"predecessor-version":[{"id":8251,"href":"https:\/\/www.kuranvesunnetyolunda.com\/index.php?rest_route=\/wp\/v2\/posts\/2174\/revisions\/8251"}],"wp:attachment":[{"href":"https:\/\/www.kuranvesunnetyolunda.com\/index.php?rest_route=%2Fwp%2Fv2%2Fmedia&parent=2174"}],"wp:term":[{"taxonomy":"category","embeddable":true,"href":"https:\/\/www.kuranvesunnetyolunda.com\/index.php?rest_route=%2Fwp%2Fv2%2Fcategories&post=2174"},{"taxonomy":"post_tag","embeddable":true,"href":"https:\/\/www.kuranvesunnetyolunda.com\/index.php?rest_route=%2Fwp%2Fv2%2Ftags&post=2174"}],"curies":[{"name":"wp","href":"https:\/\/api.w.org\/{rel}","templated":true}]}}