{"id":4523,"date":"2013-09-23T11:22:25","date_gmt":"2013-09-23T09:22:25","guid":{"rendered":"http:\/\/www.kuranvesunnetyolunda.com\/?p=4523"},"modified":"2013-11-30T10:54:08","modified_gmt":"2013-11-30T08:54:08","slug":"1-seyhi","status":"publish","type":"post","link":"https:\/\/www.kuranvesunnetyolunda.com\/?p=4523","title":{"rendered":"1. \u015eeyh\u00ee"},"content":{"rendered":"<p style=\"text-align: justify;\">Tabakat kitaplar\u0131m\u0131zda bir\u00e7ok \u015eeyh\u00ee olmas\u0131na ra\u011fmen \u015eehsuvaro\u011flu Ali isminde bir \u015eeyh\u00ee\u2019ye rastlayamad\u0131k. \u0130nceleyece\u011fimiz eserinde \u015eeyh\u00ee mahlas\u0131na ve ger\u00e7ek ismi olan \u015eehsuvaro\u011flu Ali\u2019ye rastl\u0131yoruz. \u015eeyh\u00ee mahlas\u0131 <i>Der Sebeb-i Nazm-\u0131 \u015eerh-i Kel\u00e2m-\u0131 Akdem<\/i><b> <\/b>b\u00f6l\u00fcm\u00fcnde zikredilmektedir:<\/p>\n<p style=\"text-align: justify;\"><b>\u015eeyhiy\u00e2<\/b> \u00e2yeti zikreyle hem\u00e2n\u00a0\u00a0\u00a0\u00a0\u00a0\u00a0\u00a0\u00a0\u00a0\u00a0\u00a0 \u00a0\u00a0\u00a0\u00a0\u00a0\u00a0\u00a0\u00a0\u00a0\u00a0 Ba\u2019deh\u00fb nazm\u0131n\u0131 k\u0131l \u00e2b-\u0131 rev\u00e2n.<\/p>\n<p style=\"text-align: justify;\">Sen ol ey K\u00e2dir u Kayy\u00fbm mu\u2019\u00een\u00a0\u00a0\u00a0\u00a0\u00a0 L\u00fcle-i dilden aka m\u00e2-i ma\u2019\u00een.<\/p>\n<p style=\"text-align: justify;\">Sensiz olmaz i\u015fimiz c\u00fcmle tamam\u00a0\u00a0\u00a0\u00a0 Sen mu\u2019\u00een ol idem \u00e2n\u0131 itm\u00e2m.<a title=\"\" href=\"file:\/\/\/C:\/Users\/GM-As%C4%B1stan-7\/Desktop\/Yuksek_Lisans_Tezi_Murat_Kaya.doc#_ftn1\">[1]<\/a><\/p>\n<p style=\"text-align: justify;\">\u015eeyh\u00ee\u2019nin ger\u00e7ek ismi olan \u015eehsuvaro\u011flu Ali ise kitab\u0131n sonundaki <i>H\u00e2timet\u00fc\u2019l-Kit\u00e2b<\/i><b> <\/b>b\u00f6l\u00fcm\u00fcnde \u015fu \u015fekilde ge\u00e7mektedir:<\/p>\n<p style=\"text-align: justify;\"><b>\u015eehsuv\u00e2ro\u011flu Ali<\/b> ol eli bo\u015f\u00a0\u00a0\u00a0\u00a0\u00a0\u00a0\u00a0\u00a0\u00a0\u00a0\u00a0\u00a0\u00a0 Mey-i gafletle olubdur serho\u015f.<\/p>\n<p style=\"text-align: justify;\">Kola\u011f\u0131n bur \u00e2n\u0131n ihs\u00e2n eyle\u00a0\u00a0\u00a0\u00a0\u00a0\u00a0\u00a0\u00a0\u00a0\u00a0\u00a0\u00a0\u00a0\u00a0 Lutf id\u00fcb derdine derm\u00e2n eyle.<\/p>\n<p style=\"text-align: justify;\">\u00c2na yolda\u015f id\u00fcb ilm \u00fc \u00eem\u00e2n\u00a0\u00a0\u00a0\u00a0\u00a0\u00a0\u00a0\u00a0\u00a0\u00a0\u00a0\u00a0\u00a0 Sen nas\u00eeb eyle \u00f6l\u00fcrken Kur\u2019\u00e2n.<a title=\"\" href=\"file:\/\/\/C:\/Users\/GM-As%C4%B1stan-7\/Desktop\/Yuksek_Lisans_Tezi_Murat_Kaya.doc#_ftn2\">[2]<\/a><\/p>\n<p style=\"text-align: justify;\">\u015eeyh\u00ee, tefs\u00eerini 1058\u2019de yazm\u0131\u015f oldu\u011funa g\u00f6re vefat\u0131 bu tarihe yak\u0131n olmal\u0131d\u0131r. Yak\u0131n zamanda vefat eden ve \u015eeyh\u00ee mahlas\u0131yla an\u0131lan iki zat daha vard\u0131r. Birisi \u015eeyh\u00ee Ahmed Efendi (Merhabazade), m\u00fcderris ve molla olduktan sonra 1075\u2019de \u0130stanbul kad\u0131s\u0131 olmu\u015f 1077\/1666\u2019da da vefat etmi\u015ftir. Emir Buhari\u2019de medfundur. K\u00e2tip, F\u00e2z\u0131l ve \u015f\u00e2irdir.<a title=\"\" href=\"file:\/\/\/C:\/Users\/GM-As%C4%B1stan-7\/Desktop\/Yuksek_Lisans_Tezi_Murat_Kaya.doc#_ftn3\">[3]<\/a> Di\u011feri ise \u015eeyh\u00ee Mehmed Efendi (Kuds\u00eezade), m\u00fcderris olup 1057\/1647\u2019de \u0130stanbul kad\u0131s\u0131, 1061\u2019de Anadolu kazaskeri, 1068\u2019de Nakib\u00fcle\u015fraf oldu ve 18 y\u0131l bu vaz\u00eefeyi yapt\u0131. 1085\/1674\u2019de vefat etti. \u00c2lim, c\u00f6mert, merhametli ve \u015fair bir insand\u0131.<a title=\"\" href=\"file:\/\/\/C:\/Users\/GM-As%C4%B1stan-7\/Desktop\/Yuksek_Lisans_Tezi_Murat_Kaya.doc#_ftn4\">[4]<\/a><\/p>\n<p style=\"text-align: justify;\">Bu iki ki\u015finin de hem \u00e2lim ve hem de \u015fair olmalar\u0131, bir de vefat tarihlerinin yak\u0131n olmas\u0131, tabakat kitaplar\u0131m\u0131zda yanl\u0131\u015f veya eksik bilgilendirme ve isimlendirme olabilece\u011fi de g\u00f6z \u00f6n\u00fcnde bulundurularak bir ihtimal eserin bunlardan birisine ait olabilece\u011fi hat\u0131ra gelmektedir.<\/p>\n<div><br clear=\"all\" \/><\/p>\n<hr align=\"left\" size=\"1\" width=\"33%\" \/>\n<div>\n<p><a title=\"\" href=\"file:\/\/\/C:\/Users\/GM-As%C4%B1stan-7\/Desktop\/Yuksek_Lisans_Tezi_Murat_Kaya.doc#_ftnref1\">[1]<\/a> \u0130stanbul, 1313, s. 3.<\/p>\n<\/div>\n<div>\n<p><a title=\"\" href=\"file:\/\/\/C:\/Users\/GM-As%C4%B1stan-7\/Desktop\/Yuksek_Lisans_Tezi_Murat_Kaya.doc#_ftnref2\">[2]<\/a> s. 84.<\/p>\n<\/div>\n<div>\n<p><a title=\"\" href=\"file:\/\/\/C:\/Users\/GM-As%C4%B1stan-7\/Desktop\/Yuksek_Lisans_Tezi_Murat_Kaya.doc#_ftnref3\">[3]<\/a> <b><i>Sicill-i Osman\u00ee<\/i><\/b><i>,<\/i> V, 1597.<\/p>\n<\/div>\n<div>\n<p><a title=\"\" href=\"file:\/\/\/C:\/Users\/GM-As%C4%B1stan-7\/Desktop\/Yuksek_Lisans_Tezi_Murat_Kaya.doc#_ftnref4\">[4]<\/a> <b><i>Sicill-i Osman\u00ee<\/i><\/b><i>,<\/i> V, 1599.<\/p>\n<\/div>\n<\/div>\n","protected":false},"excerpt":{"rendered":"<p>Tabakat kitaplar\u0131m\u0131zda bir\u00e7ok \u015eeyh\u00ee olmas\u0131na ra\u011fmen \u015eehsuvaro\u011flu Ali isminde bir \u015eeyh\u00ee\u2019ye rastlayamad\u0131k. \u0130nceleyece\u011fimiz eserinde \u015eeyh\u00ee mahlas\u0131na ve ger\u00e7ek ismi olan \u015eehsuvaro\u011flu Ali\u2019ye rastl\u0131yoruz. \u015eeyh\u00ee mahlas\u0131 Der Sebeb-i Nazm-\u0131 \u015eerh-i Kel\u00e2m-\u0131&hellip; <\/p>\n","protected":false},"author":2,"featured_media":0,"comment_status":"closed","ping_status":"open","sticky":false,"template":"","format":"standard","meta":{"jetpack_post_was_ever_published":false,"_jetpack_newsletter_access":"","_jetpack_dont_email_post_to_subs":false,"_jetpack_newsletter_tier_id":0,"_jetpack_memberships_contains_paywalled_content":false,"_jetpack_memberships_contains_paid_content":false,"footnotes":"","jetpack_publicize_message":"","jetpack_publicize_feature_enabled":true,"jetpack_social_post_already_shared":true,"jetpack_social_options":{"image_generator_settings":{"template":"highway","default_image_id":0,"enabled":false},"version":2}},"categories":[1],"tags":[],"class_list":["post-4523","post","type-post","status-publish","format-standard","hentry","category-uncategorized"],"jetpack_publicize_connections":[],"jetpack_featured_media_url":"","jetpack_sharing_enabled":true,"jetpack_shortlink":"https:\/\/wp.me\/p3G27m-1aX","jetpack_likes_enabled":true,"_links":{"self":[{"href":"https:\/\/www.kuranvesunnetyolunda.com\/index.php?rest_route=\/wp\/v2\/posts\/4523","targetHints":{"allow":["GET"]}}],"collection":[{"href":"https:\/\/www.kuranvesunnetyolunda.com\/index.php?rest_route=\/wp\/v2\/posts"}],"about":[{"href":"https:\/\/www.kuranvesunnetyolunda.com\/index.php?rest_route=\/wp\/v2\/types\/post"}],"author":[{"embeddable":true,"href":"https:\/\/www.kuranvesunnetyolunda.com\/index.php?rest_route=\/wp\/v2\/users\/2"}],"replies":[{"embeddable":true,"href":"https:\/\/www.kuranvesunnetyolunda.com\/index.php?rest_route=%2Fwp%2Fv2%2Fcomments&post=4523"}],"version-history":[{"count":3,"href":"https:\/\/www.kuranvesunnetyolunda.com\/index.php?rest_route=\/wp\/v2\/posts\/4523\/revisions"}],"predecessor-version":[{"id":7259,"href":"https:\/\/www.kuranvesunnetyolunda.com\/index.php?rest_route=\/wp\/v2\/posts\/4523\/revisions\/7259"}],"wp:attachment":[{"href":"https:\/\/www.kuranvesunnetyolunda.com\/index.php?rest_route=%2Fwp%2Fv2%2Fmedia&parent=4523"}],"wp:term":[{"taxonomy":"category","embeddable":true,"href":"https:\/\/www.kuranvesunnetyolunda.com\/index.php?rest_route=%2Fwp%2Fv2%2Fcategories&post=4523"},{"taxonomy":"post_tag","embeddable":true,"href":"https:\/\/www.kuranvesunnetyolunda.com\/index.php?rest_route=%2Fwp%2Fv2%2Ftags&post=4523"}],"curies":[{"name":"wp","href":"https:\/\/api.w.org\/{rel}","templated":true}]}}