{"id":4531,"date":"2013-09-23T11:25:25","date_gmt":"2013-09-23T09:25:25","guid":{"rendered":"http:\/\/www.kuranvesunnetyolunda.com\/?p=4531"},"modified":"2013-11-30T10:54:07","modified_gmt":"2013-11-30T08:54:07","slug":"1-ahmed-rusdu-pasa","status":"publish","type":"post","link":"https:\/\/www.kuranvesunnetyolunda.com\/?p=4531","title":{"rendered":"1. Ahmed R\u00fc\u015fd\u00fc Pa\u015fa"},"content":{"rendered":"<p style=\"text-align: justify;\">Kedus\u2019da do\u011fan Ahmed R\u00fc\u015fd\u00fc Pa\u015fa, tahsilini tamamlad\u0131ktan sonra devlet hizmetine girerek mutasarr\u0131fl\u0131\u011fa kadar y\u00fckselmi\u015ftir. Bahis konusu edece\u011fimiz eserinin ba\u015f\u0131nda eski Leskuvik Mutasarr\u0131f\u0131 \u00fcnvan\u0131yla an\u0131lmaktad\u0131r. Ahmed R\u00fc\u015fd\u00fc Pa\u015fa, bu siyasi vaz\u00eefeleri yan\u0131nda ilmi hayat\u0131n\u0131 da devam ettirmeye \u00e7al\u0131\u015fm\u0131\u015f ve arkas\u0131nda eserler b\u0131rakabilmi\u015f erb\u00e2b-\u0131 kalemden, faziletli ve \u015fansl\u0131 bir zatt\u0131r. Anadili olan Osmanl\u0131 T\u00fcrk\u00e7esinden ba\u015fka Arap\u00e7a\u2019y\u0131 konu\u015fabilecek ve yazabilecek derecede biliyordu. Nitekim tan\u0131taca\u011f\u0131m\u0131z eserini evvela Arap\u00e7a olarak yazm\u0131\u015f daha sonra rica ve istek \u00fczerine T\u00fcrk\u00e7e\u2019ye \u00e7evirmi\u015ftir. Arap\u00e7a\u2019dan ba\u015fka K\u00fcrt\u00e7e ve S\u0131rp\u00e7a\u2019ya da a\u015final\u0131\u011f\u0131 vard\u0131.<\/p>\n<p style=\"text-align: justify;\">\u00a0Ahmed R\u00fc\u015fd\u00fc Pa\u015fa, 1315 t\u00e2r\u00eehinde \u0130stanbul\u2019da vefat etmi\u015ftir. Matbu eserleri \u015funlard\u0131r:<\/p>\n<p style=\"text-align: justify;\">1. <i>Terc\u00fcme-i Hikmet\u00fc\u2019l-Bey\u00e2n f\u00ee S\u00fbreti\u2019r- Rahman<\/i><\/p>\n<p style=\"text-align: justify;\">2. <i>Hak\u00e2y\u0131k-\u0131 Kur\u2019\u00e2niyeden Bir Nebze<\/i><\/p>\n<p style=\"text-align: justify;\">3. <i>T\u00e2yin\u00fc\u2019l-vez\u00e2if f\u00ee hakki\u2019l-m\u00fcte\u015f\u00e2bih\u00e2t<\/i><\/p>\n<p style=\"text-align: justify;\">4. <i>Hall-i Mes\u2019ele-i T\u00fbf\u00e2n<\/i> <a title=\"\" href=\"file:\/\/\/C:\/Users\/GM-As%C4%B1stan-7\/Desktop\/Yuksek_Lisans_Tezi_Murat_Kaya.doc#_ftn1\">[1]<\/a><\/p>\n<div style=\"text-align: justify;\"><br clear=\"all\" \/><\/p>\n<hr align=\"left\" size=\"1\" width=\"33%\" \/>\n<div>\n<p><a title=\"\" href=\"file:\/\/\/C:\/Users\/GM-As%C4%B1stan-7\/Desktop\/Yuksek_Lisans_Tezi_Murat_Kaya.doc#_ftnref1\">[1]<\/a> <b><i>Osmanl\u0131 M\u00fcellifleri<\/i><\/b>, II, 21.<\/p>\n<\/div>\n<\/div>\n","protected":false},"excerpt":{"rendered":"<p>Kedus\u2019da do\u011fan Ahmed R\u00fc\u015fd\u00fc Pa\u015fa, tahsilini tamamlad\u0131ktan sonra devlet hizmetine girerek mutasarr\u0131fl\u0131\u011fa kadar y\u00fckselmi\u015ftir. Bahis konusu edece\u011fimiz eserinin ba\u015f\u0131nda eski Leskuvik Mutasarr\u0131f\u0131 \u00fcnvan\u0131yla an\u0131lmaktad\u0131r. Ahmed R\u00fc\u015fd\u00fc Pa\u015fa, bu siyasi vaz\u00eefeleri&hellip; <\/p>\n","protected":false},"author":2,"featured_media":0,"comment_status":"closed","ping_status":"open","sticky":false,"template":"","format":"standard","meta":{"jetpack_post_was_ever_published":false,"_jetpack_newsletter_access":"","_jetpack_dont_email_post_to_subs":false,"_jetpack_newsletter_tier_id":0,"_jetpack_memberships_contains_paywalled_content":false,"_jetpack_memberships_contains_paid_content":false,"footnotes":"","jetpack_publicize_message":"","jetpack_publicize_feature_enabled":true,"jetpack_social_post_already_shared":true,"jetpack_social_options":{"image_generator_settings":{"template":"highway","default_image_id":0,"enabled":false},"version":2}},"categories":[1],"tags":[],"class_list":["post-4531","post","type-post","status-publish","format-standard","hentry","category-uncategorized"],"jetpack_publicize_connections":[],"jetpack_featured_media_url":"","jetpack_sharing_enabled":true,"jetpack_shortlink":"https:\/\/wp.me\/p3G27m-1b5","jetpack_likes_enabled":true,"_links":{"self":[{"href":"https:\/\/www.kuranvesunnetyolunda.com\/index.php?rest_route=\/wp\/v2\/posts\/4531","targetHints":{"allow":["GET"]}}],"collection":[{"href":"https:\/\/www.kuranvesunnetyolunda.com\/index.php?rest_route=\/wp\/v2\/posts"}],"about":[{"href":"https:\/\/www.kuranvesunnetyolunda.com\/index.php?rest_route=\/wp\/v2\/types\/post"}],"author":[{"embeddable":true,"href":"https:\/\/www.kuranvesunnetyolunda.com\/index.php?rest_route=\/wp\/v2\/users\/2"}],"replies":[{"embeddable":true,"href":"https:\/\/www.kuranvesunnetyolunda.com\/index.php?rest_route=%2Fwp%2Fv2%2Fcomments&post=4531"}],"version-history":[{"count":3,"href":"https:\/\/www.kuranvesunnetyolunda.com\/index.php?rest_route=\/wp\/v2\/posts\/4531\/revisions"}],"predecessor-version":[{"id":7255,"href":"https:\/\/www.kuranvesunnetyolunda.com\/index.php?rest_route=\/wp\/v2\/posts\/4531\/revisions\/7255"}],"wp:attachment":[{"href":"https:\/\/www.kuranvesunnetyolunda.com\/index.php?rest_route=%2Fwp%2Fv2%2Fmedia&parent=4531"}],"wp:term":[{"taxonomy":"category","embeddable":true,"href":"https:\/\/www.kuranvesunnetyolunda.com\/index.php?rest_route=%2Fwp%2Fv2%2Fcategories&post=4531"},{"taxonomy":"post_tag","embeddable":true,"href":"https:\/\/www.kuranvesunnetyolunda.com\/index.php?rest_route=%2Fwp%2Fv2%2Ftags&post=4531"}],"curies":[{"name":"wp","href":"https:\/\/api.w.org\/{rel}","templated":true}]}}