{"id":4537,"date":"2013-09-23T11:27:33","date_gmt":"2013-09-23T09:27:33","guid":{"rendered":"http:\/\/www.kuranvesunnetyolunda.com\/?p=4537"},"modified":"2013-11-30T10:54:07","modified_gmt":"2013-11-30T08:54:07","slug":"2-hulasatul-ihlas","status":"publish","type":"post","link":"https:\/\/www.kuranvesunnetyolunda.com\/?p=4537","title":{"rendered":"2. Hul\u00e2sat\u00fc\u2019l-\u0130hl\u00e2s"},"content":{"rendered":"<p style=\"text-align: justify;\">Fahrettin R\u00e2z\u00ee\u2019nin <i>Mefatihu\u2019l-\u011fayb<\/i> isimli tefs\u00eerinden haz\u0131rlanm\u0131\u015f olan bu ihl\u00e2s tefs\u00eerinin ba\u015flang\u0131c\u0131nda eseri basan \u0130zmir de kitap\u00e7\u0131l\u0131k yapan Ahmed Sabri, bir mukaddime kaleme alarak burada <b>II. Abd\u00fclhamid<\/b>\u2019e erb\u00e2b-\u0131 kaleme te\u015fvikde bulundu\u011fu ve asr\u0131n\u0131 \u201chayru\u2019l-edv\u00e2r\u201d haline getirdi\u011fi i\u00e7in \u015f\u00fckranlar\u0131n\u0131 arzettikten sonra kendi sahas\u0131nda memleketi i\u00e7in hizmet etme arzusunda oldu\u011funu ve bu nedenle de ne\u015fr hayat\u0131n\u0131n ilk kitab\u0131 ve bu tefs\u00eerin ilk bask\u0131s\u0131 olan elimizdeki kitab\u0131 ortaya \u00e7\u0131kard\u0131\u011f\u0131n\u0131 ifade ediyor.<\/p>\n<p style=\"text-align: justify;\">Hak-perestim, arz-\u0131 ihl\u00e2s etti\u011fim derg\u00e2h bir,<\/p>\n<p style=\"text-align: justify;\">Bir nefes tevhidden ayr\u0131lmad\u0131m Allah bir.<\/p>\n<p style=\"text-align: justify;\">beytini kitab\u0131n\u0131n kapa\u011f\u0131na koyan Muallim Naci, s\u00fbrenin mealini vererek tefs\u00eere ba\u015flar ve bu s\u00fbrenin \u0130slam dininin esas\u0131n\u0131 yani tevhidi ortaya koydu\u011fu i\u00e7in, bir hadis-i \u015ferifin de belirtti\u011fi gibi, Kur\u2019\u00e2n\u2019\u0131n \u00fc\u00e7te birin denk oldu\u011funu ve b\u00fct\u00fcn ilimleri \u00f6\u011frenmekten kasd\u0131n marifetullah\u0131 elde etmek oldu\u011funa inanan tevhid erb\u00e2b\u0131n\u0131n yegane vird-i zeban\u0131 oldu\u011funu s\u00f6yledikten sonra tefs\u00eerlerde havas taraf\u0131ndan g\u00f6r\u00fcl\u00fcp de avama gizli kalan bu s\u00fbre hakk\u0131ndaki izahat\u0131 isteklilerin nazar\u0131na arzetmeyi bir vazife telakki etti\u011fini belirtir ve s\u00fbrenin \u00fc\u00e7 de\u011fi\u015fik n\u00fczul sebebini nakleder. Uzun uzad\u0131ya izah etti\u011fi bu rivayetlerin hul\u00e2sas\u0131n\u0131 \u015fu c\u00fcmle ile vermektedir:<\/p>\n<p style=\"text-align: justify;\">\u201cHer halde s\u00fbre-i \u015ferifenin n\u00fczul\u00fc ashab-\u0131 teks\u00eere kar\u015f\u0131 isb\u00e2t-\u0131 tevhid hikmetine mebni oldu\u011fu derk\u00e2rd\u0131r. M\u00fcsbit-i vahd\u00e2niyet-i Hakk oldu\u011fu i\u00e7\u00fcnd\u00fcr ki s\u00fbre-i mezk\u00fbrun esm\u00e2s\u0131ndan biri de \u2018S\u00fbre-i Tevhid\u2019dir.\u201d<a title=\"\" href=\"file:\/\/\/C:\/Users\/GM-As%C4%B1stan-7\/Desktop\/Yuksek_Lisans_Tezi_Murat_Kaya.doc#_ftn1\">[1]<\/a><\/p>\n<div><br clear=\"all\" \/><\/p>\n<hr align=\"left\" size=\"1\" width=\"33%\" \/>\n<div>\n<p style=\"text-align: justify;\"><a title=\"\" href=\"file:\/\/\/C:\/Users\/GM-As%C4%B1stan-7\/Desktop\/Yuksek_Lisans_Tezi_Murat_Kaya.doc#_ftnref1\">[1]<\/a> \u0130stanbul, 1304, s. 13.<\/p>\n<\/div>\n<\/div>\n","protected":false},"excerpt":{"rendered":"<p>Fahrettin R\u00e2z\u00ee\u2019nin Mefatihu\u2019l-\u011fayb isimli tefs\u00eerinden haz\u0131rlanm\u0131\u015f olan bu ihl\u00e2s tefs\u00eerinin ba\u015flang\u0131c\u0131nda eseri basan \u0130zmir de kitap\u00e7\u0131l\u0131k yapan Ahmed Sabri, bir mukaddime kaleme alarak burada II. Abd\u00fclhamid\u2019e erb\u00e2b-\u0131 kaleme te\u015fvikde bulundu\u011fu&hellip; <\/p>\n","protected":false},"author":2,"featured_media":0,"comment_status":"closed","ping_status":"open","sticky":false,"template":"","format":"standard","meta":{"jetpack_post_was_ever_published":false,"_jetpack_newsletter_access":"","_jetpack_dont_email_post_to_subs":false,"_jetpack_newsletter_tier_id":0,"_jetpack_memberships_contains_paywalled_content":false,"_jetpack_memberships_contains_paid_content":false,"footnotes":"","jetpack_publicize_message":"","jetpack_publicize_feature_enabled":true,"jetpack_social_post_already_shared":true,"jetpack_social_options":{"image_generator_settings":{"template":"highway","default_image_id":0,"enabled":false},"version":2}},"categories":[1],"tags":[],"class_list":["post-4537","post","type-post","status-publish","format-standard","hentry","category-uncategorized"],"jetpack_publicize_connections":[],"jetpack_featured_media_url":"","jetpack_sharing_enabled":true,"jetpack_shortlink":"https:\/\/wp.me\/p3G27m-1bb","jetpack_likes_enabled":true,"_links":{"self":[{"href":"https:\/\/www.kuranvesunnetyolunda.com\/index.php?rest_route=\/wp\/v2\/posts\/4537","targetHints":{"allow":["GET"]}}],"collection":[{"href":"https:\/\/www.kuranvesunnetyolunda.com\/index.php?rest_route=\/wp\/v2\/posts"}],"about":[{"href":"https:\/\/www.kuranvesunnetyolunda.com\/index.php?rest_route=\/wp\/v2\/types\/post"}],"author":[{"embeddable":true,"href":"https:\/\/www.kuranvesunnetyolunda.com\/index.php?rest_route=\/wp\/v2\/users\/2"}],"replies":[{"embeddable":true,"href":"https:\/\/www.kuranvesunnetyolunda.com\/index.php?rest_route=%2Fwp%2Fv2%2Fcomments&post=4537"}],"version-history":[{"count":4,"href":"https:\/\/www.kuranvesunnetyolunda.com\/index.php?rest_route=\/wp\/v2\/posts\/4537\/revisions"}],"predecessor-version":[{"id":7252,"href":"https:\/\/www.kuranvesunnetyolunda.com\/index.php?rest_route=\/wp\/v2\/posts\/4537\/revisions\/7252"}],"wp:attachment":[{"href":"https:\/\/www.kuranvesunnetyolunda.com\/index.php?rest_route=%2Fwp%2Fv2%2Fmedia&parent=4537"}],"wp:term":[{"taxonomy":"category","embeddable":true,"href":"https:\/\/www.kuranvesunnetyolunda.com\/index.php?rest_route=%2Fwp%2Fv2%2Fcategories&post=4537"},{"taxonomy":"post_tag","embeddable":true,"href":"https:\/\/www.kuranvesunnetyolunda.com\/index.php?rest_route=%2Fwp%2Fv2%2Ftags&post=4537"}],"curies":[{"name":"wp","href":"https:\/\/api.w.org\/{rel}","templated":true}]}}