{"id":4540,"date":"2013-09-23T11:29:14","date_gmt":"2013-09-23T09:29:14","guid":{"rendered":"http:\/\/www.kuranvesunnetyolunda.com\/?p=4540"},"modified":"2013-11-30T10:54:07","modified_gmt":"2013-11-30T08:54:07","slug":"1-muallim-omer-naci-efendi-istanbuli-2","status":"publish","type":"post","link":"https:\/\/www.kuranvesunnetyolunda.com\/?p=4540","title":{"rendered":"1. Muallim \u00d6mer N\u00e2c\u00ee Efendi \u0130stanb\u00fbl\u00ee"},"content":{"rendered":"<p style=\"text-align: justify;\">Osmanl\u0131 tabakat kitaplar\u0131nda baz\u0131lar\u0131 i\u00e7in meden\u00ee, \u015fehr\u00ee gibi tan\u0131mlamalar yap\u0131lmaktad\u0131r. Muallim Naci i\u00e7in de kullan\u0131lan bu s\u0131fat bu zatlar\u0131n \u015fehirlerde do\u011fup b\u00fcy\u00fcd\u00fcklerini ifade etmektedir. Zira Osmanl\u0131 \u00e2limlerinin bir\u00e7o\u011fu Anadolu\u2019nun k\u00f6ylerinde do\u011fmu\u015f ve \u00e7e\u015fitli yerlerinde ilim tahsil etmi\u015flerdir. Muallim Naci bir m\u00fcddet ufak tefek memuriyetlerle ta\u015frada bulunduktan sonra \u0130stanbul\u2019a d\u00f6nerek ed\u00eeb\u00e2ne eserlerini ne\u015fretmeye ba\u015flam\u0131\u015ft\u0131r. Mekteb-i Sult\u00e2n\u00ee ve Hukuk fak\u00fcltesinde edebiyat muallimli\u011finde bulunmu\u015ftur. K\u0131rk d\u00f6rt ya\u015flar\u0131nda iken 1310 Ramazan\u0131nda \u0130stanbul\u2019da irtihal ederek Sultan Mahmud Adl\u00ee t\u00fcrbesi haziresine defn olunmu\u015ftur.<\/p>\n<p style=\"text-align: justify;\">Dil ve edebiyat kaideleri hakk\u0131ndaki bilgisi \u015fairiyet kabiliyetine g\u00f6re daha fazlad\u0131r. \u00d6mr\u00fcn\u00fcn sonunda vak\u2019an\u00fcvis-i \u00c2l-i Osman memuriyeti ile \u015fereflendirmi\u015ftir. Bu hizmete tayin olundu\u011funu m\u00fcteakib \u015eehname tarz\u0131nda yazma\u011fa ba\u015flad\u0131\u011f\u0131 manzum Osmanl\u0131 t\u00e2r\u00eehinden ancak birka\u00e7 padi\u015fah yazabilmi\u015ftir. Bundan ba\u015fka eserlerinden bir k\u0131sm\u0131 ise \u015funlard\u0131r:<\/p>\n<p style=\"text-align: justify;\">a. <i>Muamm\u00e2y-\u0131 \u0130l\u00e2h\u00ee Yahud Baz\u0131 S\u00fcver-i Kur\u2019\u00e2niyenin Ev\u00e2ilindeki Hur\u00fbf-i Tehecc\u00ee, <\/i>\u0130stanbul, 1302\/1885, Matbaa-i Eb\u00fczziya, 47 sayfa, Fahredd\u00een R\u00e2z\u00ee\u2019den terc\u00fcme.<a title=\"\" href=\"file:\/\/\/C:\/Users\/GM-As%C4%B1stan-7\/Desktop\/Yuksek_Lisans_Tezi_Murat_Kaya.doc#_ftn1\"><sup><sup>[1]<\/sup><\/sup><\/a><\/p>\n<p style=\"text-align: justify;\">b. <i>\u0130\u2019caz-\u0131 Kur\u2019\u00e2n<\/i>,<\/p>\n<p style=\"text-align: justify;\">c. <i>Tefs\u00eer-i S\u00fbre-i \u0130hlas<\/i>,<\/p>\n<p style=\"text-align: justify;\">d. <i>Ta\u2018l\u00eem-i K\u0131raat<\/i>, \u0130stanbul 1310\/1893, 1 c.\u2019de 4 c.<\/p>\n<p style=\"text-align: justify;\">e. <i>L\u00fc\u011f\u00e2t-\u0131 Osmaniye<\/i>,<\/p>\n<p style=\"text-align: justify;\">f. <i>Mecmua-i Muallim<\/i>,<\/p>\n<p style=\"text-align: justify;\">g. <i>Ist\u0131l\u00e2h\u00e2t-\u0131 Edebiyye<\/i> vs.<a title=\"\" href=\"file:\/\/\/C:\/Users\/GM-As%C4%B1stan-7\/Desktop\/Yuksek_Lisans_Tezi_Murat_Kaya.doc#_ftn2\">[2]<\/a>.<\/p>\n<div><br clear=\"all\" \/><\/p>\n<hr align=\"left\" size=\"1\" width=\"33%\" \/>\n<div style=\"text-align: justify;\">\n<p><a title=\"\" href=\"file:\/\/\/C:\/Users\/GM-As%C4%B1stan-7\/Desktop\/Yuksek_Lisans_Tezi_Murat_Kaya.doc#_ftnref1\">[1]<\/a> Bursal\u0131, <i>a.g.e.,<\/i> c. II, s. 422-426; Y\u00fccer, <i>a.g.e.<\/i>, s. 798.<\/p>\n<\/div>\n<div>\n<p style=\"text-align: justify;\"><a title=\"\" href=\"file:\/\/\/C:\/Users\/GM-As%C4%B1stan-7\/Desktop\/Yuksek_Lisans_Tezi_Murat_Kaya.doc#_ftnref2\">[2]<\/a> <b><i>Osmanl\u0131 M\u00fcellifleri<\/i><\/b><i>, 2\/422; <\/i>Celal Tarak\u00e7\u0131, <b><i>Muallim N\u00e2c\u00ee<\/i><\/b><i>,<\/i> Ankara 1994.<\/p>\n<\/div>\n<\/div>\n","protected":false},"excerpt":{"rendered":"<p>Osmanl\u0131 tabakat kitaplar\u0131nda baz\u0131lar\u0131 i\u00e7in meden\u00ee, \u015fehr\u00ee gibi tan\u0131mlamalar yap\u0131lmaktad\u0131r. Muallim Naci i\u00e7in de kullan\u0131lan bu s\u0131fat bu zatlar\u0131n \u015fehirlerde do\u011fup b\u00fcy\u00fcd\u00fcklerini ifade etmektedir. Zira Osmanl\u0131 \u00e2limlerinin bir\u00e7o\u011fu Anadolu\u2019nun k\u00f6ylerinde&hellip; <\/p>\n","protected":false},"author":2,"featured_media":0,"comment_status":"closed","ping_status":"open","sticky":false,"template":"","format":"standard","meta":{"jetpack_post_was_ever_published":false,"_jetpack_newsletter_access":"","_jetpack_dont_email_post_to_subs":false,"_jetpack_newsletter_tier_id":0,"_jetpack_memberships_contains_paywalled_content":false,"_jetpack_memberships_contains_paid_content":false,"footnotes":"","jetpack_publicize_message":"","jetpack_publicize_feature_enabled":true,"jetpack_social_post_already_shared":true,"jetpack_social_options":{"image_generator_settings":{"template":"highway","default_image_id":0,"enabled":false},"version":2}},"categories":[1],"tags":[],"class_list":["post-4540","post","type-post","status-publish","format-standard","hentry","category-uncategorized"],"jetpack_publicize_connections":[],"jetpack_featured_media_url":"","jetpack_sharing_enabled":true,"jetpack_shortlink":"https:\/\/wp.me\/p3G27m-1be","jetpack_likes_enabled":true,"_links":{"self":[{"href":"https:\/\/www.kuranvesunnetyolunda.com\/index.php?rest_route=\/wp\/v2\/posts\/4540","targetHints":{"allow":["GET"]}}],"collection":[{"href":"https:\/\/www.kuranvesunnetyolunda.com\/index.php?rest_route=\/wp\/v2\/posts"}],"about":[{"href":"https:\/\/www.kuranvesunnetyolunda.com\/index.php?rest_route=\/wp\/v2\/types\/post"}],"author":[{"embeddable":true,"href":"https:\/\/www.kuranvesunnetyolunda.com\/index.php?rest_route=\/wp\/v2\/users\/2"}],"replies":[{"embeddable":true,"href":"https:\/\/www.kuranvesunnetyolunda.com\/index.php?rest_route=%2Fwp%2Fv2%2Fcomments&post=4540"}],"version-history":[{"count":3,"href":"https:\/\/www.kuranvesunnetyolunda.com\/index.php?rest_route=\/wp\/v2\/posts\/4540\/revisions"}],"predecessor-version":[{"id":7251,"href":"https:\/\/www.kuranvesunnetyolunda.com\/index.php?rest_route=\/wp\/v2\/posts\/4540\/revisions\/7251"}],"wp:attachment":[{"href":"https:\/\/www.kuranvesunnetyolunda.com\/index.php?rest_route=%2Fwp%2Fv2%2Fmedia&parent=4540"}],"wp:term":[{"taxonomy":"category","embeddable":true,"href":"https:\/\/www.kuranvesunnetyolunda.com\/index.php?rest_route=%2Fwp%2Fv2%2Fcategories&post=4540"},{"taxonomy":"post_tag","embeddable":true,"href":"https:\/\/www.kuranvesunnetyolunda.com\/index.php?rest_route=%2Fwp%2Fv2%2Ftags&post=4540"}],"curies":[{"name":"wp","href":"https:\/\/api.w.org\/{rel}","templated":true}]}}