{"id":9477,"date":"2014-04-24T13:06:08","date_gmt":"2014-04-24T11:06:08","guid":{"rendered":"http:\/\/www.kuranvesunnetyolunda.com\/?p=9477"},"modified":"2014-04-24T13:06:08","modified_gmt":"2014-04-24T11:06:08","slug":"yemekten-sonra-agzi-temizlemek-108-hadis-i-serif-dersi","status":"publish","type":"post","link":"https:\/\/www.kuranvesunnetyolunda.com\/?p=9477","title":{"rendered":"Yemekten Sonra A\u011fz\u0131 Temizlemek (108. Hadis-i \u015eerif Dersi)"},"content":{"rendered":"<p><iframe loading=\"lazy\" src=\"\/\/player.vimeo.com\/video\/92746838\" height=\"281\" width=\"500\" allowfullscreen=\"\" frameborder=\"0\"><\/iframe><\/p>\n<p><a href=\"http:\/\/vimeo.com\/92746838\">Yemekten Sonra A\u011fz\u0131 Temizlemek<\/a> from <a href=\"http:\/\/vimeo.com\/ilamtv\">ilamtv<\/a> on <a href=\"https:\/\/vimeo.com\">Vimeo<\/a>.<\/p>\n<h2 align=\"center\"><b>Yemekten Sonra A\u011fz\u0131 Temizlemek <\/b><\/h2>\n<p style=\"text-align: justify;\"><b>S\u00fcveyd bin N\u00fbman<\/b> (r.a) \u015f\u00f6yle anlat\u0131r:<\/p>\n<p style=\"text-align: justify;\">\u201cHayber senesinde Ras\u00fblullah (s.a.v) Efendimiz ile birlikte (sefere) \u00e7\u0131km\u0131\u015ft\u0131k. Sahb\u00e2\u2019ya var\u0131nca (ki buras\u0131 Hayber\u2019in alt ba\u015flar\u0131nda, Med\u00eene taraf\u0131ndad\u0131r) Ras\u00fblullah (s.a.v) inip \u0130kindiyi k\u0131ld\u0131rd\u0131. Sonra mevcud az\u0131klar\u0131 istedi. Kavuddan ba\u015fka bir \u015fey getirmediler. Efendimiz (s.a.v) emretti ve hemen onu \u0131slatt\u0131lar. Sonra ondan Ras\u00fblullah (s.a.v) Efendimiz\u2019le birlikte yedik. Bundan sonra Allah Ras\u00fbl\u00fc (s.a.v) Ak\u015fam namaz\u0131na kalkt\u0131, a\u011fz\u0131n\u0131 \u00e7alkalad\u0131. Biz de (a\u011fz\u0131m\u0131z\u0131) \u00e7alkalad\u0131k. Sonra namaza durdu, yeniden abdest almad\u0131.\u201d (Buh\u00e2r\u00ee, Vud\u00fb\u2019, 51)<\/p>\n<p style=\"text-align: justify;\"><b>\u015eerh:<\/b><\/p>\n<p style=\"text-align: justify;\">Kavud, kavrulup un h\u00e2line getirilmi\u015f bu\u011fday ve arpa oldu\u011fu i\u00e7in ate\u015f de\u011fmi\u015f yiyeceklerdendir. Efendimiz (s.a.v) onu yedi\u011fi h\u00e2lde tekrar abdest almam\u0131\u015ft\u0131r. Namazdan evvel mazmaza yap\u0131lmas\u0131 yani a\u011fz\u0131n g\u00fczelce temizlenmesi ise di\u015f aralar\u0131nda kalan yiyecek k\u0131r\u0131nt\u0131lar\u0131n\u0131 iz\u00e2le edip namaz esn\u00e2s\u0131nda onlarla me\u015fgul olmamak i\u00e7indir.<\/p>\n<p style=\"text-align: justify;\">Bahsedilen bu yemek, \u00dcmm\u00fc\u2019l-M\u00fc\u2019min\u00een Safiyye (r.a)\u2019n\u0131n d\u00fc\u011f\u00fcn yeme\u011fi idi. (Ahmed Na\u00eem Efendi, <i>Tecr\u00eed-i Sar\u00eeh Tercemesi,<\/i> I, 172)<\/p>\n<p style=\"text-align: justify;\"><b>Eb\u00fb Eyy\u00fbb el-Ens\u00e2r\u00ee <\/b>(r.a) \u015f\u00f6yle buyurur:<\/p>\n<p style=\"text-align: justify;\">\u201cBir g\u00fcn Ras\u00fblullah Efendimiz (s.a.v) yan\u0131m\u0131za \u00e7\u0131kt\u0131lar ve:<\/p>\n<p style=\"text-align: justify;\"><i>\u00ab\u2012\u00dcmmetimden m\u00fctehallil\u00fbn ne g\u00fczel insanlard\u0131r.\u00bb<\/i> buyurdular.<\/p>\n<p style=\"text-align: justify;\">Ash\u00e2b-\u0131 kir\u00e2m:<\/p>\n<p style=\"text-align: justify;\">\u00ab\u2012M\u00fctehallil\u00fbn kimdir ey Allah\u2019\u0131n Ras\u00fbl\u00fc?\u00bb diye sordular. Efendimiz (s.a.v) \u015f\u00f6yle buyurdular:<\/p>\n<p style=\"text-align: justify;\"><i>\u00ab\u2012Onlar, abdest al\u0131rken ve yemekten sonra hilalleme yapanlard\u0131r. Abdestteki hilalleme; a\u011fz\u0131, burnu, parmaklar\u0131n ve t\u0131rnaklar\u0131n aras\u0131n\u0131 iyice y\u0131kamakt\u0131r. Yemekten sonra hilallemek ise, a\u011fz\u0131 ve di\u015fleri g\u00fczelce temizlemektir. \u0130nsan\u0131n yan\u0131nda bulunan iki mele\u011fe, o ki\u015fi namaza durdu\u011funda di\u015flerinin aras\u0131nda yemek kal\u0131nt\u0131s\u0131 g\u00f6rmelerinden veya a\u011fz\u0131ndan yemek kokusu gelmesinden daha a\u011f\u0131r gelen ba\u015fka bir \u015fey yoktur\u00bb<\/i>.\u201d (Bkz. Heysem\u00ee, I, 235, V, 29-30; \u0130bn-i Hacer, <i>el-Met\u00e2lib\u00fc\u2019l-\u00e2liye,<\/i> II, 291; \u0130bn-i Eb\u00ee \u015eeybe, <i>M\u00fcsned<\/i>, I, 33; B\u00fbs\u00eer\u00ee, <i>\u0130th\u00e2f<\/i>, I, 338)<\/p>\n<p align=\"center\">*<\/p>\n<p style=\"text-align: justify;\">\u0130bn-i Abb\u00e2s (r.a)\u2019dan riv\u00e2yet edildi\u011fine g\u00f6re Nebiyy-i Ekrem Efendimiz (s.a.v) s\u00fct i\u00e7tikten sonra a\u011fz\u0131n\u0131 \u00e7alkalad\u0131 ve: <i>\u201cBu ya\u011fl\u0131d\u0131r.\u201d<\/i> buyurdu. (Buh\u00e2r\u00ee, Vud\u00fb\u2019, 52)<\/p>\n<p>&nbsp;<\/p>\n","protected":false},"excerpt":{"rendered":"<p>Yemekten Sonra A\u011fz\u0131 Temizlemek from ilamtv on Vimeo. Yemekten Sonra A\u011fz\u0131 Temizlemek S\u00fcveyd bin N\u00fbman (r.a) \u015f\u00f6yle anlat\u0131r: \u201cHayber senesinde Ras\u00fblullah (s.a.v) Efendimiz ile birlikte (sefere) \u00e7\u0131km\u0131\u015ft\u0131k. Sahb\u00e2\u2019ya var\u0131nca (ki&hellip; <\/p>\n","protected":false},"author":2,"featured_media":0,"comment_status":"closed","ping_status":"closed","sticky":false,"template":"","format":"standard","meta":{"jetpack_post_was_ever_published":false,"_jetpack_newsletter_access":"","_jetpack_dont_email_post_to_subs":false,"_jetpack_newsletter_tier_id":0,"_jetpack_memberships_contains_paywalled_content":false,"_jetpack_memberships_contains_paid_content":false,"footnotes":"","jetpack_publicize_message":"","jetpack_publicize_feature_enabled":true,"jetpack_social_post_already_shared":true,"jetpack_social_options":{"image_generator_settings":{"template":"highway","default_image_id":0,"enabled":false},"version":2}},"categories":[308],"tags":[],"class_list":["post-9477","post","type-post","status-publish","format-standard","hentry","category-buharidenhadisiserifler"],"jetpack_publicize_connections":[],"jetpack_featured_media_url":"","jetpack_sharing_enabled":true,"jetpack_shortlink":"https:\/\/wp.me\/p3G27m-2sR","jetpack_likes_enabled":true,"_links":{"self":[{"href":"https:\/\/www.kuranvesunnetyolunda.com\/index.php?rest_route=\/wp\/v2\/posts\/9477","targetHints":{"allow":["GET"]}}],"collection":[{"href":"https:\/\/www.kuranvesunnetyolunda.com\/index.php?rest_route=\/wp\/v2\/posts"}],"about":[{"href":"https:\/\/www.kuranvesunnetyolunda.com\/index.php?rest_route=\/wp\/v2\/types\/post"}],"author":[{"embeddable":true,"href":"https:\/\/www.kuranvesunnetyolunda.com\/index.php?rest_route=\/wp\/v2\/users\/2"}],"replies":[{"embeddable":true,"href":"https:\/\/www.kuranvesunnetyolunda.com\/index.php?rest_route=%2Fwp%2Fv2%2Fcomments&post=9477"}],"version-history":[{"count":2,"href":"https:\/\/www.kuranvesunnetyolunda.com\/index.php?rest_route=\/wp\/v2\/posts\/9477\/revisions"}],"predecessor-version":[{"id":9479,"href":"https:\/\/www.kuranvesunnetyolunda.com\/index.php?rest_route=\/wp\/v2\/posts\/9477\/revisions\/9479"}],"wp:attachment":[{"href":"https:\/\/www.kuranvesunnetyolunda.com\/index.php?rest_route=%2Fwp%2Fv2%2Fmedia&parent=9477"}],"wp:term":[{"taxonomy":"category","embeddable":true,"href":"https:\/\/www.kuranvesunnetyolunda.com\/index.php?rest_route=%2Fwp%2Fv2%2Fcategories&post=9477"},{"taxonomy":"post_tag","embeddable":true,"href":"https:\/\/www.kuranvesunnetyolunda.com\/index.php?rest_route=%2Fwp%2Fv2%2Ftags&post=9477"}],"curies":[{"name":"wp","href":"https:\/\/api.w.org\/{rel}","templated":true}]}}